{"id":96380,"date":"2026-06-08T17:13:47","date_gmt":"2026-06-08T15:13:47","guid":{"rendered":"https:\/\/jcarchitect.com\/?p=96380"},"modified":"2026-06-08T17:13:47","modified_gmt":"2026-06-08T15:13:47","slug":"quando-una-citta-diventa-piu-di-una-citta","status":"publish","type":"post","link":"https:\/\/jcarchitect.com\/it\/quando-una-citta-diventa-piu-di-una-citta\/","title":{"rendered":"Quando una citt\u00e0 diventa pi\u00f9 di una citt\u00e0"},"content":{"rendered":"<h1>Quando una citt\u00e0 diventa pi\u00f9 di una citt\u00e0<\/h1>\n<p>In questi giorni, Barcellona accoglie la visita di Papa Leone XIV. I media parlano di sicurezza, traffico e un\u2019agenda istituzionale intensa. Ma forse il significato pi\u00f9 profondo di questa visita non \u00e8 ci\u00f2 che accade nelle strade, ma ci\u00f2 che ci invita a osservare sulla citt\u00e0 stessa.<\/p>\n<p>Ci sono luoghi che si visitano. E luoghi che si abitano.<\/p>\n<p>Barcellona appartiene alla seconda categoria.<\/p>\n<p>La visita del Papa coincide con il centenario della morte di Antoni Gaud\u00ed e con un momento molto speciale per la Sagrada Fam\u00edlia, un\u2019opera in costruzione da oltre 140 anni che continua a ispirare milioni di persone in tutto il mondo.<\/p>\n<p>Oltre alla sua dimensione religiosa, questa visita ci ricorda una cosa essenziale: gli spazi hanno un\u2019anima.<\/p>\n<p>Gaud\u00ed non ha mai progettato edifici per impressionare. Ha progettato luoghi per elevare l\u2019esperienza umana, dove luce, natura, bellezza e spiritualit\u00e0 convivono in armonia.<\/p>\n<p>Forse \u00e8 per questo che la sua opera continua a emozionare pi\u00f9 di un secolo dopo.<\/p>\n<p>In JC Architect crediamo che una casa possa essere molto pi\u00f9 di metri quadrati, orientamento o posizione. Una casa pu\u00f2 diventare il palcoscenico di una trasformazione personale. Pu\u00f2 essere rifugio, ispirazione, connessione o persino l\u2019inizio di un nuovo capitolo.<\/p>\n<p>Per questo non ci consideriamo solo intermediari immobiliari. Accompagniamo scelte di vita.<\/p>\n<p>La visita del Papa riporta Barcellona sotto i riflettori internazionali. Ma chi vive qui sa che il vero valore della citt\u00e0 non si trova solo nei suoi monumenti.<\/p>\n<p>\u00c8 nei suoi quartieri ricchi di storia.<\/p>\n<p>Nelle viste sul Mediterraneo che ricordano l\u2019immensit\u00e0.<\/p>\n<p>Nelle montagne che abbracciano la citt\u00e0.<\/p>\n<p>Nelle case moderniste che custodiscono la memoria delle generazioni.<\/p>\n<p>E anche nelle abitazioni contemporanee dove ogni famiglia scrive la propria storia.<\/p>\n<p>Abitare con senso significa proprio questo: scegliere consapevolmente gli spazi che accompagnano la nostra vita.<\/p>\n<p>Perch\u00e9 una casa non \u00e8 solo dove viviamo.<\/p>\n<p>\u00c8 dove sogniamo.<\/p>\n<p>Dove riposiamo.<\/p>\n<p>Dove cresciamo.<\/p>\n<p>Dove ci trasformiamo.<\/p>\n<p>Forse questo \u00e8 l\u2019eredit\u00e0 pi\u00f9 attuale di Gaud\u00ed, e il messaggio che risuona dietro questa visita storica: la bellezza ha il potere di elevarci.<\/p>\n<p>E i luoghi che abitiamo fanno parte di questo percorso.<\/p>\n","protected":false},"excerpt":{"rendered":"<p>Quando una citt\u00e0 diventa pi\u00f9 di una citt\u00e0 In questi giorni, Barcellona accoglie la visita di Papa Leone XIV. I media parlano di sicurezza, traffico e un\u2019agenda istituzionale intensa. Ma forse il significato pi\u00f9 profondo di questa visita non \u00e8 ci\u00f2 che accade nelle strade, ma ci\u00f2 che ci invita a osservare sulla citt\u00e0 stessa. [&hellip;]<\/p>\n","protected":false},"author":2,"featured_media":96379,"comment_status":"closed","ping_status":"closed","sticky":false,"template":"","format":"standard","meta":{"footnotes":""},"categories":[78],"tags":[804,1317,1544,1559,1540,1550,1546,687,1547,1555,1541,1557,1553,1543,1549,1552,1562,1315,1561,1551,1539,1542,1554,1548,1115,1560,1558,1556,1545],"yoast_head":"<!-- This site is optimized with the Yoast SEO plugin v22.6 - https:\/\/yoast.com\/wordpress\/plugins\/seo\/ -->\n<title>Quando una citt\u00e0 diventa pi\u00f9 di una citt\u00e0 - JC Architect<\/title>\n<meta name=\"description\" content=\"La visita di Papa Leone XIV a Barcellona invita a riflettere sull\u2019eredit\u00e0 di Gaud\u00ed, la bellezza della citt\u00e0 e l\u2019importanza di abitare con senso.\" \/>\n<meta name=\"robots\" content=\"index, follow, max-snippet:-1, max-image-preview:large, max-video-preview:-1\" \/>\n<link rel=\"canonical\" href=\"https:\/\/jcarchitect.com\/it\/quando-una-citta-diventa-piu-di-una-citta\/\" \/>\n<meta property=\"og:locale\" content=\"it_IT\" \/>\n<meta property=\"og:type\" content=\"article\" \/>\n<meta property=\"og:title\" content=\"Quando una citt\u00e0 diventa pi\u00f9 di una citt\u00e0 - JC Architect\" \/>\n<meta property=\"og:description\" content=\"La visita di Papa Leone XIV a Barcellona invita a riflettere sull\u2019eredit\u00e0 di Gaud\u00ed, la bellezza della citt\u00e0 e l\u2019importanza di abitare con senso.\" \/>\n<meta property=\"og:url\" content=\"https:\/\/jcarchitect.com\/it\/quando-una-citta-diventa-piu-di-una-citta\/\" \/>\n<meta property=\"og:site_name\" content=\"JC Architect\" \/>\n<meta property=\"article:published_time\" content=\"2026-06-08T15:13:47+00:00\" \/>\n<meta property=\"og:image\" content=\"https:\/\/jcarchitect.com\/jcarchitect\/wp-content\/uploads\/ben_kerckx-barcelona-1629561_1920.jpg\" \/>\n\t<meta property=\"og:image:width\" content=\"1919\" \/>\n\t<meta property=\"og:image:height\" content=\"1920\" \/>\n\t<meta property=\"og:image:type\" content=\"image\/jpeg\" \/>\n<meta name=\"author\" content=\"Jorge Camprecios\" \/>\n<meta name=\"twitter:card\" content=\"summary_large_image\" \/>\n<meta name=\"twitter:label1\" content=\"Scritto da\" \/>\n\t<meta name=\"twitter:data1\" content=\"Jorge Camprecios\" \/>\n\t<meta name=\"twitter:label2\" content=\"Tempo di lettura stimato\" \/>\n\t<meta name=\"twitter:data2\" content=\"2 minuti\" \/>\n<script type=\"application\/ld+json\" class=\"yoast-schema-graph\">{\"@context\":\"https:\/\/schema.org\",\"@graph\":[{\"@type\":\"Article\",\"@id\":\"https:\/\/jcarchitect.com\/it\/quando-una-citta-diventa-piu-di-una-citta\/#article\",\"isPartOf\":{\"@id\":\"https:\/\/jcarchitect.com\/it\/quando-una-citta-diventa-piu-di-una-citta\/\"},\"author\":{\"name\":\"Jorge Camprecios\",\"@id\":\"https:\/\/jcarchitect.com\/it\/#\/schema\/person\/20907e3bb26e939ac9590141e116d16b\"},\"headline\":\"Quando una citt\u00e0 diventa pi\u00f9 di una citt\u00e0\",\"datePublished\":\"2026-06-08T15:13:47+00:00\",\"dateModified\":\"2026-06-08T15:13:47+00:00\",\"mainEntityOfPage\":{\"@id\":\"https:\/\/jcarchitect.com\/it\/quando-una-citta-diventa-piu-di-una-citta\/\"},\"wordCount\":364,\"publisher\":{\"@id\":\"https:\/\/jcarchitect.com\/it\/#organization\"},\"image\":{\"@id\":\"https:\/\/jcarchitect.com\/it\/quando-una-citta-diventa-piu-di-una-citta\/#primaryimage\"},\"thumbnailUrl\":\"https:\/\/jcarchitect.com\/jcarchitect\/wp-content\/uploads\/ben_kerckx-barcelona-1629561_1920.jpg\",\"keywords\":[\"#Barcellona\",\"Abitare con Senso\",\"abitazioni con senso\",\"Antoni Gaud\u00ed\",\"architettura Barcellona\",\"architettura e spiritualit\u00e0\",\"architettura modernista\",\"Architettura sostenibile\",\"benessere domestico\",\"casa e benessere\",\"case con anima\",\"case storiche\",\"case uniche\",\"design consapevole\",\"eredit\u00e0 di Gaud\u00ed\",\"immobiliare Barcellona\",\"interior design\",\"investimento immobiliare Barcellona\",\"JC Architect\",\"lifestyle Barcellona\",\"Papa Leone XIV\",\"patrimonio architettonico\",\"patrimonio culturale Barcellona\",\"propriet\u00e0 di lusso\",\"qualit\u00e0 della vita\",\"Sagrada Familia\",\"stile di vita Barcellona\",\"trasformazione personale\",\"vivere a Barcellona\"],\"articleSection\":[\"Non categorizzato\"],\"inLanguage\":\"it-IT\"},{\"@type\":\"WebPage\",\"@id\":\"https:\/\/jcarchitect.com\/it\/quando-una-citta-diventa-piu-di-una-citta\/\",\"url\":\"https:\/\/jcarchitect.com\/it\/quando-una-citta-diventa-piu-di-una-citta\/\",\"name\":\"Quando una citt\u00e0 diventa pi\u00f9 di una citt\u00e0 - JC Architect\",\"isPartOf\":{\"@id\":\"https:\/\/jcarchitect.com\/it\/#website\"},\"primaryImageOfPage\":{\"@id\":\"https:\/\/jcarchitect.com\/it\/quando-una-citta-diventa-piu-di-una-citta\/#primaryimage\"},\"image\":{\"@id\":\"https:\/\/jcarchitect.com\/it\/quando-una-citta-diventa-piu-di-una-citta\/#primaryimage\"},\"thumbnailUrl\":\"https:\/\/jcarchitect.com\/jcarchitect\/wp-content\/uploads\/ben_kerckx-barcelona-1629561_1920.jpg\",\"datePublished\":\"2026-06-08T15:13:47+00:00\",\"dateModified\":\"2026-06-08T15:13:47+00:00\",\"description\":\"La visita di Papa Leone XIV a Barcellona invita a riflettere sull\u2019eredit\u00e0 di Gaud\u00ed, la bellezza della citt\u00e0 e l\u2019importanza di abitare con senso.\",\"breadcrumb\":{\"@id\":\"https:\/\/jcarchitect.com\/it\/quando-una-citta-diventa-piu-di-una-citta\/#breadcrumb\"},\"inLanguage\":\"it-IT\",\"potentialAction\":[{\"@type\":\"ReadAction\",\"target\":[\"https:\/\/jcarchitect.com\/it\/quando-una-citta-diventa-piu-di-una-citta\/\"]}]},{\"@type\":\"ImageObject\",\"inLanguage\":\"it-IT\",\"@id\":\"https:\/\/jcarchitect.com\/it\/quando-una-citta-diventa-piu-di-una-citta\/#primaryimage\",\"url\":\"https:\/\/jcarchitect.com\/jcarchitect\/wp-content\/uploads\/ben_kerckx-barcelona-1629561_1920.jpg\",\"contentUrl\":\"https:\/\/jcarchitect.com\/jcarchitect\/wp-content\/uploads\/ben_kerckx-barcelona-1629561_1920.jpg\",\"width\":1919,\"height\":1920},{\"@type\":\"BreadcrumbList\",\"@id\":\"https:\/\/jcarchitect.com\/it\/quando-una-citta-diventa-piu-di-una-citta\/#breadcrumb\",\"itemListElement\":[{\"@type\":\"ListItem\",\"position\":1,\"name\":\"Home\",\"item\":\"https:\/\/jcarchitect.com\/it\/\"},{\"@type\":\"ListItem\",\"position\":2,\"name\":\"Quando una citt\u00e0 diventa pi\u00f9 di una citt\u00e0\"}]},{\"@type\":\"WebSite\",\"@id\":\"https:\/\/jcarchitect.com\/it\/#website\",\"url\":\"https:\/\/jcarchitect.com\/it\/\",\"name\":\"JC Architect\",\"description\":\"Real Estate consultancy Barcelona\",\"publisher\":{\"@id\":\"https:\/\/jcarchitect.com\/it\/#organization\"},\"potentialAction\":[{\"@type\":\"SearchAction\",\"target\":{\"@type\":\"EntryPoint\",\"urlTemplate\":\"https:\/\/jcarchitect.com\/it\/?s={search_term_string}\"},\"query-input\":\"required name=search_term_string\"}],\"inLanguage\":\"it-IT\"},{\"@type\":\"Organization\",\"@id\":\"https:\/\/jcarchitect.com\/it\/#organization\",\"name\":\"JC Architect\",\"url\":\"https:\/\/jcarchitect.com\/it\/\",\"logo\":{\"@type\":\"ImageObject\",\"inLanguage\":\"it-IT\",\"@id\":\"https:\/\/jcarchitect.com\/it\/#\/schema\/logo\/image\/\",\"url\":\"https:\/\/jcarchitect.com\/jcarchitect\/wp-content\/uploads\/favicon-bg.png\",\"contentUrl\":\"https:\/\/jcarchitect.com\/jcarchitect\/wp-content\/uploads\/favicon-bg.png\",\"width\":144,\"height\":144,\"caption\":\"JC Architect\"},\"image\":{\"@id\":\"https:\/\/jcarchitect.com\/it\/#\/schema\/logo\/image\/\"}},{\"@type\":\"Person\",\"@id\":\"https:\/\/jcarchitect.com\/it\/#\/schema\/person\/20907e3bb26e939ac9590141e116d16b\",\"name\":\"Jorge Camprecios\",\"image\":{\"@type\":\"ImageObject\",\"inLanguage\":\"it-IT\",\"@id\":\"https:\/\/jcarchitect.com\/it\/#\/schema\/person\/image\/\",\"url\":\"https:\/\/secure.gravatar.com\/avatar\/735d2ecd70608d792216ff82149b74fd?s=96&d=mm&r=g\",\"contentUrl\":\"https:\/\/secure.gravatar.com\/avatar\/735d2ecd70608d792216ff82149b74fd?s=96&d=mm&r=g\",\"caption\":\"Jorge Camprecios\"}}]}<\/script>\n<!-- \/ Yoast SEO plugin. -->","yoast_head_json":{"title":"Quando una citt\u00e0 diventa pi\u00f9 di una citt\u00e0 - JC Architect","description":"La visita di Papa Leone XIV a Barcellona invita a riflettere sull\u2019eredit\u00e0 di Gaud\u00ed, la bellezza della citt\u00e0 e l\u2019importanza di abitare con senso.","robots":{"index":"index","follow":"follow","max-snippet":"max-snippet:-1","max-image-preview":"max-image-preview:large","max-video-preview":"max-video-preview:-1"},"canonical":"https:\/\/jcarchitect.com\/it\/quando-una-citta-diventa-piu-di-una-citta\/","og_locale":"it_IT","og_type":"article","og_title":"Quando una citt\u00e0 diventa pi\u00f9 di una citt\u00e0 - JC Architect","og_description":"La visita di Papa Leone XIV a Barcellona invita a riflettere sull\u2019eredit\u00e0 di Gaud\u00ed, la bellezza della citt\u00e0 e l\u2019importanza di abitare con senso.","og_url":"https:\/\/jcarchitect.com\/it\/quando-una-citta-diventa-piu-di-una-citta\/","og_site_name":"JC Architect","article_published_time":"2026-06-08T15:13:47+00:00","og_image":[{"width":1919,"height":1920,"url":"https:\/\/jcarchitect.com\/jcarchitect\/wp-content\/uploads\/ben_kerckx-barcelona-1629561_1920.jpg","type":"image\/jpeg"}],"author":"Jorge Camprecios","twitter_card":"summary_large_image","twitter_misc":{"Scritto da":"Jorge Camprecios","Tempo di lettura stimato":"2 minuti"},"schema":{"@context":"https:\/\/schema.org","@graph":[{"@type":"Article","@id":"https:\/\/jcarchitect.com\/it\/quando-una-citta-diventa-piu-di-una-citta\/#article","isPartOf":{"@id":"https:\/\/jcarchitect.com\/it\/quando-una-citta-diventa-piu-di-una-citta\/"},"author":{"name":"Jorge Camprecios","@id":"https:\/\/jcarchitect.com\/it\/#\/schema\/person\/20907e3bb26e939ac9590141e116d16b"},"headline":"Quando una citt\u00e0 diventa pi\u00f9 di una citt\u00e0","datePublished":"2026-06-08T15:13:47+00:00","dateModified":"2026-06-08T15:13:47+00:00","mainEntityOfPage":{"@id":"https:\/\/jcarchitect.com\/it\/quando-una-citta-diventa-piu-di-una-citta\/"},"wordCount":364,"publisher":{"@id":"https:\/\/jcarchitect.com\/it\/#organization"},"image":{"@id":"https:\/\/jcarchitect.com\/it\/quando-una-citta-diventa-piu-di-una-citta\/#primaryimage"},"thumbnailUrl":"https:\/\/jcarchitect.com\/jcarchitect\/wp-content\/uploads\/ben_kerckx-barcelona-1629561_1920.jpg","keywords":["#Barcellona","Abitare con Senso","abitazioni con senso","Antoni Gaud\u00ed","architettura Barcellona","architettura e spiritualit\u00e0","architettura modernista","Architettura sostenibile","benessere domestico","casa e benessere","case con anima","case storiche","case uniche","design consapevole","eredit\u00e0 di Gaud\u00ed","immobiliare Barcellona","interior design","investimento immobiliare Barcellona","JC Architect","lifestyle Barcellona","Papa Leone XIV","patrimonio architettonico","patrimonio culturale Barcellona","propriet\u00e0 di lusso","qualit\u00e0 della vita","Sagrada Familia","stile di vita Barcellona","trasformazione personale","vivere a Barcellona"],"articleSection":["Non categorizzato"],"inLanguage":"it-IT"},{"@type":"WebPage","@id":"https:\/\/jcarchitect.com\/it\/quando-una-citta-diventa-piu-di-una-citta\/","url":"https:\/\/jcarchitect.com\/it\/quando-una-citta-diventa-piu-di-una-citta\/","name":"Quando una citt\u00e0 diventa pi\u00f9 di una citt\u00e0 - JC Architect","isPartOf":{"@id":"https:\/\/jcarchitect.com\/it\/#website"},"primaryImageOfPage":{"@id":"https:\/\/jcarchitect.com\/it\/quando-una-citta-diventa-piu-di-una-citta\/#primaryimage"},"image":{"@id":"https:\/\/jcarchitect.com\/it\/quando-una-citta-diventa-piu-di-una-citta\/#primaryimage"},"thumbnailUrl":"https:\/\/jcarchitect.com\/jcarchitect\/wp-content\/uploads\/ben_kerckx-barcelona-1629561_1920.jpg","datePublished":"2026-06-08T15:13:47+00:00","dateModified":"2026-06-08T15:13:47+00:00","description":"La visita di Papa Leone XIV a Barcellona invita a riflettere sull\u2019eredit\u00e0 di Gaud\u00ed, la bellezza della citt\u00e0 e l\u2019importanza di abitare con senso.","breadcrumb":{"@id":"https:\/\/jcarchitect.com\/it\/quando-una-citta-diventa-piu-di-una-citta\/#breadcrumb"},"inLanguage":"it-IT","potentialAction":[{"@type":"ReadAction","target":["https:\/\/jcarchitect.com\/it\/quando-una-citta-diventa-piu-di-una-citta\/"]}]},{"@type":"ImageObject","inLanguage":"it-IT","@id":"https:\/\/jcarchitect.com\/it\/quando-una-citta-diventa-piu-di-una-citta\/#primaryimage","url":"https:\/\/jcarchitect.com\/jcarchitect\/wp-content\/uploads\/ben_kerckx-barcelona-1629561_1920.jpg","contentUrl":"https:\/\/jcarchitect.com\/jcarchitect\/wp-content\/uploads\/ben_kerckx-barcelona-1629561_1920.jpg","width":1919,"height":1920},{"@type":"BreadcrumbList","@id":"https:\/\/jcarchitect.com\/it\/quando-una-citta-diventa-piu-di-una-citta\/#breadcrumb","itemListElement":[{"@type":"ListItem","position":1,"name":"Home","item":"https:\/\/jcarchitect.com\/it\/"},{"@type":"ListItem","position":2,"name":"Quando una citt\u00e0 diventa pi\u00f9 di una citt\u00e0"}]},{"@type":"WebSite","@id":"https:\/\/jcarchitect.com\/it\/#website","url":"https:\/\/jcarchitect.com\/it\/","name":"JC Architect","description":"Real Estate consultancy Barcelona","publisher":{"@id":"https:\/\/jcarchitect.com\/it\/#organization"},"potentialAction":[{"@type":"SearchAction","target":{"@type":"EntryPoint","urlTemplate":"https:\/\/jcarchitect.com\/it\/?s={search_term_string}"},"query-input":"required name=search_term_string"}],"inLanguage":"it-IT"},{"@type":"Organization","@id":"https:\/\/jcarchitect.com\/it\/#organization","name":"JC Architect","url":"https:\/\/jcarchitect.com\/it\/","logo":{"@type":"ImageObject","inLanguage":"it-IT","@id":"https:\/\/jcarchitect.com\/it\/#\/schema\/logo\/image\/","url":"https:\/\/jcarchitect.com\/jcarchitect\/wp-content\/uploads\/favicon-bg.png","contentUrl":"https:\/\/jcarchitect.com\/jcarchitect\/wp-content\/uploads\/favicon-bg.png","width":144,"height":144,"caption":"JC Architect"},"image":{"@id":"https:\/\/jcarchitect.com\/it\/#\/schema\/logo\/image\/"}},{"@type":"Person","@id":"https:\/\/jcarchitect.com\/it\/#\/schema\/person\/20907e3bb26e939ac9590141e116d16b","name":"Jorge Camprecios","image":{"@type":"ImageObject","inLanguage":"it-IT","@id":"https:\/\/jcarchitect.com\/it\/#\/schema\/person\/image\/","url":"https:\/\/secure.gravatar.com\/avatar\/735d2ecd70608d792216ff82149b74fd?s=96&d=mm&r=g","contentUrl":"https:\/\/secure.gravatar.com\/avatar\/735d2ecd70608d792216ff82149b74fd?s=96&d=mm&r=g","caption":"Jorge Camprecios"}}]}},"_links":{"self":[{"href":"https:\/\/jcarchitect.com\/it\/wp-json\/wp\/v2\/posts\/96380"}],"collection":[{"href":"https:\/\/jcarchitect.com\/it\/wp-json\/wp\/v2\/posts"}],"about":[{"href":"https:\/\/jcarchitect.com\/it\/wp-json\/wp\/v2\/types\/post"}],"author":[{"embeddable":true,"href":"https:\/\/jcarchitect.com\/it\/wp-json\/wp\/v2\/users\/2"}],"replies":[{"embeddable":true,"href":"https:\/\/jcarchitect.com\/it\/wp-json\/wp\/v2\/comments?post=96380"}],"version-history":[{"count":1,"href":"https:\/\/jcarchitect.com\/it\/wp-json\/wp\/v2\/posts\/96380\/revisions"}],"predecessor-version":[{"id":96381,"href":"https:\/\/jcarchitect.com\/it\/wp-json\/wp\/v2\/posts\/96380\/revisions\/96381"}],"wp:featuredmedia":[{"embeddable":true,"href":"https:\/\/jcarchitect.com\/it\/wp-json\/wp\/v2\/media\/96379"}],"wp:attachment":[{"href":"https:\/\/jcarchitect.com\/it\/wp-json\/wp\/v2\/media?parent=96380"}],"wp:term":[{"taxonomy":"category","embeddable":true,"href":"https:\/\/jcarchitect.com\/it\/wp-json\/wp\/v2\/categories?post=96380"},{"taxonomy":"post_tag","embeddable":true,"href":"https:\/\/jcarchitect.com\/it\/wp-json\/wp\/v2\/tags?post=96380"}],"curies":[{"name":"wp","href":"https:\/\/api.w.org\/{rel}","templated":true}]}}