{"id":63157,"date":"2023-05-01T12:19:35","date_gmt":"2023-05-01T10:19:35","guid":{"rendered":"https:\/\/jcarchitect.com\/?p=63157"},"modified":"2023-05-01T12:20:40","modified_gmt":"2023-05-01T10:20:40","slug":"stereotipi-sulla-nazionalita-nel-mercato-immobiliare","status":"publish","type":"post","link":"https:\/\/jcarchitect.com\/it\/stereotipi-sulla-nazionalita-nel-mercato-immobiliare\/","title":{"rendered":"Stereotipi sulla nazionalit\u00e0 nel mercato immobiliare"},"content":{"rendered":"<p>&nbsp;<\/p>\n<p>La Spagna non \u00e8 solo una destinazione turistica, ma anche un luogo di residenza, soprattutto per le persone di qualsiasi nazionalit\u00e0 che scelgono il nostro Paese per andare in pensione, per avere la loro seconda casa o per vivere stabilmente con la loro famiglia. Per questo motivo, abbiamo un'alta percentuale di acquirenti stranieri. Infatti, l'80% delle nostre transazioni sono effettuate con clienti stranieri.<\/p>\n<p>Pertanto, questo fattore deve essere tenuto in considerazione quando si tratta con il cliente. In realt\u00e0, siamo tutti diversi, ma allo stesso tempo tutti uguali. In altre parole, possiamo essere diversi per lingua, cultura, costumi, fisionomia, fisico, ma siamo uniti dagli stessi sentimenti e sensazioni. Il rispetto e l'educazione devono sempre prevalere.<\/p>\n<p>Tuttavia, \u00e8 molto utile conoscere l'origine del nostro cliente e le sue abitudini. Per cominciare, la conoscenza della lingua del nostro cliente ci permetter\u00e0 di avere un rapporto pi\u00f9 stretto con lui e, se non parliamo la sua lingua, almeno di avere una lingua comune che ci permetta di capirci. In generale, questa lingua \u00e8 l'inglese, anche se non tutti lo parlano.<\/p>\n<p>E s\u00ec, molti stereotipi sono veri. E pi\u00f9 questi stereotipi sono conosciuti, meglio \u00e8. A maggior ragione se si tratta di stereotipi legati al prodotto con cui abbiamo a che fare, e non di stereotipi generici di ogni nazionalit\u00e0. Insomma, oltre a conoscere la cultura dei nostri clienti, \u00e8 molto importante sapere cosa possiamo offrire loro e cosa \u00e8 meglio non offrire. Partiamo dal presupposto, per esempio, che in un primo incontro con una donna straniera non possiamo baciarla due volte, o che non possiamo approcciare un cliente parlando direttamente di affari. Pertanto, la cosa pi\u00f9 importante \u00e8 essere sempre cauti, discreti e, soprattutto, molto pazienti.<\/p>\n<p>A parte le differenze culturali, affrontiamo gli aspetti legati al nostro lavoro, e quale modo migliore per farlo se non con alcuni esempi. Per farlo, definiremo le preferenze e i rifiuti di alcuni prodotti in base alla nazionalit\u00e0 dei nostri clienti osservati finora.<\/p>\n<p>Gli italiani, ad esempio, apprezzano un bagno con ventilazione verso l'esterno, e se l'edificio ha una certa storia, tanto meglio. Un asiatico difficilmente acquister\u00e0 in un edificio con il numero 4, n\u00e9 in uno che si trova alla fine di una strada, perpendicolare alla direzione del traffico. Un francese cercher\u00e0 probabilmente la funzionalit\u00e0 dell'immobile e la possibilit\u00e0 di rimetterlo sul mercato. Un nordeuropeo cercher\u00e0 l'orientamento, la massima luminosit\u00e0 e sar\u00e0 molto razionale nella scelta. Un nordamericano cercher\u00e0 generalmente la posizione migliore. Un sudamericano cercher\u00e0 il ritorno sull'investimento e un valore sicuro contro la volatilit\u00e0 della propria valuta. Un cliente mediorientale vorr\u00e0 conoscerci molto bene prima di acquistare tramite noi. Un europeo dell'Est tender\u00e0 a comprare dove altri come lui hanno comprato.<\/p>\n<p>Ma tutti i nostri clienti apprezzano sempre, prima di ogni altra cosa, il trattamento e la disponibilit\u00e0 ad assisterli nella loro scelta.<\/p>\n","protected":false},"excerpt":{"rendered":"<p>&nbsp; La Spagna non \u00e8 solo una destinazione turistica, ma anche un luogo di residenza, soprattutto per le persone di qualsiasi nazionalit\u00e0 che scelgono il nostro Paese per andare in pensione, per avere la loro seconda casa o per vivere stabilmente con la loro famiglia. Per questo motivo, abbiamo un'alta percentuale di acquirenti stranieri. Infatti, [&hellip;]<\/p>\n","protected":false},"author":2,"featured_media":63155,"comment_status":"closed","ping_status":"closed","sticky":false,"template":"","format":"standard","meta":{"footnotes":""},"categories":[78],"tags":[],"yoast_head":"<!-- This site is optimized with the Yoast SEO plugin v22.6 - https:\/\/yoast.com\/wordpress\/plugins\/seo\/ -->\n<title>Stereotipi sulla nazionalit\u00e0 nel mercato immobiliare - JC Architect<\/title>\n<meta name=\"robots\" content=\"index, follow, max-snippet:-1, max-image-preview:large, max-video-preview:-1\" \/>\n<link rel=\"canonical\" href=\"https:\/\/jcarchitect.com\/it\/stereotipi-sulla-nazionalita-nel-mercato-immobiliare\/\" \/>\n<meta property=\"og:locale\" content=\"it_IT\" \/>\n<meta property=\"og:type\" content=\"article\" \/>\n<meta property=\"og:title\" content=\"Stereotipi sulla nazionalit\u00e0 nel mercato immobiliare - JC Architect\" \/>\n<meta property=\"og:description\" content=\"&nbsp; La Spagna non \u00e8 solo una destinazione turistica, ma anche un luogo di residenza, soprattutto per le persone di qualsiasi nazionalit\u00e0 che scelgono il nostro Paese per andare in pensione, per avere la loro seconda casa o per vivere stabilmente con la loro famiglia. Per questo motivo, abbiamo un&#039;alta percentuale di acquirenti stranieri. Infatti, [&hellip;]\" \/>\n<meta property=\"og:url\" content=\"https:\/\/jcarchitect.com\/it\/stereotipi-sulla-nazionalita-nel-mercato-immobiliare\/\" \/>\n<meta property=\"og:site_name\" content=\"JC Architect\" \/>\n<meta property=\"article:published_time\" content=\"2023-05-01T10:19:35+00:00\" \/>\n<meta property=\"article:modified_time\" content=\"2023-05-01T10:20:40+00:00\" \/>\n<meta property=\"og:image\" content=\"https:\/\/jcarchitect.com\/jcarchitect\/wp-content\/uploads\/bolivia-2494518_960_720.jpg\" \/>\n\t<meta property=\"og:image:width\" content=\"1280\" \/>\n\t<meta property=\"og:image:height\" content=\"720\" \/>\n\t<meta property=\"og:image:type\" content=\"image\/jpeg\" \/>\n<meta name=\"author\" content=\"Jorge Camprecios\" \/>\n<meta name=\"twitter:card\" content=\"summary_large_image\" \/>\n<meta name=\"twitter:label1\" content=\"Scritto da\" \/>\n\t<meta name=\"twitter:data1\" content=\"Jorge Camprecios\" \/>\n\t<meta name=\"twitter:label2\" content=\"Tempo di lettura stimato\" \/>\n\t<meta name=\"twitter:data2\" content=\"3 minuti\" \/>\n<script type=\"application\/ld+json\" class=\"yoast-schema-graph\">{\"@context\":\"https:\/\/schema.org\",\"@graph\":[{\"@type\":\"Article\",\"@id\":\"https:\/\/jcarchitect.com\/it\/stereotipi-sulla-nazionalita-nel-mercato-immobiliare\/#article\",\"isPartOf\":{\"@id\":\"https:\/\/jcarchitect.com\/it\/stereotipi-sulla-nazionalita-nel-mercato-immobiliare\/\"},\"author\":{\"name\":\"Jorge Camprecios\",\"@id\":\"https:\/\/jcarchitect.com\/it\/#\/schema\/person\/20907e3bb26e939ac9590141e116d16b\"},\"headline\":\"Stereotipi sulla nazionalit\u00e0 nel mercato immobiliare\",\"datePublished\":\"2023-05-01T10:19:35+00:00\",\"dateModified\":\"2023-05-01T10:20:40+00:00\",\"mainEntityOfPage\":{\"@id\":\"https:\/\/jcarchitect.com\/it\/stereotipi-sulla-nazionalita-nel-mercato-immobiliare\/\"},\"wordCount\":478,\"publisher\":{\"@id\":\"https:\/\/jcarchitect.com\/it\/#organization\"},\"image\":{\"@id\":\"https:\/\/jcarchitect.com\/it\/stereotipi-sulla-nazionalita-nel-mercato-immobiliare\/#primaryimage\"},\"thumbnailUrl\":\"https:\/\/jcarchitect.com\/jcarchitect\/wp-content\/uploads\/bolivia-2494518_960_720.jpg\",\"articleSection\":[\"Non categorizzato\"],\"inLanguage\":\"it-IT\"},{\"@type\":\"WebPage\",\"@id\":\"https:\/\/jcarchitect.com\/it\/stereotipi-sulla-nazionalita-nel-mercato-immobiliare\/\",\"url\":\"https:\/\/jcarchitect.com\/it\/stereotipi-sulla-nazionalita-nel-mercato-immobiliare\/\",\"name\":\"Stereotipi sulla nazionalit\u00e0 nel mercato immobiliare - JC Architect\",\"isPartOf\":{\"@id\":\"https:\/\/jcarchitect.com\/it\/#website\"},\"primaryImageOfPage\":{\"@id\":\"https:\/\/jcarchitect.com\/it\/stereotipi-sulla-nazionalita-nel-mercato-immobiliare\/#primaryimage\"},\"image\":{\"@id\":\"https:\/\/jcarchitect.com\/it\/stereotipi-sulla-nazionalita-nel-mercato-immobiliare\/#primaryimage\"},\"thumbnailUrl\":\"https:\/\/jcarchitect.com\/jcarchitect\/wp-content\/uploads\/bolivia-2494518_960_720.jpg\",\"datePublished\":\"2023-05-01T10:19:35+00:00\",\"dateModified\":\"2023-05-01T10:20:40+00:00\",\"breadcrumb\":{\"@id\":\"https:\/\/jcarchitect.com\/it\/stereotipi-sulla-nazionalita-nel-mercato-immobiliare\/#breadcrumb\"},\"inLanguage\":\"it-IT\",\"potentialAction\":[{\"@type\":\"ReadAction\",\"target\":[\"https:\/\/jcarchitect.com\/it\/stereotipi-sulla-nazionalita-nel-mercato-immobiliare\/\"]}]},{\"@type\":\"ImageObject\",\"inLanguage\":\"it-IT\",\"@id\":\"https:\/\/jcarchitect.com\/it\/stereotipi-sulla-nazionalita-nel-mercato-immobiliare\/#primaryimage\",\"url\":\"https:\/\/jcarchitect.com\/jcarchitect\/wp-content\/uploads\/bolivia-2494518_960_720.jpg\",\"contentUrl\":\"https:\/\/jcarchitect.com\/jcarchitect\/wp-content\/uploads\/bolivia-2494518_960_720.jpg\",\"width\":1280,\"height\":720},{\"@type\":\"BreadcrumbList\",\"@id\":\"https:\/\/jcarchitect.com\/it\/stereotipi-sulla-nazionalita-nel-mercato-immobiliare\/#breadcrumb\",\"itemListElement\":[{\"@type\":\"ListItem\",\"position\":1,\"name\":\"Home\",\"item\":\"https:\/\/jcarchitect.com\/it\/\"},{\"@type\":\"ListItem\",\"position\":2,\"name\":\"Stereotipi sulla nazionalit\u00e0 nel mercato immobiliare\"}]},{\"@type\":\"WebSite\",\"@id\":\"https:\/\/jcarchitect.com\/it\/#website\",\"url\":\"https:\/\/jcarchitect.com\/it\/\",\"name\":\"JC Architect\",\"description\":\"Real Estate consultancy Barcelona\",\"publisher\":{\"@id\":\"https:\/\/jcarchitect.com\/it\/#organization\"},\"potentialAction\":[{\"@type\":\"SearchAction\",\"target\":{\"@type\":\"EntryPoint\",\"urlTemplate\":\"https:\/\/jcarchitect.com\/it\/?s={search_term_string}\"},\"query-input\":\"required name=search_term_string\"}],\"inLanguage\":\"it-IT\"},{\"@type\":\"Organization\",\"@id\":\"https:\/\/jcarchitect.com\/it\/#organization\",\"name\":\"JC Architect\",\"url\":\"https:\/\/jcarchitect.com\/it\/\",\"logo\":{\"@type\":\"ImageObject\",\"inLanguage\":\"it-IT\",\"@id\":\"https:\/\/jcarchitect.com\/it\/#\/schema\/logo\/image\/\",\"url\":\"https:\/\/jcarchitect.com\/jcarchitect\/wp-content\/uploads\/favicon-bg.png\",\"contentUrl\":\"https:\/\/jcarchitect.com\/jcarchitect\/wp-content\/uploads\/favicon-bg.png\",\"width\":144,\"height\":144,\"caption\":\"JC Architect\"},\"image\":{\"@id\":\"https:\/\/jcarchitect.com\/it\/#\/schema\/logo\/image\/\"}},{\"@type\":\"Person\",\"@id\":\"https:\/\/jcarchitect.com\/it\/#\/schema\/person\/20907e3bb26e939ac9590141e116d16b\",\"name\":\"Jorge Camprecios\",\"image\":{\"@type\":\"ImageObject\",\"inLanguage\":\"it-IT\",\"@id\":\"https:\/\/jcarchitect.com\/it\/#\/schema\/person\/image\/\",\"url\":\"https:\/\/secure.gravatar.com\/avatar\/735d2ecd70608d792216ff82149b74fd?s=96&d=mm&r=g\",\"contentUrl\":\"https:\/\/secure.gravatar.com\/avatar\/735d2ecd70608d792216ff82149b74fd?s=96&d=mm&r=g\",\"caption\":\"Jorge Camprecios\"}}]}<\/script>\n<!-- \/ Yoast SEO plugin. -->","yoast_head_json":{"title":"Stereotipi sulla nazionalit\u00e0 nel mercato immobiliare - JC Architect","robots":{"index":"index","follow":"follow","max-snippet":"max-snippet:-1","max-image-preview":"max-image-preview:large","max-video-preview":"max-video-preview:-1"},"canonical":"https:\/\/jcarchitect.com\/it\/stereotipi-sulla-nazionalita-nel-mercato-immobiliare\/","og_locale":"it_IT","og_type":"article","og_title":"Stereotipi sulla nazionalit\u00e0 nel mercato immobiliare - JC Architect","og_description":"&nbsp; La Spagna non \u00e8 solo una destinazione turistica, ma anche un luogo di residenza, soprattutto per le persone di qualsiasi nazionalit\u00e0 che scelgono il nostro Paese per andare in pensione, per avere la loro seconda casa o per vivere stabilmente con la loro famiglia. Per questo motivo, abbiamo un'alta percentuale di acquirenti stranieri. Infatti, [&hellip;]","og_url":"https:\/\/jcarchitect.com\/it\/stereotipi-sulla-nazionalita-nel-mercato-immobiliare\/","og_site_name":"JC Architect","article_published_time":"2023-05-01T10:19:35+00:00","article_modified_time":"2023-05-01T10:20:40+00:00","og_image":[{"width":1280,"height":720,"url":"https:\/\/jcarchitect.com\/jcarchitect\/wp-content\/uploads\/bolivia-2494518_960_720.jpg","type":"image\/jpeg"}],"author":"Jorge Camprecios","twitter_card":"summary_large_image","twitter_misc":{"Scritto da":"Jorge Camprecios","Tempo di lettura stimato":"3 minuti"},"schema":{"@context":"https:\/\/schema.org","@graph":[{"@type":"Article","@id":"https:\/\/jcarchitect.com\/it\/stereotipi-sulla-nazionalita-nel-mercato-immobiliare\/#article","isPartOf":{"@id":"https:\/\/jcarchitect.com\/it\/stereotipi-sulla-nazionalita-nel-mercato-immobiliare\/"},"author":{"name":"Jorge Camprecios","@id":"https:\/\/jcarchitect.com\/it\/#\/schema\/person\/20907e3bb26e939ac9590141e116d16b"},"headline":"Stereotipi sulla nazionalit\u00e0 nel mercato immobiliare","datePublished":"2023-05-01T10:19:35+00:00","dateModified":"2023-05-01T10:20:40+00:00","mainEntityOfPage":{"@id":"https:\/\/jcarchitect.com\/it\/stereotipi-sulla-nazionalita-nel-mercato-immobiliare\/"},"wordCount":478,"publisher":{"@id":"https:\/\/jcarchitect.com\/it\/#organization"},"image":{"@id":"https:\/\/jcarchitect.com\/it\/stereotipi-sulla-nazionalita-nel-mercato-immobiliare\/#primaryimage"},"thumbnailUrl":"https:\/\/jcarchitect.com\/jcarchitect\/wp-content\/uploads\/bolivia-2494518_960_720.jpg","articleSection":["Non categorizzato"],"inLanguage":"it-IT"},{"@type":"WebPage","@id":"https:\/\/jcarchitect.com\/it\/stereotipi-sulla-nazionalita-nel-mercato-immobiliare\/","url":"https:\/\/jcarchitect.com\/it\/stereotipi-sulla-nazionalita-nel-mercato-immobiliare\/","name":"Stereotipi sulla nazionalit\u00e0 nel mercato immobiliare - JC Architect","isPartOf":{"@id":"https:\/\/jcarchitect.com\/it\/#website"},"primaryImageOfPage":{"@id":"https:\/\/jcarchitect.com\/it\/stereotipi-sulla-nazionalita-nel-mercato-immobiliare\/#primaryimage"},"image":{"@id":"https:\/\/jcarchitect.com\/it\/stereotipi-sulla-nazionalita-nel-mercato-immobiliare\/#primaryimage"},"thumbnailUrl":"https:\/\/jcarchitect.com\/jcarchitect\/wp-content\/uploads\/bolivia-2494518_960_720.jpg","datePublished":"2023-05-01T10:19:35+00:00","dateModified":"2023-05-01T10:20:40+00:00","breadcrumb":{"@id":"https:\/\/jcarchitect.com\/it\/stereotipi-sulla-nazionalita-nel-mercato-immobiliare\/#breadcrumb"},"inLanguage":"it-IT","potentialAction":[{"@type":"ReadAction","target":["https:\/\/jcarchitect.com\/it\/stereotipi-sulla-nazionalita-nel-mercato-immobiliare\/"]}]},{"@type":"ImageObject","inLanguage":"it-IT","@id":"https:\/\/jcarchitect.com\/it\/stereotipi-sulla-nazionalita-nel-mercato-immobiliare\/#primaryimage","url":"https:\/\/jcarchitect.com\/jcarchitect\/wp-content\/uploads\/bolivia-2494518_960_720.jpg","contentUrl":"https:\/\/jcarchitect.com\/jcarchitect\/wp-content\/uploads\/bolivia-2494518_960_720.jpg","width":1280,"height":720},{"@type":"BreadcrumbList","@id":"https:\/\/jcarchitect.com\/it\/stereotipi-sulla-nazionalita-nel-mercato-immobiliare\/#breadcrumb","itemListElement":[{"@type":"ListItem","position":1,"name":"Home","item":"https:\/\/jcarchitect.com\/it\/"},{"@type":"ListItem","position":2,"name":"Stereotipi sulla nazionalit\u00e0 nel mercato immobiliare"}]},{"@type":"WebSite","@id":"https:\/\/jcarchitect.com\/it\/#website","url":"https:\/\/jcarchitect.com\/it\/","name":"JC Architect","description":"Real Estate consultancy Barcelona","publisher":{"@id":"https:\/\/jcarchitect.com\/it\/#organization"},"potentialAction":[{"@type":"SearchAction","target":{"@type":"EntryPoint","urlTemplate":"https:\/\/jcarchitect.com\/it\/?s={search_term_string}"},"query-input":"required name=search_term_string"}],"inLanguage":"it-IT"},{"@type":"Organization","@id":"https:\/\/jcarchitect.com\/it\/#organization","name":"JC Architect","url":"https:\/\/jcarchitect.com\/it\/","logo":{"@type":"ImageObject","inLanguage":"it-IT","@id":"https:\/\/jcarchitect.com\/it\/#\/schema\/logo\/image\/","url":"https:\/\/jcarchitect.com\/jcarchitect\/wp-content\/uploads\/favicon-bg.png","contentUrl":"https:\/\/jcarchitect.com\/jcarchitect\/wp-content\/uploads\/favicon-bg.png","width":144,"height":144,"caption":"JC Architect"},"image":{"@id":"https:\/\/jcarchitect.com\/it\/#\/schema\/logo\/image\/"}},{"@type":"Person","@id":"https:\/\/jcarchitect.com\/it\/#\/schema\/person\/20907e3bb26e939ac9590141e116d16b","name":"Jorge Camprecios","image":{"@type":"ImageObject","inLanguage":"it-IT","@id":"https:\/\/jcarchitect.com\/it\/#\/schema\/person\/image\/","url":"https:\/\/secure.gravatar.com\/avatar\/735d2ecd70608d792216ff82149b74fd?s=96&d=mm&r=g","contentUrl":"https:\/\/secure.gravatar.com\/avatar\/735d2ecd70608d792216ff82149b74fd?s=96&d=mm&r=g","caption":"Jorge Camprecios"}}]}},"_links":{"self":[{"href":"https:\/\/jcarchitect.com\/it\/wp-json\/wp\/v2\/posts\/63157"}],"collection":[{"href":"https:\/\/jcarchitect.com\/it\/wp-json\/wp\/v2\/posts"}],"about":[{"href":"https:\/\/jcarchitect.com\/it\/wp-json\/wp\/v2\/types\/post"}],"author":[{"embeddable":true,"href":"https:\/\/jcarchitect.com\/it\/wp-json\/wp\/v2\/users\/2"}],"replies":[{"embeddable":true,"href":"https:\/\/jcarchitect.com\/it\/wp-json\/wp\/v2\/comments?post=63157"}],"version-history":[{"count":1,"href":"https:\/\/jcarchitect.com\/it\/wp-json\/wp\/v2\/posts\/63157\/revisions"}],"predecessor-version":[{"id":63158,"href":"https:\/\/jcarchitect.com\/it\/wp-json\/wp\/v2\/posts\/63157\/revisions\/63158"}],"wp:featuredmedia":[{"embeddable":true,"href":"https:\/\/jcarchitect.com\/it\/wp-json\/wp\/v2\/media\/63155"}],"wp:attachment":[{"href":"https:\/\/jcarchitect.com\/it\/wp-json\/wp\/v2\/media?parent=63157"}],"wp:term":[{"taxonomy":"category","embeddable":true,"href":"https:\/\/jcarchitect.com\/it\/wp-json\/wp\/v2\/categories?post=63157"},{"taxonomy":"post_tag","embeddable":true,"href":"https:\/\/jcarchitect.com\/it\/wp-json\/wp\/v2\/tags?post=63157"}],"curies":[{"name":"wp","href":"https:\/\/api.w.org\/{rel}","templated":true}]}}