{"id":96377,"date":"2026-06-08T17:13:36","date_gmt":"2026-06-08T15:13:36","guid":{"rendered":"https:\/\/jcarchitect.com\/?p=96377"},"modified":"2026-06-08T17:13:36","modified_gmt":"2026-06-08T15:13:36","slug":"habiter-avec-sens-barcelone-heritage-gaudi-pape-leon-xiv","status":"publish","type":"post","link":"https:\/\/jcarchitect.com\/fr\/habiter-avec-sens-barcelone-heritage-gaudi-pape-leon-xiv\/","title":{"rendered":"Quand une ville devient plus qu\u2019une ville"},"content":{"rendered":"<h1>Quand une ville devient plus qu\u2019une ville<\/h1>\n<p>Ces jours-ci, Barcelone accueille la visite du pape L\u00e9on XIV. Les m\u00e9dias parlent de s\u00e9curit\u00e9, de circulation et d\u2019un agenda institutionnel charg\u00e9. Mais peut-\u00eatre que l\u2019essentiel de cette visite n\u2019est pas ce qui se passe dans les rues, mais ce qu\u2019elle nous invite \u00e0 observer sur la ville elle-m\u00eame.<\/p>\n<p>Il y a des lieux que l\u2019on visite. Et des lieux que l\u2019on habite.<\/p>\n<p>Barcelone appartient \u00e0 la deuxi\u00e8me cat\u00e9gorie.<\/p>\n<p>La visite du pape co\u00efncide avec le centenaire de la mort d\u2019Antoni Gaud\u00ed et avec un moment tr\u00e8s particulier pour la Sagrada Fam\u00edlia, une \u0153uvre en construction depuis plus de 140 ans qui continue d\u2019inspirer des millions de personnes dans le monde.<\/p>\n<p>Au-del\u00e0 de sa dimension religieuse, cette visite nous rappelle une chose essentielle : les espaces ont une \u00e2me.<\/p>\n<p>Gaud\u00ed n\u2019a jamais con\u00e7u des b\u00e2timents pour impressionner. Il a con\u00e7u des lieux pour \u00e9lever l\u2019exp\u00e9rience humaine, o\u00f9 la lumi\u00e8re, la nature, la beaut\u00e9 et la spiritualit\u00e9 coexistent en harmonie.<\/p>\n<p>C\u2019est sans doute pour cela que son \u0153uvre continue d\u2019\u00e9mouvoir plus d\u2019un si\u00e8cle plus tard.<\/p>\n<p>Chez JC Architect, nous croyons qu\u2019une maison peut \u00eatre bien plus que des m\u00e8tres carr\u00e9s, une orientation ou un emplacement. Une maison peut devenir le th\u00e9\u00e2tre d\u2019une transformation personnelle. Elle peut \u00eatre refuge, inspiration, connexion ou m\u00eame le d\u00e9but d\u2019un nouveau chapitre.<\/p>\n<p>C\u2019est pourquoi nous ne nous consid\u00e9rons pas seulement comme des interm\u00e9diaires immobiliers. Nous accompagnons des choix de vie.<\/p>\n<p>La visite du pape remet Barcelone sous les projecteurs internationaux. Mais ceux qui y vivent savent que la v\u00e9ritable valeur de cette ville ne r\u00e9side pas uniquement dans ses monuments.<\/p>\n<p>Elle est dans ses quartiers charg\u00e9s d\u2019histoire.<\/p>\n<p>Dans les vues sur la M\u00e9diterran\u00e9e qui rappellent l\u2019immensit\u00e9.<\/p>\n<p>Dans les montagnes qui embrassent la ville.<\/p>\n<p>Dans les maisons modernistes qui portent la m\u00e9moire des g\u00e9n\u00e9rations.<\/p>\n<p>Et aussi dans les habitations contemporaines o\u00f9 chaque famille \u00e9crit sa propre histoire.<\/p>\n<p>Habiter avec sens, c\u2019est pr\u00e9cis\u00e9ment cela : choisir consciemment les espaces qui accompagnent nos vies.<\/p>\n<p>Parce qu\u2019une maison n\u2019est pas seulement l\u2019endroit o\u00f9 nous vivons.<\/p>\n<p>C\u2019est l\u00e0 o\u00f9 nous r\u00eavons.<\/p>\n<p>O\u00f9 nous nous reposons.<\/p>\n<p>O\u00f9 nous grandissons.<\/p>\n<p>O\u00f9 nous nous transformons.<\/p>\n<p>Peut-\u00eatre est-ce l\u00e0 l\u2019h\u00e9ritage le plus actuel de Gaud\u00ed, et le message qui r\u00e9sonne derri\u00e8re cette visite historique : la beaut\u00e9 a le pouvoir de nous \u00e9lever.<\/p>\n<p>Et les lieux que nous habitons font partie de ce chemin.<\/p>\n","protected":false},"excerpt":{"rendered":"<p>Quand une ville devient plus qu\u2019une ville Ces jours-ci, Barcelone accueille la visite du pape L\u00e9on XIV. Les m\u00e9dias parlent de s\u00e9curit\u00e9, de circulation et d\u2019un agenda institutionnel charg\u00e9. Mais peut-\u00eatre que l\u2019essentiel de cette visite n\u2019est pas ce qui se passe dans les rues, mais ce qu\u2019elle nous invite \u00e0 observer sur la ville [&hellip;]<\/p>\n","protected":false},"author":2,"featured_media":96376,"comment_status":"closed","ping_status":"closed","sticky":false,"template":"","format":"standard","meta":{"footnotes":""},"categories":[77],"tags":[1536,1516,677,1526,1522,789,1523,1519,1534,1520,1154,1525,1528,1309,1538,1527,1531,1517,1533,1529,1515,1518,1530,1524,1105,1537,1535,1532,1521],"yoast_head":"<!-- This site is optimized with the Yoast SEO plugin v22.6 - https:\/\/yoast.com\/wordpress\/plugins\/seo\/ -->\n<title>Quand une ville devient plus qu\u2019une ville - JC Architect<\/title>\n<meta name=\"description\" content=\"La visite du pape L\u00e9on XIV \u00e0 Barcelone invite \u00e0 r\u00e9fl\u00e9chir sur l\u2019h\u00e9ritage de Gaud\u00ed, la beaut\u00e9 de la ville et l\u2019importance d\u2019habiter avec sens.\" \/>\n<meta name=\"robots\" content=\"index, follow, max-snippet:-1, max-image-preview:large, max-video-preview:-1\" \/>\n<link rel=\"canonical\" href=\"https:\/\/jcarchitect.com\/fr\/habiter-avec-sens-barcelone-heritage-gaudi-pape-leon-xiv\/\" \/>\n<meta property=\"og:locale\" content=\"fr_FR\" \/>\n<meta property=\"og:type\" content=\"article\" \/>\n<meta property=\"og:title\" content=\"Quand une ville devient plus qu\u2019une ville - JC Architect\" \/>\n<meta property=\"og:description\" content=\"La visite du pape L\u00e9on XIV \u00e0 Barcelone invite \u00e0 r\u00e9fl\u00e9chir sur l\u2019h\u00e9ritage de Gaud\u00ed, la beaut\u00e9 de la ville et l\u2019importance d\u2019habiter avec sens.\" \/>\n<meta property=\"og:url\" content=\"https:\/\/jcarchitect.com\/fr\/habiter-avec-sens-barcelone-heritage-gaudi-pape-leon-xiv\/\" \/>\n<meta property=\"og:site_name\" content=\"JC Architect\" \/>\n<meta property=\"article:published_time\" content=\"2026-06-08T15:13:36+00:00\" \/>\n<meta property=\"og:image\" content=\"https:\/\/jcarchitect.com\/jcarchitect\/wp-content\/uploads\/ben_kerckx-barcelona-1629561_1920.jpg\" \/>\n\t<meta property=\"og:image:width\" content=\"1919\" \/>\n\t<meta property=\"og:image:height\" content=\"1920\" \/>\n\t<meta property=\"og:image:type\" content=\"image\/jpeg\" \/>\n<meta name=\"author\" content=\"Jorge Camprecios\" \/>\n<meta name=\"twitter:card\" content=\"summary_large_image\" \/>\n<meta name=\"twitter:label1\" content=\"\u00c9crit par\" \/>\n\t<meta name=\"twitter:data1\" content=\"Jorge Camprecios\" \/>\n\t<meta name=\"twitter:label2\" content=\"Dur\u00e9e de lecture estim\u00e9e\" \/>\n\t<meta name=\"twitter:data2\" content=\"2 minutes\" \/>\n<script type=\"application\/ld+json\" class=\"yoast-schema-graph\">{\"@context\":\"https:\/\/schema.org\",\"@graph\":[{\"@type\":\"Article\",\"@id\":\"https:\/\/jcarchitect.com\/fr\/habiter-avec-sens-barcelone-heritage-gaudi-pape-leon-xiv\/#article\",\"isPartOf\":{\"@id\":\"https:\/\/jcarchitect.com\/fr\/habiter-avec-sens-barcelone-heritage-gaudi-pape-leon-xiv\/\"},\"author\":{\"name\":\"Jorge Camprecios\",\"@id\":\"https:\/\/jcarchitect.com\/fr\/#\/schema\/person\/20907e3bb26e939ac9590141e116d16b\"},\"headline\":\"Quand une ville devient plus qu\u2019une ville\",\"datePublished\":\"2026-06-08T15:13:36+00:00\",\"dateModified\":\"2026-06-08T15:13:36+00:00\",\"mainEntityOfPage\":{\"@id\":\"https:\/\/jcarchitect.com\/fr\/habiter-avec-sens-barcelone-heritage-gaudi-pape-leon-xiv\/\"},\"wordCount\":462,\"publisher\":{\"@id\":\"https:\/\/jcarchitect.com\/fr\/#organization\"},\"image\":{\"@id\":\"https:\/\/jcarchitect.com\/fr\/habiter-avec-sens-barcelone-heritage-gaudi-pape-leon-xiv\/#primaryimage\"},\"thumbnailUrl\":\"https:\/\/jcarchitect.com\/jcarchitect\/wp-content\/uploads\/ben_kerckx-barcelona-1629561_1920.jpg\",\"keywords\":[\"Antoni Gaud\u00ed\",\"architecture Barcelone\",\"Architecture durable\",\"architecture et spiritualit\u00e9\",\"architecture moderniste\",\"Barcelone\",\"bien-\u00eatre \u00e0 la maison\",\"design conscient\",\"design int\u00e9rieur\",\"habitats avec sens\",\"Habiter avec sens\",\"h\u00e9ritage de Gaud\u00ed\",\"immobilier Barcelone\",\"investissement immobilier Barcelone\",\"JC Architect\",\"lifestyle Barcelone\",\"maison et bien-\u00eatre\",\"maisons avec \u00e2me\",\"maisons historiques\",\"maisons uniques\",\"Pape L\u00e9on XIV\",\"patrimoine architectural\",\"patrimoine culturel Barcelone\",\"propri\u00e9t\u00e9s de luxe\",\"qualit\u00e9 de vie\",\"Sagrada Familia\",\"style de vie Barcelone\",\"transformation personnelle\",\"vivre \u00e0 Barcelone\"],\"articleSection\":[\"Non classifi\u00e9(e)\"],\"inLanguage\":\"fr-FR\"},{\"@type\":\"WebPage\",\"@id\":\"https:\/\/jcarchitect.com\/fr\/habiter-avec-sens-barcelone-heritage-gaudi-pape-leon-xiv\/\",\"url\":\"https:\/\/jcarchitect.com\/fr\/habiter-avec-sens-barcelone-heritage-gaudi-pape-leon-xiv\/\",\"name\":\"Quand une ville devient plus qu\u2019une ville - JC Architect\",\"isPartOf\":{\"@id\":\"https:\/\/jcarchitect.com\/fr\/#website\"},\"primaryImageOfPage\":{\"@id\":\"https:\/\/jcarchitect.com\/fr\/habiter-avec-sens-barcelone-heritage-gaudi-pape-leon-xiv\/#primaryimage\"},\"image\":{\"@id\":\"https:\/\/jcarchitect.com\/fr\/habiter-avec-sens-barcelone-heritage-gaudi-pape-leon-xiv\/#primaryimage\"},\"thumbnailUrl\":\"https:\/\/jcarchitect.com\/jcarchitect\/wp-content\/uploads\/ben_kerckx-barcelona-1629561_1920.jpg\",\"datePublished\":\"2026-06-08T15:13:36+00:00\",\"dateModified\":\"2026-06-08T15:13:36+00:00\",\"description\":\"La visite du pape L\u00e9on XIV \u00e0 Barcelone invite \u00e0 r\u00e9fl\u00e9chir sur l\u2019h\u00e9ritage de Gaud\u00ed, la beaut\u00e9 de la ville et l\u2019importance d\u2019habiter avec sens.\",\"breadcrumb\":{\"@id\":\"https:\/\/jcarchitect.com\/fr\/habiter-avec-sens-barcelone-heritage-gaudi-pape-leon-xiv\/#breadcrumb\"},\"inLanguage\":\"fr-FR\",\"potentialAction\":[{\"@type\":\"ReadAction\",\"target\":[\"https:\/\/jcarchitect.com\/fr\/habiter-avec-sens-barcelone-heritage-gaudi-pape-leon-xiv\/\"]}]},{\"@type\":\"ImageObject\",\"inLanguage\":\"fr-FR\",\"@id\":\"https:\/\/jcarchitect.com\/fr\/habiter-avec-sens-barcelone-heritage-gaudi-pape-leon-xiv\/#primaryimage\",\"url\":\"https:\/\/jcarchitect.com\/jcarchitect\/wp-content\/uploads\/ben_kerckx-barcelona-1629561_1920.jpg\",\"contentUrl\":\"https:\/\/jcarchitect.com\/jcarchitect\/wp-content\/uploads\/ben_kerckx-barcelona-1629561_1920.jpg\",\"width\":1919,\"height\":1920},{\"@type\":\"BreadcrumbList\",\"@id\":\"https:\/\/jcarchitect.com\/fr\/habiter-avec-sens-barcelone-heritage-gaudi-pape-leon-xiv\/#breadcrumb\",\"itemListElement\":[{\"@type\":\"ListItem\",\"position\":1,\"name\":\"Home\",\"item\":\"https:\/\/jcarchitect.com\/fr\/\"},{\"@type\":\"ListItem\",\"position\":2,\"name\":\"Quand une ville devient plus qu\u2019une ville\"}]},{\"@type\":\"WebSite\",\"@id\":\"https:\/\/jcarchitect.com\/fr\/#website\",\"url\":\"https:\/\/jcarchitect.com\/fr\/\",\"name\":\"JC Architect\",\"description\":\"Real Estate consultancy Barcelona\",\"publisher\":{\"@id\":\"https:\/\/jcarchitect.com\/fr\/#organization\"},\"potentialAction\":[{\"@type\":\"SearchAction\",\"target\":{\"@type\":\"EntryPoint\",\"urlTemplate\":\"https:\/\/jcarchitect.com\/fr\/?s={search_term_string}\"},\"query-input\":\"required name=search_term_string\"}],\"inLanguage\":\"fr-FR\"},{\"@type\":\"Organization\",\"@id\":\"https:\/\/jcarchitect.com\/fr\/#organization\",\"name\":\"JC Architect\",\"url\":\"https:\/\/jcarchitect.com\/fr\/\",\"logo\":{\"@type\":\"ImageObject\",\"inLanguage\":\"fr-FR\",\"@id\":\"https:\/\/jcarchitect.com\/fr\/#\/schema\/logo\/image\/\",\"url\":\"https:\/\/jcarchitect.com\/jcarchitect\/wp-content\/uploads\/favicon-bg.png\",\"contentUrl\":\"https:\/\/jcarchitect.com\/jcarchitect\/wp-content\/uploads\/favicon-bg.png\",\"width\":144,\"height\":144,\"caption\":\"JC Architect\"},\"image\":{\"@id\":\"https:\/\/jcarchitect.com\/fr\/#\/schema\/logo\/image\/\"}},{\"@type\":\"Person\",\"@id\":\"https:\/\/jcarchitect.com\/fr\/#\/schema\/person\/20907e3bb26e939ac9590141e116d16b\",\"name\":\"Jorge Camprecios\",\"image\":{\"@type\":\"ImageObject\",\"inLanguage\":\"fr-FR\",\"@id\":\"https:\/\/jcarchitect.com\/fr\/#\/schema\/person\/image\/\",\"url\":\"https:\/\/secure.gravatar.com\/avatar\/735d2ecd70608d792216ff82149b74fd?s=96&d=mm&r=g\",\"contentUrl\":\"https:\/\/secure.gravatar.com\/avatar\/735d2ecd70608d792216ff82149b74fd?s=96&d=mm&r=g\",\"caption\":\"Jorge Camprecios\"}}]}<\/script>\n<!-- \/ Yoast SEO plugin. -->","yoast_head_json":{"title":"Quand une ville devient plus qu\u2019une ville - JC Architect","description":"La visite du pape L\u00e9on XIV \u00e0 Barcelone invite \u00e0 r\u00e9fl\u00e9chir sur l\u2019h\u00e9ritage de Gaud\u00ed, la beaut\u00e9 de la ville et l\u2019importance d\u2019habiter avec sens.","robots":{"index":"index","follow":"follow","max-snippet":"max-snippet:-1","max-image-preview":"max-image-preview:large","max-video-preview":"max-video-preview:-1"},"canonical":"https:\/\/jcarchitect.com\/fr\/habiter-avec-sens-barcelone-heritage-gaudi-pape-leon-xiv\/","og_locale":"fr_FR","og_type":"article","og_title":"Quand une ville devient plus qu\u2019une ville - JC Architect","og_description":"La visite du pape L\u00e9on XIV \u00e0 Barcelone invite \u00e0 r\u00e9fl\u00e9chir sur l\u2019h\u00e9ritage de Gaud\u00ed, la beaut\u00e9 de la ville et l\u2019importance d\u2019habiter avec sens.","og_url":"https:\/\/jcarchitect.com\/fr\/habiter-avec-sens-barcelone-heritage-gaudi-pape-leon-xiv\/","og_site_name":"JC Architect","article_published_time":"2026-06-08T15:13:36+00:00","og_image":[{"width":1919,"height":1920,"url":"https:\/\/jcarchitect.com\/jcarchitect\/wp-content\/uploads\/ben_kerckx-barcelona-1629561_1920.jpg","type":"image\/jpeg"}],"author":"Jorge Camprecios","twitter_card":"summary_large_image","twitter_misc":{"\u00c9crit par":"Jorge Camprecios","Dur\u00e9e de lecture estim\u00e9e":"2 minutes"},"schema":{"@context":"https:\/\/schema.org","@graph":[{"@type":"Article","@id":"https:\/\/jcarchitect.com\/fr\/habiter-avec-sens-barcelone-heritage-gaudi-pape-leon-xiv\/#article","isPartOf":{"@id":"https:\/\/jcarchitect.com\/fr\/habiter-avec-sens-barcelone-heritage-gaudi-pape-leon-xiv\/"},"author":{"name":"Jorge Camprecios","@id":"https:\/\/jcarchitect.com\/fr\/#\/schema\/person\/20907e3bb26e939ac9590141e116d16b"},"headline":"Quand une ville devient plus qu\u2019une ville","datePublished":"2026-06-08T15:13:36+00:00","dateModified":"2026-06-08T15:13:36+00:00","mainEntityOfPage":{"@id":"https:\/\/jcarchitect.com\/fr\/habiter-avec-sens-barcelone-heritage-gaudi-pape-leon-xiv\/"},"wordCount":462,"publisher":{"@id":"https:\/\/jcarchitect.com\/fr\/#organization"},"image":{"@id":"https:\/\/jcarchitect.com\/fr\/habiter-avec-sens-barcelone-heritage-gaudi-pape-leon-xiv\/#primaryimage"},"thumbnailUrl":"https:\/\/jcarchitect.com\/jcarchitect\/wp-content\/uploads\/ben_kerckx-barcelona-1629561_1920.jpg","keywords":["Antoni Gaud\u00ed","architecture Barcelone","Architecture durable","architecture et spiritualit\u00e9","architecture moderniste","Barcelone","bien-\u00eatre \u00e0 la maison","design conscient","design int\u00e9rieur","habitats avec sens","Habiter avec sens","h\u00e9ritage de Gaud\u00ed","immobilier Barcelone","investissement immobilier Barcelone","JC Architect","lifestyle Barcelone","maison et bien-\u00eatre","maisons avec \u00e2me","maisons historiques","maisons uniques","Pape L\u00e9on XIV","patrimoine architectural","patrimoine culturel Barcelone","propri\u00e9t\u00e9s de luxe","qualit\u00e9 de vie","Sagrada Familia","style de vie Barcelone","transformation personnelle","vivre \u00e0 Barcelone"],"articleSection":["Non classifi\u00e9(e)"],"inLanguage":"fr-FR"},{"@type":"WebPage","@id":"https:\/\/jcarchitect.com\/fr\/habiter-avec-sens-barcelone-heritage-gaudi-pape-leon-xiv\/","url":"https:\/\/jcarchitect.com\/fr\/habiter-avec-sens-barcelone-heritage-gaudi-pape-leon-xiv\/","name":"Quand une ville devient plus qu\u2019une ville - JC Architect","isPartOf":{"@id":"https:\/\/jcarchitect.com\/fr\/#website"},"primaryImageOfPage":{"@id":"https:\/\/jcarchitect.com\/fr\/habiter-avec-sens-barcelone-heritage-gaudi-pape-leon-xiv\/#primaryimage"},"image":{"@id":"https:\/\/jcarchitect.com\/fr\/habiter-avec-sens-barcelone-heritage-gaudi-pape-leon-xiv\/#primaryimage"},"thumbnailUrl":"https:\/\/jcarchitect.com\/jcarchitect\/wp-content\/uploads\/ben_kerckx-barcelona-1629561_1920.jpg","datePublished":"2026-06-08T15:13:36+00:00","dateModified":"2026-06-08T15:13:36+00:00","description":"La visite du pape L\u00e9on XIV \u00e0 Barcelone invite \u00e0 r\u00e9fl\u00e9chir sur l\u2019h\u00e9ritage de Gaud\u00ed, la beaut\u00e9 de la ville et l\u2019importance d\u2019habiter avec sens.","breadcrumb":{"@id":"https:\/\/jcarchitect.com\/fr\/habiter-avec-sens-barcelone-heritage-gaudi-pape-leon-xiv\/#breadcrumb"},"inLanguage":"fr-FR","potentialAction":[{"@type":"ReadAction","target":["https:\/\/jcarchitect.com\/fr\/habiter-avec-sens-barcelone-heritage-gaudi-pape-leon-xiv\/"]}]},{"@type":"ImageObject","inLanguage":"fr-FR","@id":"https:\/\/jcarchitect.com\/fr\/habiter-avec-sens-barcelone-heritage-gaudi-pape-leon-xiv\/#primaryimage","url":"https:\/\/jcarchitect.com\/jcarchitect\/wp-content\/uploads\/ben_kerckx-barcelona-1629561_1920.jpg","contentUrl":"https:\/\/jcarchitect.com\/jcarchitect\/wp-content\/uploads\/ben_kerckx-barcelona-1629561_1920.jpg","width":1919,"height":1920},{"@type":"BreadcrumbList","@id":"https:\/\/jcarchitect.com\/fr\/habiter-avec-sens-barcelone-heritage-gaudi-pape-leon-xiv\/#breadcrumb","itemListElement":[{"@type":"ListItem","position":1,"name":"Home","item":"https:\/\/jcarchitect.com\/fr\/"},{"@type":"ListItem","position":2,"name":"Quand une ville devient plus qu\u2019une ville"}]},{"@type":"WebSite","@id":"https:\/\/jcarchitect.com\/fr\/#website","url":"https:\/\/jcarchitect.com\/fr\/","name":"JC Architect","description":"Real Estate consultancy Barcelona","publisher":{"@id":"https:\/\/jcarchitect.com\/fr\/#organization"},"potentialAction":[{"@type":"SearchAction","target":{"@type":"EntryPoint","urlTemplate":"https:\/\/jcarchitect.com\/fr\/?s={search_term_string}"},"query-input":"required name=search_term_string"}],"inLanguage":"fr-FR"},{"@type":"Organization","@id":"https:\/\/jcarchitect.com\/fr\/#organization","name":"JC Architect","url":"https:\/\/jcarchitect.com\/fr\/","logo":{"@type":"ImageObject","inLanguage":"fr-FR","@id":"https:\/\/jcarchitect.com\/fr\/#\/schema\/logo\/image\/","url":"https:\/\/jcarchitect.com\/jcarchitect\/wp-content\/uploads\/favicon-bg.png","contentUrl":"https:\/\/jcarchitect.com\/jcarchitect\/wp-content\/uploads\/favicon-bg.png","width":144,"height":144,"caption":"JC Architect"},"image":{"@id":"https:\/\/jcarchitect.com\/fr\/#\/schema\/logo\/image\/"}},{"@type":"Person","@id":"https:\/\/jcarchitect.com\/fr\/#\/schema\/person\/20907e3bb26e939ac9590141e116d16b","name":"Jorge Camprecios","image":{"@type":"ImageObject","inLanguage":"fr-FR","@id":"https:\/\/jcarchitect.com\/fr\/#\/schema\/person\/image\/","url":"https:\/\/secure.gravatar.com\/avatar\/735d2ecd70608d792216ff82149b74fd?s=96&d=mm&r=g","contentUrl":"https:\/\/secure.gravatar.com\/avatar\/735d2ecd70608d792216ff82149b74fd?s=96&d=mm&r=g","caption":"Jorge Camprecios"}}]}},"_links":{"self":[{"href":"https:\/\/jcarchitect.com\/fr\/wp-json\/wp\/v2\/posts\/96377"}],"collection":[{"href":"https:\/\/jcarchitect.com\/fr\/wp-json\/wp\/v2\/posts"}],"about":[{"href":"https:\/\/jcarchitect.com\/fr\/wp-json\/wp\/v2\/types\/post"}],"author":[{"embeddable":true,"href":"https:\/\/jcarchitect.com\/fr\/wp-json\/wp\/v2\/users\/2"}],"replies":[{"embeddable":true,"href":"https:\/\/jcarchitect.com\/fr\/wp-json\/wp\/v2\/comments?post=96377"}],"version-history":[{"count":1,"href":"https:\/\/jcarchitect.com\/fr\/wp-json\/wp\/v2\/posts\/96377\/revisions"}],"predecessor-version":[{"id":96378,"href":"https:\/\/jcarchitect.com\/fr\/wp-json\/wp\/v2\/posts\/96377\/revisions\/96378"}],"wp:featuredmedia":[{"embeddable":true,"href":"https:\/\/jcarchitect.com\/fr\/wp-json\/wp\/v2\/media\/96376"}],"wp:attachment":[{"href":"https:\/\/jcarchitect.com\/fr\/wp-json\/wp\/v2\/media?parent=96377"}],"wp:term":[{"taxonomy":"category","embeddable":true,"href":"https:\/\/jcarchitect.com\/fr\/wp-json\/wp\/v2\/categories?post=96377"},{"taxonomy":"post_tag","embeddable":true,"href":"https:\/\/jcarchitect.com\/fr\/wp-json\/wp\/v2\/tags?post=96377"}],"curies":[{"name":"wp","href":"https:\/\/api.w.org\/{rel}","templated":true}]}}