{"id":92483,"date":"2025-09-29T12:43:06","date_gmt":"2025-09-29T10:43:06","guid":{"rendered":"https:\/\/jcarchitect.com\/?p=92483"},"modified":"2025-09-29T12:43:06","modified_gmt":"2025-09-29T10:43:06","slug":"tendances-immobilieres-internationales-a-barcelone-dans-5-ans","status":"publish","type":"post","link":"https:\/\/jcarchitect.com\/fr\/tendances-immobilieres-internationales-a-barcelone-dans-5-ans\/","title":{"rendered":"Tendances immobili\u00e8res internationales \u00e0 Barcelone dans 5 ans"},"content":{"rendered":"<h1>Tendances immobili\u00e8res internationales \u00e0 Barcelone dans 5 an<\/h1>\n<p data-start=\"303\" data-end=\"696\">Le march\u00e9 immobilier \u00e9volue plus vite que jamais. Les innovations qui semblent aujourd\u2019hui futuristes dans des villes comme Tokyo, New York ou Berlin pourraient devenir la norme \u00e0 Barcelone et dans sa r\u00e9gion m\u00e9tropolitaine d\u2019ici cinq ans. Des b\u00e2timents modulaires aux communaut\u00e9s de co-living, ces tendances r\u00e9pondent toutes au m\u00eame besoin : vivre mieux, de mani\u00e8re plus efficace et durable.<\/p>\n<p data-start=\"698\" data-end=\"892\">Dans cet article, nous analysons <strong data-start=\"731\" data-end=\"791\">les principales innovations immobili\u00e8res internationales<\/strong> qui arriveront bient\u00f4t ici et leur impact possible sur les acheteurs, investisseurs et promoteurs.<\/p>\n<hr data-start=\"894\" data-end=\"897\" \/>\n<h2 data-start=\"899\" data-end=\"954\">1. B\u00e2timents modulaires : rapidit\u00e9 et durabilit\u00e9<\/h2>\n<p data-start=\"955\" data-end=\"1116\">\u00c0 Tokyo et New York, des tours enti\u00e8res sont d\u00e9sormais construites avec des modules pr\u00e9fabriqu\u00e9s assembl\u00e9s sur site comme des pi\u00e8ces de Lego.<br data-start=\"1096\" data-end=\"1099\" \/><strong data-start=\"1099\" data-end=\"1114\">Avantages :<\/strong><\/p>\n<ul data-start=\"1117\" data-end=\"1262\">\n<li data-start=\"1117\" data-end=\"1170\">\n<p data-start=\"1119\" data-end=\"1170\">R\u00e9duction des d\u00e9lais de construction jusqu\u2019\u00e0 50 %<\/p>\n<\/li>\n<li data-start=\"1171\" data-end=\"1208\">\n<p data-start=\"1173\" data-end=\"1208\">Contr\u00f4le industriel de la qualit\u00e9<\/p>\n<\/li>\n<li data-start=\"1209\" data-end=\"1262\">\n<p data-start=\"1211\" data-end=\"1262\">Moins de d\u00e9chets et impact environnemental r\u00e9duit<\/p>\n<\/li>\n<\/ul>\n<p data-start=\"1264\" data-end=\"1421\"><strong data-start=\"1264\" data-end=\"1281\">\u00c0 Barcelone :<\/strong> des projets de logements abordables et de r\u00e9novations rapides sur de petites parcelles permettront de livrer plus vite et \u00e0 moindre co\u00fbt.<\/p>\n<hr data-start=\"1423\" data-end=\"1426\" \/>\n<h2 data-start=\"1428\" data-end=\"1476\">2. Co-living : l\u2019habitat comme exp\u00e9rience<\/h2>\n<p data-start=\"1477\" data-end=\"1663\">\u00c0 Berlin et New York, le co-living combine <strong data-start=\"1520\" data-end=\"1559\">espaces priv\u00e9s et services partag\u00e9s<\/strong> tels que coworking, salles de sport, cuisines collectives et \u00e9v\u00e9nements sociaux.<br data-start=\"1640\" data-end=\"1643\" \/><strong data-start=\"1643\" data-end=\"1661\">Impact local :<\/strong><\/p>\n<ul data-start=\"1664\" data-end=\"1830\">\n<li data-start=\"1664\" data-end=\"1696\">\n<p data-start=\"1666\" data-end=\"1696\">Meilleure rentabilit\u00e9 par m\u00b2<\/p>\n<\/li>\n<li data-start=\"1697\" data-end=\"1765\">\n<p data-start=\"1699\" data-end=\"1765\">Option attractive pour jeunes professionnels et t\u00e9l\u00e9travailleurs<\/p>\n<\/li>\n<li data-start=\"1766\" data-end=\"1830\">\n<p data-start=\"1768\" data-end=\"1830\">Cr\u00e9ation de communaut\u00e9s solides dans les quartiers \u00e9mergents<\/p>\n<\/li>\n<\/ul>\n<hr data-start=\"1832\" data-end=\"1835\" \/>\n<h2 data-start=\"1837\" data-end=\"1889\">3. Micro-appartements + services de proximit\u00e9<\/h2>\n<p data-start=\"1890\" data-end=\"2192\">Tokyo a d\u00e9montr\u00e9 qu\u2019un appartement de 25 m\u00b2 peut \u00eatre fonctionnel et \u00e9l\u00e9gant. New York en a fait une tendance dans les quartiers denses.<br data-start=\"2026\" data-end=\"2029\" \/><strong data-start=\"2029\" data-end=\"2042\">\u00c0 venir :<\/strong> plus de micro-appartements \u00e0 Barcelone et dans sa p\u00e9riph\u00e9rie, avec services de proximit\u00e9 au rez-de-chauss\u00e9e (commerces, blanchisserie, logistique).<\/p>\n<hr data-start=\"2194\" data-end=\"2197\" \/>\n<h2 data-start=\"2199\" data-end=\"2271\">4. R\u00e9novation \u00e9nerg\u00e9tique et b\u00e2timents \u00e0 consommation quasi nulle<\/h2>\n<p data-start=\"2272\" data-end=\"2426\">Berlin est \u00e0 la pointe pour les b\u00e2timents nZEB : fa\u00e7ades ventil\u00e9es, isolation performante et r\u00e9cup\u00e9ration de chaleur deviennent la norme.<br data-start=\"2409\" data-end=\"2412\" \/><strong data-start=\"2412\" data-end=\"2424\">Impact :<\/strong><\/p>\n<ul data-start=\"2427\" data-end=\"2634\">\n<li data-start=\"2427\" data-end=\"2491\">\n<p data-start=\"2429\" data-end=\"2491\">Valorisation des biens immobiliers \u00e9nerg\u00e9tiquement efficaces<\/p>\n<\/li>\n<li data-start=\"2492\" data-end=\"2562\">\n<p data-start=\"2494\" data-end=\"2562\">Augmentation de la demande pour des factures \u00e9nerg\u00e9tiques r\u00e9duites<\/p>\n<\/li>\n<li data-start=\"2563\" data-end=\"2634\">\n<p data-start=\"2565\" data-end=\"2634\">Acc\u00e9l\u00e9ration de la r\u00e9novation du parc immobilier ancien \u00e0 Barcelone<\/p>\n<\/li>\n<\/ul>\n<hr data-start=\"2636\" data-end=\"2639\" \/>\n<h2 data-start=\"2641\" data-end=\"2684\">5. Propri\u00e9t\u00e9 flexible et fractionn\u00e9e<\/h2>\n<p data-start=\"2685\" data-end=\"2939\">Dans les march\u00e9s chers comme New York, le <strong data-start=\"2727\" data-end=\"2743\">co-ownership<\/strong> permet \u00e0 plusieurs acheteurs de partager achat, usage et entretien.<br data-start=\"2811\" data-end=\"2814\" \/><strong data-start=\"2814\" data-end=\"2831\">\u00c0 venir ici :<\/strong> d\u00e9mocratisation de l\u2019acc\u00e8s aux r\u00e9sidences secondaires et nouvelles opportunit\u00e9s d\u2019investissement partag\u00e9.<\/p>\n<hr data-start=\"2941\" data-end=\"2944\" \/>\n<h4 data-start=\"2946\" data-end=\"2991\">6. B\u00e2timents intelligents et connect\u00e9s<\/h4>\n<p data-start=\"2992\" data-end=\"3284\">Capteurs de qualit\u00e9 de l\u2019air, gestion \u00e9nerg\u00e9tique automatique, applications communautaires : les smart buildings am\u00e9liorent le confort et r\u00e9duisent les co\u00fbts.<br data-start=\"3150\" data-end=\"3153\" \/><strong data-start=\"3153\" data-end=\"3170\">\u00c0 Barcelone :<\/strong> meilleure fid\u00e9lisation des locataires, optimisation des charges et valeur ajout\u00e9e pour le march\u00e9 haut de gamme.<\/p>\n<hr data-start=\"3286\" data-end=\"3289\" \/>\n<h2 data-start=\"3291\" data-end=\"3339\">7. Espaces hybrides : logement + commerce<\/h2>\n<p data-start=\"3340\" data-end=\"3610\">\u00c0 Berlin et New York, les rez-de-chauss\u00e9e commerciaux se transforment en hubs de quartier : coworking, ateliers, cuisines partag\u00e9es.<br data-start=\"3472\" data-end=\"3475\" \/><strong data-start=\"3475\" data-end=\"3496\">Tendance locale :<\/strong> plus de projets mixtes pour revitaliser les rues et g\u00e9n\u00e9rer des revenus suppl\u00e9mentaires pour les propri\u00e9taires.<\/p>\n<hr data-start=\"3612\" data-end=\"3615\" \/>\n<h2 data-start=\"3617\" data-end=\"3637\"><strong data-start=\"3621\" data-end=\"3635\">Conclusion<\/strong><\/h2>\n<p data-start=\"3638\" data-end=\"3980\">Ces tendances ne sont pas une mode passag\u00e8re : elles sont <strong data-start=\"3696\" data-end=\"3729\">la r\u00e9ponse \u00e0 des enjeux r\u00e9els<\/strong> tels que la raret\u00e9 du foncier, la hausse des prix et la recherche de modes de vie durables et communautaires.<br data-start=\"3839\" data-end=\"3842\" \/>Pour les investisseurs, acheteurs et agents attentifs, les cinq prochaines ann\u00e9es offrent <strong data-start=\"3932\" data-end=\"3977\">une occasion unique d\u2019anticiper le march\u00e9<\/strong>.<\/p>\n<p data-start=\"3982\" data-end=\"4242\">Chez JC Architect, nous croyons que l\u2019avenir de l\u2019immobilier r\u00e9side dans des projets alliant design, innovation et sens de la communaut\u00e9.<br data-start=\"4119\" data-end=\"4122\" \/>Envie de d\u00e9couvrir des opportunit\u00e9s d\u2019investissement align\u00e9es avec ces tendances ? <strong data-start=\"4205\" data-end=\"4240\">Contactez-nous d\u00e8s aujourd\u2019hui.<\/strong><\/p>\n<p>&nbsp;<\/p>\n","protected":false},"excerpt":{"rendered":"<p>Tendances immobili\u00e8res internationales \u00e0 Barcelone dans 5 an Le march\u00e9 immobilier \u00e9volue plus vite que jamais. Les innovations qui semblent aujourd\u2019hui futuristes dans des villes comme Tokyo, New York ou Berlin pourraient devenir la norme \u00e0 Barcelone et dans sa r\u00e9gion m\u00e9tropolitaine d\u2019ici cinq ans. Des b\u00e2timents modulaires aux communaut\u00e9s de co-living, ces tendances r\u00e9pondent [&hellip;]<\/p>\n","protected":false},"author":2,"featured_media":92482,"comment_status":"closed","ping_status":"closed","sticky":false,"template":"","format":"standard","meta":{"footnotes":""},"categories":[77],"tags":[1186,1190,942,1189,1109,328,1185,1187,1188,1191,1184],"yoast_head":"<!-- This site is optimized with the Yoast SEO plugin v22.6 - https:\/\/yoast.com\/wordpress\/plugins\/seo\/ -->\n<title>Tendances immobili\u00e8res internationales \u00e0 Barcelone dans 5 ans - JC Architect<\/title>\n<meta name=\"description\" content=\"Tendances immobili\u00e8res \u00e0 Barcelone : b\u00e2timents modulaires, co-living, micro-appartements et plus. D\u00e9couvrez l\u2019avenir du march\u00e9\" \/>\n<meta name=\"robots\" content=\"index, follow, max-snippet:-1, max-image-preview:large, max-video-preview:-1\" \/>\n<link rel=\"canonical\" href=\"https:\/\/jcarchitect.com\/fr\/tendances-immobilieres-internationales-a-barcelone-dans-5-ans\/\" \/>\n<meta property=\"og:locale\" content=\"fr_FR\" \/>\n<meta property=\"og:type\" content=\"article\" \/>\n<meta property=\"og:title\" content=\"Tendances immobili\u00e8res internationales \u00e0 Barcelone dans 5 ans - JC Architect\" \/>\n<meta property=\"og:description\" content=\"Tendances immobili\u00e8res \u00e0 Barcelone : b\u00e2timents modulaires, co-living, micro-appartements et plus. D\u00e9couvrez l\u2019avenir du march\u00e9\" \/>\n<meta property=\"og:url\" content=\"https:\/\/jcarchitect.com\/fr\/tendances-immobilieres-internationales-a-barcelone-dans-5-ans\/\" \/>\n<meta property=\"og:site_name\" content=\"JC Architect\" \/>\n<meta property=\"article:published_time\" content=\"2025-09-29T10:43:06+00:00\" \/>\n<meta property=\"og:image\" content=\"https:\/\/jcarchitect.com\/jcarchitect\/wp-content\/uploads\/automobile-4101263_1280.jpg\" \/>\n\t<meta property=\"og:image:width\" content=\"1280\" \/>\n\t<meta property=\"og:image:height\" content=\"888\" \/>\n\t<meta property=\"og:image:type\" content=\"image\/jpeg\" \/>\n<meta name=\"author\" content=\"Jorge Camprecios\" \/>\n<meta name=\"twitter:card\" content=\"summary_large_image\" \/>\n<meta name=\"twitter:label1\" content=\"\u00c9crit par\" \/>\n\t<meta name=\"twitter:data1\" content=\"Jorge Camprecios\" \/>\n\t<meta name=\"twitter:label2\" content=\"Dur\u00e9e de lecture estim\u00e9e\" \/>\n\t<meta name=\"twitter:data2\" content=\"3 minutes\" \/>\n<script type=\"application\/ld+json\" class=\"yoast-schema-graph\">{\"@context\":\"https:\/\/schema.org\",\"@graph\":[{\"@type\":\"Article\",\"@id\":\"https:\/\/jcarchitect.com\/fr\/tendances-immobilieres-internationales-a-barcelone-dans-5-ans\/#article\",\"isPartOf\":{\"@id\":\"https:\/\/jcarchitect.com\/fr\/tendances-immobilieres-internationales-a-barcelone-dans-5-ans\/\"},\"author\":{\"name\":\"Jorge Camprecios\",\"@id\":\"https:\/\/jcarchitect.com\/fr\/#\/schema\/person\/20907e3bb26e939ac9590141e116d16b\"},\"headline\":\"Tendances immobili\u00e8res internationales \u00e0 Barcelone dans 5 ans\",\"datePublished\":\"2025-09-29T10:43:06+00:00\",\"dateModified\":\"2025-09-29T10:43:06+00:00\",\"mainEntityOfPage\":{\"@id\":\"https:\/\/jcarchitect.com\/fr\/tendances-immobilieres-internationales-a-barcelone-dans-5-ans\/\"},\"wordCount\":604,\"publisher\":{\"@id\":\"https:\/\/jcarchitect.com\/fr\/#organization\"},\"image\":{\"@id\":\"https:\/\/jcarchitect.com\/fr\/tendances-immobilieres-internationales-a-barcelone-dans-5-ans\/#primaryimage\"},\"thumbnailUrl\":\"https:\/\/jcarchitect.com\/jcarchitect\/wp-content\/uploads\/automobile-4101263_1280.jpg\",\"keywords\":[\"b\u00e2timents modulaires\",\"co-living\",\"efficacit\u00e9 \u00e9nerg\u00e9tique\",\"futur de l\u2019immobilier\",\"investissement immobilier\",\"jcarchitect\",\"march\u00e9 immobilier Barcelone\",\"micro-appartements\",\"r\u00e9novation de b\u00e2timents\",\"smart buildings\",\"tendances immobili\u00e8res\"],\"articleSection\":[\"Non classifi\u00e9(e)\"],\"inLanguage\":\"fr-FR\"},{\"@type\":\"WebPage\",\"@id\":\"https:\/\/jcarchitect.com\/fr\/tendances-immobilieres-internationales-a-barcelone-dans-5-ans\/\",\"url\":\"https:\/\/jcarchitect.com\/fr\/tendances-immobilieres-internationales-a-barcelone-dans-5-ans\/\",\"name\":\"Tendances immobili\u00e8res internationales \u00e0 Barcelone dans 5 ans - JC Architect\",\"isPartOf\":{\"@id\":\"https:\/\/jcarchitect.com\/fr\/#website\"},\"primaryImageOfPage\":{\"@id\":\"https:\/\/jcarchitect.com\/fr\/tendances-immobilieres-internationales-a-barcelone-dans-5-ans\/#primaryimage\"},\"image\":{\"@id\":\"https:\/\/jcarchitect.com\/fr\/tendances-immobilieres-internationales-a-barcelone-dans-5-ans\/#primaryimage\"},\"thumbnailUrl\":\"https:\/\/jcarchitect.com\/jcarchitect\/wp-content\/uploads\/automobile-4101263_1280.jpg\",\"datePublished\":\"2025-09-29T10:43:06+00:00\",\"dateModified\":\"2025-09-29T10:43:06+00:00\",\"description\":\"Tendances immobili\u00e8res \u00e0 Barcelone : b\u00e2timents modulaires, co-living, micro-appartements et plus. D\u00e9couvrez l\u2019avenir du march\u00e9\",\"breadcrumb\":{\"@id\":\"https:\/\/jcarchitect.com\/fr\/tendances-immobilieres-internationales-a-barcelone-dans-5-ans\/#breadcrumb\"},\"inLanguage\":\"fr-FR\",\"potentialAction\":[{\"@type\":\"ReadAction\",\"target\":[\"https:\/\/jcarchitect.com\/fr\/tendances-immobilieres-internationales-a-barcelone-dans-5-ans\/\"]}]},{\"@type\":\"ImageObject\",\"inLanguage\":\"fr-FR\",\"@id\":\"https:\/\/jcarchitect.com\/fr\/tendances-immobilieres-internationales-a-barcelone-dans-5-ans\/#primaryimage\",\"url\":\"https:\/\/jcarchitect.com\/jcarchitect\/wp-content\/uploads\/automobile-4101263_1280.jpg\",\"contentUrl\":\"https:\/\/jcarchitect.com\/jcarchitect\/wp-content\/uploads\/automobile-4101263_1280.jpg\",\"width\":1280,\"height\":888},{\"@type\":\"BreadcrumbList\",\"@id\":\"https:\/\/jcarchitect.com\/fr\/tendances-immobilieres-internationales-a-barcelone-dans-5-ans\/#breadcrumb\",\"itemListElement\":[{\"@type\":\"ListItem\",\"position\":1,\"name\":\"Home\",\"item\":\"https:\/\/jcarchitect.com\/fr\/\"},{\"@type\":\"ListItem\",\"position\":2,\"name\":\"Tendances immobili\u00e8res internationales \u00e0 Barcelone dans 5 ans\"}]},{\"@type\":\"WebSite\",\"@id\":\"https:\/\/jcarchitect.com\/fr\/#website\",\"url\":\"https:\/\/jcarchitect.com\/fr\/\",\"name\":\"JC Architect\",\"description\":\"Real Estate consultancy Barcelona\",\"publisher\":{\"@id\":\"https:\/\/jcarchitect.com\/fr\/#organization\"},\"potentialAction\":[{\"@type\":\"SearchAction\",\"target\":{\"@type\":\"EntryPoint\",\"urlTemplate\":\"https:\/\/jcarchitect.com\/fr\/?s={search_term_string}\"},\"query-input\":\"required name=search_term_string\"}],\"inLanguage\":\"fr-FR\"},{\"@type\":\"Organization\",\"@id\":\"https:\/\/jcarchitect.com\/fr\/#organization\",\"name\":\"JC Architect\",\"url\":\"https:\/\/jcarchitect.com\/fr\/\",\"logo\":{\"@type\":\"ImageObject\",\"inLanguage\":\"fr-FR\",\"@id\":\"https:\/\/jcarchitect.com\/fr\/#\/schema\/logo\/image\/\",\"url\":\"https:\/\/jcarchitect.com\/jcarchitect\/wp-content\/uploads\/favicon-bg.png\",\"contentUrl\":\"https:\/\/jcarchitect.com\/jcarchitect\/wp-content\/uploads\/favicon-bg.png\",\"width\":144,\"height\":144,\"caption\":\"JC Architect\"},\"image\":{\"@id\":\"https:\/\/jcarchitect.com\/fr\/#\/schema\/logo\/image\/\"}},{\"@type\":\"Person\",\"@id\":\"https:\/\/jcarchitect.com\/fr\/#\/schema\/person\/20907e3bb26e939ac9590141e116d16b\",\"name\":\"Jorge Camprecios\",\"image\":{\"@type\":\"ImageObject\",\"inLanguage\":\"fr-FR\",\"@id\":\"https:\/\/jcarchitect.com\/fr\/#\/schema\/person\/image\/\",\"url\":\"https:\/\/secure.gravatar.com\/avatar\/735d2ecd70608d792216ff82149b74fd?s=96&d=mm&r=g\",\"contentUrl\":\"https:\/\/secure.gravatar.com\/avatar\/735d2ecd70608d792216ff82149b74fd?s=96&d=mm&r=g\",\"caption\":\"Jorge Camprecios\"}}]}<\/script>\n<!-- \/ Yoast SEO plugin. -->","yoast_head_json":{"title":"Tendances immobili\u00e8res internationales \u00e0 Barcelone dans 5 ans - JC Architect","description":"Tendances immobili\u00e8res \u00e0 Barcelone : b\u00e2timents modulaires, co-living, micro-appartements et plus. D\u00e9couvrez l\u2019avenir du march\u00e9","robots":{"index":"index","follow":"follow","max-snippet":"max-snippet:-1","max-image-preview":"max-image-preview:large","max-video-preview":"max-video-preview:-1"},"canonical":"https:\/\/jcarchitect.com\/fr\/tendances-immobilieres-internationales-a-barcelone-dans-5-ans\/","og_locale":"fr_FR","og_type":"article","og_title":"Tendances immobili\u00e8res internationales \u00e0 Barcelone dans 5 ans - JC Architect","og_description":"Tendances immobili\u00e8res \u00e0 Barcelone : b\u00e2timents modulaires, co-living, micro-appartements et plus. D\u00e9couvrez l\u2019avenir du march\u00e9","og_url":"https:\/\/jcarchitect.com\/fr\/tendances-immobilieres-internationales-a-barcelone-dans-5-ans\/","og_site_name":"JC Architect","article_published_time":"2025-09-29T10:43:06+00:00","og_image":[{"width":1280,"height":888,"url":"https:\/\/jcarchitect.com\/jcarchitect\/wp-content\/uploads\/automobile-4101263_1280.jpg","type":"image\/jpeg"}],"author":"Jorge Camprecios","twitter_card":"summary_large_image","twitter_misc":{"\u00c9crit par":"Jorge Camprecios","Dur\u00e9e de lecture estim\u00e9e":"3 minutes"},"schema":{"@context":"https:\/\/schema.org","@graph":[{"@type":"Article","@id":"https:\/\/jcarchitect.com\/fr\/tendances-immobilieres-internationales-a-barcelone-dans-5-ans\/#article","isPartOf":{"@id":"https:\/\/jcarchitect.com\/fr\/tendances-immobilieres-internationales-a-barcelone-dans-5-ans\/"},"author":{"name":"Jorge Camprecios","@id":"https:\/\/jcarchitect.com\/fr\/#\/schema\/person\/20907e3bb26e939ac9590141e116d16b"},"headline":"Tendances immobili\u00e8res internationales \u00e0 Barcelone dans 5 ans","datePublished":"2025-09-29T10:43:06+00:00","dateModified":"2025-09-29T10:43:06+00:00","mainEntityOfPage":{"@id":"https:\/\/jcarchitect.com\/fr\/tendances-immobilieres-internationales-a-barcelone-dans-5-ans\/"},"wordCount":604,"publisher":{"@id":"https:\/\/jcarchitect.com\/fr\/#organization"},"image":{"@id":"https:\/\/jcarchitect.com\/fr\/tendances-immobilieres-internationales-a-barcelone-dans-5-ans\/#primaryimage"},"thumbnailUrl":"https:\/\/jcarchitect.com\/jcarchitect\/wp-content\/uploads\/automobile-4101263_1280.jpg","keywords":["b\u00e2timents modulaires","co-living","efficacit\u00e9 \u00e9nerg\u00e9tique","futur de l\u2019immobilier","investissement immobilier","jcarchitect","march\u00e9 immobilier Barcelone","micro-appartements","r\u00e9novation de b\u00e2timents","smart buildings","tendances immobili\u00e8res"],"articleSection":["Non classifi\u00e9(e)"],"inLanguage":"fr-FR"},{"@type":"WebPage","@id":"https:\/\/jcarchitect.com\/fr\/tendances-immobilieres-internationales-a-barcelone-dans-5-ans\/","url":"https:\/\/jcarchitect.com\/fr\/tendances-immobilieres-internationales-a-barcelone-dans-5-ans\/","name":"Tendances immobili\u00e8res internationales \u00e0 Barcelone dans 5 ans - JC Architect","isPartOf":{"@id":"https:\/\/jcarchitect.com\/fr\/#website"},"primaryImageOfPage":{"@id":"https:\/\/jcarchitect.com\/fr\/tendances-immobilieres-internationales-a-barcelone-dans-5-ans\/#primaryimage"},"image":{"@id":"https:\/\/jcarchitect.com\/fr\/tendances-immobilieres-internationales-a-barcelone-dans-5-ans\/#primaryimage"},"thumbnailUrl":"https:\/\/jcarchitect.com\/jcarchitect\/wp-content\/uploads\/automobile-4101263_1280.jpg","datePublished":"2025-09-29T10:43:06+00:00","dateModified":"2025-09-29T10:43:06+00:00","description":"Tendances immobili\u00e8res \u00e0 Barcelone : b\u00e2timents modulaires, co-living, micro-appartements et plus. D\u00e9couvrez l\u2019avenir du march\u00e9","breadcrumb":{"@id":"https:\/\/jcarchitect.com\/fr\/tendances-immobilieres-internationales-a-barcelone-dans-5-ans\/#breadcrumb"},"inLanguage":"fr-FR","potentialAction":[{"@type":"ReadAction","target":["https:\/\/jcarchitect.com\/fr\/tendances-immobilieres-internationales-a-barcelone-dans-5-ans\/"]}]},{"@type":"ImageObject","inLanguage":"fr-FR","@id":"https:\/\/jcarchitect.com\/fr\/tendances-immobilieres-internationales-a-barcelone-dans-5-ans\/#primaryimage","url":"https:\/\/jcarchitect.com\/jcarchitect\/wp-content\/uploads\/automobile-4101263_1280.jpg","contentUrl":"https:\/\/jcarchitect.com\/jcarchitect\/wp-content\/uploads\/automobile-4101263_1280.jpg","width":1280,"height":888},{"@type":"BreadcrumbList","@id":"https:\/\/jcarchitect.com\/fr\/tendances-immobilieres-internationales-a-barcelone-dans-5-ans\/#breadcrumb","itemListElement":[{"@type":"ListItem","position":1,"name":"Home","item":"https:\/\/jcarchitect.com\/fr\/"},{"@type":"ListItem","position":2,"name":"Tendances immobili\u00e8res internationales \u00e0 Barcelone dans 5 ans"}]},{"@type":"WebSite","@id":"https:\/\/jcarchitect.com\/fr\/#website","url":"https:\/\/jcarchitect.com\/fr\/","name":"JC Architect","description":"Real Estate consultancy Barcelona","publisher":{"@id":"https:\/\/jcarchitect.com\/fr\/#organization"},"potentialAction":[{"@type":"SearchAction","target":{"@type":"EntryPoint","urlTemplate":"https:\/\/jcarchitect.com\/fr\/?s={search_term_string}"},"query-input":"required name=search_term_string"}],"inLanguage":"fr-FR"},{"@type":"Organization","@id":"https:\/\/jcarchitect.com\/fr\/#organization","name":"JC Architect","url":"https:\/\/jcarchitect.com\/fr\/","logo":{"@type":"ImageObject","inLanguage":"fr-FR","@id":"https:\/\/jcarchitect.com\/fr\/#\/schema\/logo\/image\/","url":"https:\/\/jcarchitect.com\/jcarchitect\/wp-content\/uploads\/favicon-bg.png","contentUrl":"https:\/\/jcarchitect.com\/jcarchitect\/wp-content\/uploads\/favicon-bg.png","width":144,"height":144,"caption":"JC Architect"},"image":{"@id":"https:\/\/jcarchitect.com\/fr\/#\/schema\/logo\/image\/"}},{"@type":"Person","@id":"https:\/\/jcarchitect.com\/fr\/#\/schema\/person\/20907e3bb26e939ac9590141e116d16b","name":"Jorge Camprecios","image":{"@type":"ImageObject","inLanguage":"fr-FR","@id":"https:\/\/jcarchitect.com\/fr\/#\/schema\/person\/image\/","url":"https:\/\/secure.gravatar.com\/avatar\/735d2ecd70608d792216ff82149b74fd?s=96&d=mm&r=g","contentUrl":"https:\/\/secure.gravatar.com\/avatar\/735d2ecd70608d792216ff82149b74fd?s=96&d=mm&r=g","caption":"Jorge Camprecios"}}]}},"_links":{"self":[{"href":"https:\/\/jcarchitect.com\/fr\/wp-json\/wp\/v2\/posts\/92483"}],"collection":[{"href":"https:\/\/jcarchitect.com\/fr\/wp-json\/wp\/v2\/posts"}],"about":[{"href":"https:\/\/jcarchitect.com\/fr\/wp-json\/wp\/v2\/types\/post"}],"author":[{"embeddable":true,"href":"https:\/\/jcarchitect.com\/fr\/wp-json\/wp\/v2\/users\/2"}],"replies":[{"embeddable":true,"href":"https:\/\/jcarchitect.com\/fr\/wp-json\/wp\/v2\/comments?post=92483"}],"version-history":[{"count":1,"href":"https:\/\/jcarchitect.com\/fr\/wp-json\/wp\/v2\/posts\/92483\/revisions"}],"predecessor-version":[{"id":92484,"href":"https:\/\/jcarchitect.com\/fr\/wp-json\/wp\/v2\/posts\/92483\/revisions\/92484"}],"wp:featuredmedia":[{"embeddable":true,"href":"https:\/\/jcarchitect.com\/fr\/wp-json\/wp\/v2\/media\/92482"}],"wp:attachment":[{"href":"https:\/\/jcarchitect.com\/fr\/wp-json\/wp\/v2\/media?parent=92483"}],"wp:term":[{"taxonomy":"category","embeddable":true,"href":"https:\/\/jcarchitect.com\/fr\/wp-json\/wp\/v2\/categories?post=92483"},{"taxonomy":"post_tag","embeddable":true,"href":"https:\/\/jcarchitect.com\/fr\/wp-json\/wp\/v2\/tags?post=92483"}],"curies":[{"name":"wp","href":"https:\/\/api.w.org\/{rel}","templated":true}]}}