{"id":91544,"date":"2025-07-29T17:37:46","date_gmt":"2025-07-29T15:37:46","guid":{"rendered":"https:\/\/jcarchitect.com\/?p=91544"},"modified":"2025-07-29T17:37:46","modified_gmt":"2025-07-29T15:37:46","slug":"ce-que-votre-pret-immobilier-dit-de-vous-sans-que-vous-le-sachiez","status":"publish","type":"post","link":"https:\/\/jcarchitect.com\/fr\/ce-que-votre-pret-immobilier-dit-de-vous-sans-que-vous-le-sachiez\/","title":{"rendered":"Ce que votre pr\u00eat immobilier dit de vous (sans que vous le sachiez)"},"content":{"rendered":"<h1 data-section-id=\"1eimvp1\" data-start=\"152\" data-end=\"226\">\ud83c\udfe0 Ce que votre pr\u00eat immobilier dit de vous (sans que vous le sachiez)<\/h1>\n<p data-start=\"227\" data-end=\"320\"><em data-start=\"227\" data-end=\"320\">Une lecture psychologique d'une des d\u00e9cisions financi\u00e8res les plus importantes de votre vie<\/em><\/p>\n<hr data-start=\"322\" data-end=\"325\" \/>\n<p data-start=\"327\" data-end=\"545\">Choisir un pr\u00eat immobilier n\u2019est pas seulement un acte financier. C\u2019est aussi une <strong data-start=\"409\" data-end=\"454\">r\u00e9v\u00e9lation discr\u00e8te de votre personnalit\u00e9<\/strong> : votre rapport au risque, votre fa\u00e7on de planifier l\u2019avenir, votre besoin de stabilit\u00e9.<\/p>\n<p data-start=\"547\" data-end=\"702\">Alors que la plupart des gens ne regardent que les taux d\u2019int\u00e9r\u00eat ou les mensualit\u00e9s, la v\u00e9rit\u00e9, c\u2019est que\u2026<br data-start=\"654\" data-end=\"657\" \/><strong data-start=\"657\" data-end=\"702\">votre choix de pr\u00eat en dit long sur vous.<\/strong><\/p>\n<p data-start=\"704\" data-end=\"744\">Envie d\u2019en savoir plus ? Lisez la suite.<\/p>\n<hr data-start=\"746\" data-end=\"749\" \/>\n<h2 data-section-id=\"7rv1i4\" data-start=\"751\" data-end=\"775\">\ud83d\udd12 Pr\u00eat \u00e0 taux fixe<\/h2>\n<p data-start=\"776\" data-end=\"828\"><strong data-start=\"776\" data-end=\"828\">Profil : L\u2019adepte de la stabilit\u00e9 et du contr\u00f4le<\/strong><\/p>\n<p data-start=\"830\" data-end=\"1010\">Si vous avez choisi un pr\u00eat \u00e0 taux fixe, c\u2019est que vous aimez <strong data-start=\"892\" data-end=\"934\">savoir exactement \u00e0 quoi vous attendre<\/strong>. Vous pr\u00e9f\u00e9rez payer un peu plus pour avoir la <strong data-start=\"982\" data-end=\"1007\">tranquillit\u00e9 d\u2019esprit<\/strong>.<\/p>\n<p data-start=\"1012\" data-end=\"1117\">Vous \u00eates organis\u00e9\u00b7e, pr\u00e9voyant\u00b7e et vous n\u2019aimez pas les surprises, surtout quand il s\u2019agit de finances.<\/p>\n<blockquote data-start=\"1119\" data-end=\"1210\">\n<p data-start=\"1121\" data-end=\"1210\">\ud83e\udde0 <em data-start=\"1124\" data-end=\"1154\">Votre devise pourrait \u00eatre :<\/em><br data-start=\"1154\" data-end=\"1157\" \/><em data-start=\"1159\" data-end=\"1210\">\u00ab Mieux vaut un mal connu qu\u2019un bien incertain. \u00bb<\/em><\/p>\n<\/blockquote>\n<hr data-start=\"1212\" data-end=\"1215\" \/>\n<h2 data-section-id=\"1cyt5q6\" data-start=\"1217\" data-end=\"1245\">\ud83d\udd04 Pr\u00eat \u00e0 taux variable<\/h2>\n<p data-start=\"1246\" data-end=\"1283\"><strong data-start=\"1246\" data-end=\"1283\">Profil : Le strat\u00e8ge \u00e0 long terme<\/strong><\/p>\n<p data-start=\"1285\" data-end=\"1485\">Opter pour un taux variable demande une certaine <strong data-start=\"1334\" data-end=\"1393\">confiance en l\u2019avenir et en votre capacit\u00e9 d\u2019adaptation<\/strong>. Vous \u00eates probablement optimiste, flexible et toujours pr\u00eat\u00b7e \u00e0 saisir les opportunit\u00e9s.<\/p>\n<p data-start=\"1487\" data-end=\"1576\">Vous acceptez l\u2019id\u00e9e de prendre un risque <strong data-start=\"1529\" data-end=\"1540\">calcul\u00e9<\/strong> pour obtenir un avantage potentiel.<\/p>\n<blockquote data-start=\"1578\" data-end=\"1652\">\n<p data-start=\"1580\" data-end=\"1652\">\ud83e\udde0 <em data-start=\"1583\" data-end=\"1613\">Votre devise pourrait \u00eatre :<\/em><br data-start=\"1613\" data-end=\"1616\" \/><em data-start=\"1618\" data-end=\"1652\">\u00ab Qui ne risque rien n\u2019a rien. \u00bb<\/em><\/p>\n<\/blockquote>\n<hr data-start=\"1654\" data-end=\"1657\" \/>\n<h2 data-section-id=\"jrpy51\" data-start=\"1659\" data-end=\"1684\">\u2696\ufe0f Pr\u00eat \u00e0 taux mixte<\/h2>\n<p data-start=\"1685\" data-end=\"1722\"><strong data-start=\"1685\" data-end=\"1722\">Profil : Le n\u00e9gociateur \u00e9quilibr\u00e9<\/strong><\/p>\n<p data-start=\"1724\" data-end=\"1965\">Le pr\u00eat mixte est souvent le choix de ceux qui cherchent le <strong data-start=\"1784\" data-end=\"1803\">juste \u00e9quilibre<\/strong> entre s\u00e9curit\u00e9 et libert\u00e9. Vous aimez <strong data-start=\"1842\" data-end=\"1875\">analyser, comparer, anticiper<\/strong>. Vous ne vous laissez pas guider par la peur, mais vous n\u2019\u00eates pas non plus irr\u00e9aliste.<\/p>\n<p data-start=\"1967\" data-end=\"2012\">Vous recherchez <strong data-start=\"1983\" data-end=\"2011\">le compromis intelligent<\/strong>.<\/p>\n<blockquote data-start=\"2014\" data-end=\"2122\">\n<p data-start=\"2016\" data-end=\"2122\">\ud83e\udde0 <em data-start=\"2019\" data-end=\"2049\">Votre devise pourrait \u00eatre :<\/em><br data-start=\"2049\" data-end=\"2052\" \/><em data-start=\"2054\" data-end=\"2122\">\u00ab Tout n\u2019est pas noir ou blanc : la richesse est dans la nuance. \u00bb<\/em><\/p>\n<\/blockquote>\n<hr data-start=\"2124\" data-end=\"2127\" \/>\n<h2 data-section-id=\"1j2ja37\" data-start=\"2129\" data-end=\"2199\">\ud83d\udcc8 Pr\u00eat avec diff\u00e9r\u00e9 de remboursement ou mensualit\u00e9s progressives<\/h2>\n<p data-start=\"2200\" data-end=\"2237\"><strong data-start=\"2200\" data-end=\"2237\">Profil : Le visionnaire optimiste<\/strong><\/p>\n<p data-start=\"2239\" data-end=\"2403\">Si vous avez choisi un pr\u00eat avec diff\u00e9r\u00e9 ou des mensualit\u00e9s croissantes, vous pariez probablement sur <strong data-start=\"2341\" data-end=\"2367\">votre propre \u00e9volution<\/strong> ou celle de votre investissement.<\/p>\n<p data-start=\"2405\" data-end=\"2545\">Vous \u00eates entreprenant\u00b7e, ambitieux\u00b7se, et vous avez confiance en votre avenir. Vous pr\u00e9f\u00e9rez <strong data-start=\"2499\" data-end=\"2544\">investir maintenant et r\u00e9colter plus tard<\/strong>.<\/p>\n<blockquote data-start=\"2547\" data-end=\"2648\">\n<p data-start=\"2549\" data-end=\"2648\">\ud83e\udde0 <em data-start=\"2552\" data-end=\"2582\">Votre devise pourrait \u00eatre :<\/em><br data-start=\"2582\" data-end=\"2585\" \/><em data-start=\"2587\" data-end=\"2648\">\u00ab J\u2019investis pour demain, pas seulement pour aujourd\u2019hui. \u00bb<\/em><\/p>\n<\/blockquote>\n<hr data-start=\"2650\" data-end=\"2653\" \/>\n<h2 data-section-id=\"78uvsi\" data-start=\"2655\" data-end=\"2721\">\ud83e\ude9e Et vous\u2026 vous reconnaissez-vous dans votre pr\u00eat immobilier ?<\/h2>\n<p data-start=\"2723\" data-end=\"2929\">Votre pr\u00eat immobilier ne se limite pas \u00e0 financer un bien. Il exprime aussi <strong data-start=\"2799\" data-end=\"2926\">comment vous prenez vos d\u00e9cisions, comment vous g\u00e9rez l\u2019incertitude et quelle relation vous entretenez avec votre chez-vous<\/strong>.<\/p>\n<p data-start=\"2931\" data-end=\"3016\">Il n\u2019y a pas de bon choix universel. <strong data-start=\"2968\" data-end=\"3016\">Le bon pr\u00eat, c\u2019est celui qui vous ressemble.<\/strong><\/p>\n<hr data-start=\"3018\" data-end=\"3021\" \/>\n<h3 data-section-id=\"1ltbe0n\" data-start=\"3023\" data-end=\"3107\">\u2615 Vous souhaitez savoir quel type de pr\u00eat correspond le mieux \u00e0 votre profil ?<\/h3>\n<p data-start=\"3108\" data-end=\"3244\">Discutons-en.<br data-start=\"3121\" data-end=\"3124\" \/>Je vous accompagne dans une approche consciente de l\u2019immobilier, alliant clart\u00e9 financi\u00e8re et intelligence \u00e9motionnelle.<\/p>\n<p data-start=\"3246\" data-end=\"3360\">\ud83d\udce9 <strong data-start=\"3249\" data-end=\"3261\">E-mail :<\/strong> <a class=\"cursor-pointer\" rel=\"noopener\" data-start=\"3262\" data-end=\"3289\">jcamprecios@jcarchitect.com<\/a><br data-start=\"3289\" data-end=\"3292\" \/>\ud83c\udf10 <strong data-start=\"3295\" data-end=\"3309\">Site web :<\/strong> <a class=\"\" href=\"https:\/\/www.jcarchitect.com\/\" target=\"_new\" rel=\"noopener\" data-start=\"3310\" data-end=\"3360\">www.jcarchitect.com<\/a><\/p>\n","protected":false},"excerpt":{"rendered":"<p>\ud83c\udfe0 Ce que votre pr\u00eat immobilier dit de vous (sans que vous le sachiez) Une lecture psychologique d'une des d\u00e9cisions financi\u00e8res les plus importantes de votre vie Choisir un pr\u00eat immobilier n\u2019est pas seulement un acte financier. C\u2019est aussi une r\u00e9v\u00e9lation discr\u00e8te de votre personnalit\u00e9 : votre rapport au risque, votre fa\u00e7on de planifier l\u2019avenir, [&hellip;]<\/p>\n","protected":false},"author":2,"featured_media":91537,"comment_status":"closed","ping_status":"closed","sticky":false,"template":"","format":"standard","meta":{"footnotes":""},"categories":[77],"tags":[1055,1057,1061,1062,1058,328,1059,1060,1056,1054,318,1053],"yoast_head":"<!-- This site is optimized with the Yoast SEO plugin v22.6 - https:\/\/yoast.com\/wordpress\/plugins\/seo\/ -->\n<title>Ce que votre pr\u00eat immobilier dit de vous (sans que vous le sachiez) - JC Architect<\/title>\n<meta name=\"description\" content=\"Votre type de pr\u00eat en dit long sur vous. Fixe, variable ou mixte : chaque choix refl\u00e8te une mani\u00e8re d\u2019\u00eatre. D\u00e9couvrez quel est votre profil.\" \/>\n<meta name=\"robots\" content=\"index, follow, max-snippet:-1, max-image-preview:large, max-video-preview:-1\" \/>\n<link rel=\"canonical\" href=\"https:\/\/jcarchitect.com\/fr\/ce-que-votre-pret-immobilier-dit-de-vous-sans-que-vous-le-sachiez\/\" \/>\n<meta property=\"og:locale\" content=\"fr_FR\" \/>\n<meta property=\"og:type\" content=\"article\" \/>\n<meta property=\"og:title\" content=\"Ce que votre pr\u00eat immobilier dit de vous (sans que vous le sachiez) - JC Architect\" \/>\n<meta property=\"og:description\" content=\"Votre type de pr\u00eat en dit long sur vous. Fixe, variable ou mixte : chaque choix refl\u00e8te une mani\u00e8re d\u2019\u00eatre. D\u00e9couvrez quel est votre profil.\" \/>\n<meta property=\"og:url\" content=\"https:\/\/jcarchitect.com\/fr\/ce-que-votre-pret-immobilier-dit-de-vous-sans-que-vous-le-sachiez\/\" \/>\n<meta property=\"og:site_name\" content=\"JC Architect\" \/>\n<meta property=\"article:published_time\" content=\"2025-07-29T15:37:46+00:00\" \/>\n<meta property=\"og:image\" content=\"https:\/\/jcarchitect.com\/jcarchitect\/wp-content\/uploads\/ruhr-area-8770685_1280.png\" \/>\n\t<meta property=\"og:image:width\" content=\"1280\" \/>\n\t<meta property=\"og:image:height\" content=\"848\" \/>\n\t<meta property=\"og:image:type\" content=\"image\/png\" \/>\n<meta name=\"author\" content=\"Jorge Camprecios\" \/>\n<meta name=\"twitter:card\" content=\"summary_large_image\" \/>\n<meta name=\"twitter:label1\" content=\"\u00c9crit par\" \/>\n\t<meta name=\"twitter:data1\" content=\"Jorge Camprecios\" \/>\n\t<meta name=\"twitter:label2\" content=\"Dur\u00e9e de lecture estim\u00e9e\" \/>\n\t<meta name=\"twitter:data2\" content=\"2 minutes\" \/>\n<script type=\"application\/ld+json\" class=\"yoast-schema-graph\">{\"@context\":\"https:\/\/schema.org\",\"@graph\":[{\"@type\":\"Article\",\"@id\":\"https:\/\/jcarchitect.com\/fr\/ce-que-votre-pret-immobilier-dit-de-vous-sans-que-vous-le-sachiez\/#article\",\"isPartOf\":{\"@id\":\"https:\/\/jcarchitect.com\/fr\/ce-que-votre-pret-immobilier-dit-de-vous-sans-que-vous-le-sachiez\/\"},\"author\":{\"name\":\"Jorge Camprecios\",\"@id\":\"https:\/\/jcarchitect.com\/fr\/#\/schema\/person\/20907e3bb26e939ac9590141e116d16b\"},\"headline\":\"Ce que votre pr\u00eat immobilier dit de vous (sans que vous le sachiez)\",\"datePublished\":\"2025-07-29T15:37:46+00:00\",\"dateModified\":\"2025-07-29T15:37:46+00:00\",\"mainEntityOfPage\":{\"@id\":\"https:\/\/jcarchitect.com\/fr\/ce-que-votre-pret-immobilier-dit-de-vous-sans-que-vous-le-sachiez\/\"},\"wordCount\":530,\"publisher\":{\"@id\":\"https:\/\/jcarchitect.com\/fr\/#organization\"},\"image\":{\"@id\":\"https:\/\/jcarchitect.com\/fr\/ce-que-votre-pret-immobilier-dit-de-vous-sans-que-vous-le-sachiez\/#primaryimage\"},\"thumbnailUrl\":\"https:\/\/jcarchitect.com\/jcarchitect\/wp-content\/uploads\/ruhr-area-8770685_1280.png\",\"keywords\":[\"Achat immobilier\",\"Bien-\u00eatre financier\",\"D\u00e9cision immobili\u00e8re\",\"Finances personnelles\",\"Investissement conscient\",\"jcarchitect\",\"Pr\u00eat \u00e0 taux fixe\",\"Pr\u00eat \u00e0 taux variable\",\"Profil d\u2019acheteur\",\"Psychologie financi\u00e8re\",\"realestate\",\"Types de pr\u00eat immobilier\"],\"articleSection\":[\"Non classifi\u00e9(e)\"],\"inLanguage\":\"fr-FR\"},{\"@type\":\"WebPage\",\"@id\":\"https:\/\/jcarchitect.com\/fr\/ce-que-votre-pret-immobilier-dit-de-vous-sans-que-vous-le-sachiez\/\",\"url\":\"https:\/\/jcarchitect.com\/fr\/ce-que-votre-pret-immobilier-dit-de-vous-sans-que-vous-le-sachiez\/\",\"name\":\"Ce que votre pr\u00eat immobilier dit de vous (sans que vous le sachiez) - JC Architect\",\"isPartOf\":{\"@id\":\"https:\/\/jcarchitect.com\/fr\/#website\"},\"primaryImageOfPage\":{\"@id\":\"https:\/\/jcarchitect.com\/fr\/ce-que-votre-pret-immobilier-dit-de-vous-sans-que-vous-le-sachiez\/#primaryimage\"},\"image\":{\"@id\":\"https:\/\/jcarchitect.com\/fr\/ce-que-votre-pret-immobilier-dit-de-vous-sans-que-vous-le-sachiez\/#primaryimage\"},\"thumbnailUrl\":\"https:\/\/jcarchitect.com\/jcarchitect\/wp-content\/uploads\/ruhr-area-8770685_1280.png\",\"datePublished\":\"2025-07-29T15:37:46+00:00\",\"dateModified\":\"2025-07-29T15:37:46+00:00\",\"description\":\"Votre type de pr\u00eat en dit long sur vous. Fixe, variable ou mixte : chaque choix refl\u00e8te une mani\u00e8re d\u2019\u00eatre. D\u00e9couvrez quel est votre profil.\",\"breadcrumb\":{\"@id\":\"https:\/\/jcarchitect.com\/fr\/ce-que-votre-pret-immobilier-dit-de-vous-sans-que-vous-le-sachiez\/#breadcrumb\"},\"inLanguage\":\"fr-FR\",\"potentialAction\":[{\"@type\":\"ReadAction\",\"target\":[\"https:\/\/jcarchitect.com\/fr\/ce-que-votre-pret-immobilier-dit-de-vous-sans-que-vous-le-sachiez\/\"]}]},{\"@type\":\"ImageObject\",\"inLanguage\":\"fr-FR\",\"@id\":\"https:\/\/jcarchitect.com\/fr\/ce-que-votre-pret-immobilier-dit-de-vous-sans-que-vous-le-sachiez\/#primaryimage\",\"url\":\"https:\/\/jcarchitect.com\/jcarchitect\/wp-content\/uploads\/ruhr-area-8770685_1280.png\",\"contentUrl\":\"https:\/\/jcarchitect.com\/jcarchitect\/wp-content\/uploads\/ruhr-area-8770685_1280.png\",\"width\":1280,\"height\":848},{\"@type\":\"BreadcrumbList\",\"@id\":\"https:\/\/jcarchitect.com\/fr\/ce-que-votre-pret-immobilier-dit-de-vous-sans-que-vous-le-sachiez\/#breadcrumb\",\"itemListElement\":[{\"@type\":\"ListItem\",\"position\":1,\"name\":\"Home\",\"item\":\"https:\/\/jcarchitect.com\/fr\/\"},{\"@type\":\"ListItem\",\"position\":2,\"name\":\"Ce que votre pr\u00eat immobilier dit de vous (sans que vous le sachiez)\"}]},{\"@type\":\"WebSite\",\"@id\":\"https:\/\/jcarchitect.com\/fr\/#website\",\"url\":\"https:\/\/jcarchitect.com\/fr\/\",\"name\":\"JC Architect\",\"description\":\"Real Estate consultancy Barcelona\",\"publisher\":{\"@id\":\"https:\/\/jcarchitect.com\/fr\/#organization\"},\"potentialAction\":[{\"@type\":\"SearchAction\",\"target\":{\"@type\":\"EntryPoint\",\"urlTemplate\":\"https:\/\/jcarchitect.com\/fr\/?s={search_term_string}\"},\"query-input\":\"required name=search_term_string\"}],\"inLanguage\":\"fr-FR\"},{\"@type\":\"Organization\",\"@id\":\"https:\/\/jcarchitect.com\/fr\/#organization\",\"name\":\"JC Architect\",\"url\":\"https:\/\/jcarchitect.com\/fr\/\",\"logo\":{\"@type\":\"ImageObject\",\"inLanguage\":\"fr-FR\",\"@id\":\"https:\/\/jcarchitect.com\/fr\/#\/schema\/logo\/image\/\",\"url\":\"https:\/\/jcarchitect.com\/jcarchitect\/wp-content\/uploads\/favicon-bg.png\",\"contentUrl\":\"https:\/\/jcarchitect.com\/jcarchitect\/wp-content\/uploads\/favicon-bg.png\",\"width\":144,\"height\":144,\"caption\":\"JC Architect\"},\"image\":{\"@id\":\"https:\/\/jcarchitect.com\/fr\/#\/schema\/logo\/image\/\"}},{\"@type\":\"Person\",\"@id\":\"https:\/\/jcarchitect.com\/fr\/#\/schema\/person\/20907e3bb26e939ac9590141e116d16b\",\"name\":\"Jorge Camprecios\",\"image\":{\"@type\":\"ImageObject\",\"inLanguage\":\"fr-FR\",\"@id\":\"https:\/\/jcarchitect.com\/fr\/#\/schema\/person\/image\/\",\"url\":\"https:\/\/secure.gravatar.com\/avatar\/735d2ecd70608d792216ff82149b74fd?s=96&d=mm&r=g\",\"contentUrl\":\"https:\/\/secure.gravatar.com\/avatar\/735d2ecd70608d792216ff82149b74fd?s=96&d=mm&r=g\",\"caption\":\"Jorge Camprecios\"}}]}<\/script>\n<!-- \/ Yoast SEO plugin. -->","yoast_head_json":{"title":"Ce que votre pr\u00eat immobilier dit de vous (sans que vous le sachiez) - JC Architect","description":"Votre type de pr\u00eat en dit long sur vous. Fixe, variable ou mixte : chaque choix refl\u00e8te une mani\u00e8re d\u2019\u00eatre. D\u00e9couvrez quel est votre profil.","robots":{"index":"index","follow":"follow","max-snippet":"max-snippet:-1","max-image-preview":"max-image-preview:large","max-video-preview":"max-video-preview:-1"},"canonical":"https:\/\/jcarchitect.com\/fr\/ce-que-votre-pret-immobilier-dit-de-vous-sans-que-vous-le-sachiez\/","og_locale":"fr_FR","og_type":"article","og_title":"Ce que votre pr\u00eat immobilier dit de vous (sans que vous le sachiez) - JC Architect","og_description":"Votre type de pr\u00eat en dit long sur vous. Fixe, variable ou mixte : chaque choix refl\u00e8te une mani\u00e8re d\u2019\u00eatre. D\u00e9couvrez quel est votre profil.","og_url":"https:\/\/jcarchitect.com\/fr\/ce-que-votre-pret-immobilier-dit-de-vous-sans-que-vous-le-sachiez\/","og_site_name":"JC Architect","article_published_time":"2025-07-29T15:37:46+00:00","og_image":[{"width":1280,"height":848,"url":"https:\/\/jcarchitect.com\/jcarchitect\/wp-content\/uploads\/ruhr-area-8770685_1280.png","type":"image\/png"}],"author":"Jorge Camprecios","twitter_card":"summary_large_image","twitter_misc":{"\u00c9crit par":"Jorge Camprecios","Dur\u00e9e de lecture estim\u00e9e":"2 minutes"},"schema":{"@context":"https:\/\/schema.org","@graph":[{"@type":"Article","@id":"https:\/\/jcarchitect.com\/fr\/ce-que-votre-pret-immobilier-dit-de-vous-sans-que-vous-le-sachiez\/#article","isPartOf":{"@id":"https:\/\/jcarchitect.com\/fr\/ce-que-votre-pret-immobilier-dit-de-vous-sans-que-vous-le-sachiez\/"},"author":{"name":"Jorge Camprecios","@id":"https:\/\/jcarchitect.com\/fr\/#\/schema\/person\/20907e3bb26e939ac9590141e116d16b"},"headline":"Ce que votre pr\u00eat immobilier dit de vous (sans que vous le sachiez)","datePublished":"2025-07-29T15:37:46+00:00","dateModified":"2025-07-29T15:37:46+00:00","mainEntityOfPage":{"@id":"https:\/\/jcarchitect.com\/fr\/ce-que-votre-pret-immobilier-dit-de-vous-sans-que-vous-le-sachiez\/"},"wordCount":530,"publisher":{"@id":"https:\/\/jcarchitect.com\/fr\/#organization"},"image":{"@id":"https:\/\/jcarchitect.com\/fr\/ce-que-votre-pret-immobilier-dit-de-vous-sans-que-vous-le-sachiez\/#primaryimage"},"thumbnailUrl":"https:\/\/jcarchitect.com\/jcarchitect\/wp-content\/uploads\/ruhr-area-8770685_1280.png","keywords":["Achat immobilier","Bien-\u00eatre financier","D\u00e9cision immobili\u00e8re","Finances personnelles","Investissement conscient","jcarchitect","Pr\u00eat \u00e0 taux fixe","Pr\u00eat \u00e0 taux variable","Profil d\u2019acheteur","Psychologie financi\u00e8re","realestate","Types de pr\u00eat immobilier"],"articleSection":["Non classifi\u00e9(e)"],"inLanguage":"fr-FR"},{"@type":"WebPage","@id":"https:\/\/jcarchitect.com\/fr\/ce-que-votre-pret-immobilier-dit-de-vous-sans-que-vous-le-sachiez\/","url":"https:\/\/jcarchitect.com\/fr\/ce-que-votre-pret-immobilier-dit-de-vous-sans-que-vous-le-sachiez\/","name":"Ce que votre pr\u00eat immobilier dit de vous (sans que vous le sachiez) - JC Architect","isPartOf":{"@id":"https:\/\/jcarchitect.com\/fr\/#website"},"primaryImageOfPage":{"@id":"https:\/\/jcarchitect.com\/fr\/ce-que-votre-pret-immobilier-dit-de-vous-sans-que-vous-le-sachiez\/#primaryimage"},"image":{"@id":"https:\/\/jcarchitect.com\/fr\/ce-que-votre-pret-immobilier-dit-de-vous-sans-que-vous-le-sachiez\/#primaryimage"},"thumbnailUrl":"https:\/\/jcarchitect.com\/jcarchitect\/wp-content\/uploads\/ruhr-area-8770685_1280.png","datePublished":"2025-07-29T15:37:46+00:00","dateModified":"2025-07-29T15:37:46+00:00","description":"Votre type de pr\u00eat en dit long sur vous. Fixe, variable ou mixte : chaque choix refl\u00e8te une mani\u00e8re d\u2019\u00eatre. D\u00e9couvrez quel est votre profil.","breadcrumb":{"@id":"https:\/\/jcarchitect.com\/fr\/ce-que-votre-pret-immobilier-dit-de-vous-sans-que-vous-le-sachiez\/#breadcrumb"},"inLanguage":"fr-FR","potentialAction":[{"@type":"ReadAction","target":["https:\/\/jcarchitect.com\/fr\/ce-que-votre-pret-immobilier-dit-de-vous-sans-que-vous-le-sachiez\/"]}]},{"@type":"ImageObject","inLanguage":"fr-FR","@id":"https:\/\/jcarchitect.com\/fr\/ce-que-votre-pret-immobilier-dit-de-vous-sans-que-vous-le-sachiez\/#primaryimage","url":"https:\/\/jcarchitect.com\/jcarchitect\/wp-content\/uploads\/ruhr-area-8770685_1280.png","contentUrl":"https:\/\/jcarchitect.com\/jcarchitect\/wp-content\/uploads\/ruhr-area-8770685_1280.png","width":1280,"height":848},{"@type":"BreadcrumbList","@id":"https:\/\/jcarchitect.com\/fr\/ce-que-votre-pret-immobilier-dit-de-vous-sans-que-vous-le-sachiez\/#breadcrumb","itemListElement":[{"@type":"ListItem","position":1,"name":"Home","item":"https:\/\/jcarchitect.com\/fr\/"},{"@type":"ListItem","position":2,"name":"Ce que votre pr\u00eat immobilier dit de vous (sans que vous le sachiez)"}]},{"@type":"WebSite","@id":"https:\/\/jcarchitect.com\/fr\/#website","url":"https:\/\/jcarchitect.com\/fr\/","name":"JC Architect","description":"Real Estate consultancy Barcelona","publisher":{"@id":"https:\/\/jcarchitect.com\/fr\/#organization"},"potentialAction":[{"@type":"SearchAction","target":{"@type":"EntryPoint","urlTemplate":"https:\/\/jcarchitect.com\/fr\/?s={search_term_string}"},"query-input":"required name=search_term_string"}],"inLanguage":"fr-FR"},{"@type":"Organization","@id":"https:\/\/jcarchitect.com\/fr\/#organization","name":"JC Architect","url":"https:\/\/jcarchitect.com\/fr\/","logo":{"@type":"ImageObject","inLanguage":"fr-FR","@id":"https:\/\/jcarchitect.com\/fr\/#\/schema\/logo\/image\/","url":"https:\/\/jcarchitect.com\/jcarchitect\/wp-content\/uploads\/favicon-bg.png","contentUrl":"https:\/\/jcarchitect.com\/jcarchitect\/wp-content\/uploads\/favicon-bg.png","width":144,"height":144,"caption":"JC Architect"},"image":{"@id":"https:\/\/jcarchitect.com\/fr\/#\/schema\/logo\/image\/"}},{"@type":"Person","@id":"https:\/\/jcarchitect.com\/fr\/#\/schema\/person\/20907e3bb26e939ac9590141e116d16b","name":"Jorge Camprecios","image":{"@type":"ImageObject","inLanguage":"fr-FR","@id":"https:\/\/jcarchitect.com\/fr\/#\/schema\/person\/image\/","url":"https:\/\/secure.gravatar.com\/avatar\/735d2ecd70608d792216ff82149b74fd?s=96&d=mm&r=g","contentUrl":"https:\/\/secure.gravatar.com\/avatar\/735d2ecd70608d792216ff82149b74fd?s=96&d=mm&r=g","caption":"Jorge Camprecios"}}]}},"_links":{"self":[{"href":"https:\/\/jcarchitect.com\/fr\/wp-json\/wp\/v2\/posts\/91544"}],"collection":[{"href":"https:\/\/jcarchitect.com\/fr\/wp-json\/wp\/v2\/posts"}],"about":[{"href":"https:\/\/jcarchitect.com\/fr\/wp-json\/wp\/v2\/types\/post"}],"author":[{"embeddable":true,"href":"https:\/\/jcarchitect.com\/fr\/wp-json\/wp\/v2\/users\/2"}],"replies":[{"embeddable":true,"href":"https:\/\/jcarchitect.com\/fr\/wp-json\/wp\/v2\/comments?post=91544"}],"version-history":[{"count":1,"href":"https:\/\/jcarchitect.com\/fr\/wp-json\/wp\/v2\/posts\/91544\/revisions"}],"predecessor-version":[{"id":91545,"href":"https:\/\/jcarchitect.com\/fr\/wp-json\/wp\/v2\/posts\/91544\/revisions\/91545"}],"wp:featuredmedia":[{"embeddable":true,"href":"https:\/\/jcarchitect.com\/fr\/wp-json\/wp\/v2\/media\/91537"}],"wp:attachment":[{"href":"https:\/\/jcarchitect.com\/fr\/wp-json\/wp\/v2\/media?parent=91544"}],"wp:term":[{"taxonomy":"category","embeddable":true,"href":"https:\/\/jcarchitect.com\/fr\/wp-json\/wp\/v2\/categories?post=91544"},{"taxonomy":"post_tag","embeddable":true,"href":"https:\/\/jcarchitect.com\/fr\/wp-json\/wp\/v2\/tags?post=91544"}],"curies":[{"name":"wp","href":"https:\/\/api.w.org\/{rel}","templated":true}]}}