{"id":90319,"date":"2025-06-30T15:58:59","date_gmt":"2025-06-30T13:58:59","guid":{"rendered":"https:\/\/jcarchitect.com\/?p=90319"},"modified":"2025-06-30T16:02:44","modified_gmt":"2025-06-30T14:02:44","slug":"bail-de-11-mois-ou-location-longue-duree-fiscalite-et-risques-pour-le-proprietaire-en-espagne","status":"publish","type":"post","link":"https:\/\/jcarchitect.com\/fr\/bail-de-11-mois-ou-location-longue-duree-fiscalite-et-risques-pour-le-proprietaire-en-espagne\/","title":{"rendered":"Bail de 11 mois ou location longue dur\u00e9e ? Fiscalit\u00e9 et risques pour le propri\u00e9taire en Espagne"},"content":{"rendered":"<h2 data-start=\"130\" data-end=\"235\">\ud83c\udfe0 <strong data-start=\"136\" data-end=\"235\">Bail de 11 mois ou location longue dur\u00e9e ? Fiscalit\u00e9 et risques pour le propri\u00e9taire en Espagne<\/strong><\/h2>\n<p data-start=\"237\" data-end=\"359\">Si tu es propri\u00e9taire d\u2019un bien immobilier ou que tu envisages de le mettre en location, tu t\u2019es s\u00fbrement d\u00e9j\u00e0 demand\u00e9 :<\/p>\n<blockquote data-start=\"361\" data-end=\"451\">\n<p data-start=\"363\" data-end=\"451\"><a href=\"https:\/\/as.com\/actualidad\/sociedad\/cambio-radical-en-los-alquileres-en-espana-esta-es-la-nueva-medida-que-entra-en-vigor-en-2025-n\/?utm_source=chatgpt.com\"><strong data-start=\"363\" data-end=\"451\">Vaut-il mieux signer un contrat de 11 mois ou opter pour une location longue dur\u00e9e ?<\/strong><\/a><\/p>\n<\/blockquote>\n<p data-start=\"453\" data-end=\"638\">Au-del\u00e0 de la dur\u00e9e, deux aspects essentiels doivent \u00eatre pris en compte par tout propri\u00e9taire en Espagne : <strong data-start=\"561\" data-end=\"621\">la fiscalit\u00e9 et le risque d\u2019occupation ill\u00e9gale (squat).<\/strong> Voyons pourquoi.<\/p>\n<hr data-start=\"640\" data-end=\"643\" \/>\n<h3 data-start=\"645\" data-end=\"706\">\u2705 <strong data-start=\"651\" data-end=\"706\">Fiscalit\u00e9 : Quelle option est la plus avantageuse ?<\/strong><\/h3>\n<p data-start=\"708\" data-end=\"844\">La grande diff\u00e9rence entre un bail longue dur\u00e9e et un contrat de 11 mois concerne <strong data-start=\"790\" data-end=\"844\">la mani\u00e8re dont les revenus locatifs sont impos\u00e9s.<\/strong><\/p>\n<h4 data-start=\"846\" data-end=\"902\">\ud83d\udd39 <strong data-start=\"854\" data-end=\"902\">Location longue dur\u00e9e (r\u00e9sidence principale)<\/strong><\/h4>\n<ul data-start=\"904\" data-end=\"1257\">\n<li data-start=\"904\" data-end=\"982\">\n<p data-start=\"906\" data-end=\"982\">Consid\u00e9r\u00e9e comme r\u00e9sidence principale si le locataire y vit de fa\u00e7on stable.<\/p>\n<\/li>\n<li data-start=\"983\" data-end=\"1100\">\n<p data-start=\"985\" data-end=\"1100\">Tu b\u00e9n\u00e9ficies d\u2019un <strong data-start=\"1004\" data-end=\"1026\">abattement de 50 %<\/strong> sur le revenu net de la location (depuis 2024 ; avant, il \u00e9tait de 60 %).<\/p>\n<\/li>\n<li data-start=\"1101\" data-end=\"1257\">\n<p data-start=\"1103\" data-end=\"1257\">Cela signifie qu\u2019apr\u00e8s d\u00e9duction des charges (imp\u00f4ts locaux, charges de copropri\u00e9t\u00e9, assurance, entretien), <strong data-start=\"1211\" data-end=\"1257\">seulement 50 % du b\u00e9n\u00e9fice net est impos\u00e9.<\/strong><\/p>\n<\/li>\n<\/ul>\n<p data-start=\"1259\" data-end=\"1338\">\u2705 <strong data-start=\"1261\" data-end=\"1275\">Avantage :<\/strong> tu paies moins d\u2019imp\u00f4ts et conserves un revenu net plus \u00e9lev\u00e9.<\/p>\n<hr data-start=\"1340\" data-end=\"1343\" \/>\n<h4 data-start=\"1345\" data-end=\"1396\">\ud83d\udd39 <strong data-start=\"1353\" data-end=\"1396\">Bail de 11 mois ou location saisonni\u00e8re<\/strong><\/h4>\n<ul data-start=\"1398\" data-end=\"1758\">\n<li data-start=\"1398\" data-end=\"1537\">\n<p data-start=\"1400\" data-end=\"1537\">M\u00eame s\u2019il dure presque un an, un bail de 11 mois est consid\u00e9r\u00e9 comme une <strong data-start=\"1473\" data-end=\"1497\">location saisonni\u00e8re<\/strong>, et non comme une r\u00e9sidence principale.<\/p>\n<\/li>\n<li data-start=\"1538\" data-end=\"1576\">\n<p data-start=\"1540\" data-end=\"1576\"><strong data-start=\"1540\" data-end=\"1576\">Pas d\u2019abattement fiscal de 50 %.<\/strong><\/p>\n<\/li>\n<li data-start=\"1577\" data-end=\"1631\">\n<p data-start=\"1579\" data-end=\"1631\">Les imp\u00f4ts s\u2019appliquent sur <strong data-start=\"1607\" data-end=\"1631\">100 % du revenu net.<\/strong><\/p>\n<\/li>\n<li data-start=\"1632\" data-end=\"1758\">\n<p data-start=\"1634\" data-end=\"1758\">S\u2019il s\u2019agit d\u2019une location touristique, il peut y avoir des obligations suppl\u00e9mentaires (licence, r\u00e8glementations strictes).<\/p>\n<\/li>\n<\/ul>\n<p data-start=\"1760\" data-end=\"1844\">\u26a0\ufe0f <strong data-start=\"1763\" data-end=\"1781\">Inconv\u00e9nient :<\/strong> tu paies davantage d\u2019imp\u00f4ts, et le revenu net est plus faible.<\/p>\n<hr data-start=\"1846\" data-end=\"1849\" \/>\n<h3 data-start=\"1851\" data-end=\"1907\">\ud83d\udcca <strong data-start=\"1858\" data-end=\"1907\">Exemple concret : Location \u00e0 2.300 \u20ac par mois<\/strong><\/h3>\n<p data-start=\"1909\" data-end=\"2036\">Imaginons que tu loues ton appartement <strong data-start=\"1948\" data-end=\"1968\">2.300 \u20ac par mois<\/strong> (soit 27.600 \u20ac par an) avec 20 % de charges d\u00e9ductibles (5.520 \u20ac) :<\/p>\n<ul data-start=\"2038\" data-end=\"2384\">\n<li data-start=\"2038\" data-end=\"2214\">\n<p data-start=\"2040\" data-end=\"2090\"><strong data-start=\"2040\" data-end=\"2090\">Location longue dur\u00e9e (r\u00e9sidence principale) :<\/strong><\/p>\n<ul data-start=\"2093\" data-end=\"2214\">\n<li data-start=\"2093\" data-end=\"2130\">\n<p data-start=\"2095\" data-end=\"2130\">Revenu net apr\u00e8s charges : 22.080 \u20ac<\/p>\n<\/li>\n<li data-start=\"2133\" data-end=\"2181\">\n<p data-start=\"2135\" data-end=\"2181\">Abattement de 50 % \u2192 base imposable : 11.040 \u20ac<\/p>\n<\/li>\n<li data-start=\"2184\" data-end=\"2214\">\n<p data-start=\"2186\" data-end=\"2214\">IRPF (37 %) : <strong data-start=\"2200\" data-end=\"2214\">4.084,80 \u20ac<\/strong><\/p>\n<\/li>\n<\/ul>\n<\/li>\n<li data-start=\"2216\" data-end=\"2384\">\n<p data-start=\"2218\" data-end=\"2262\"><strong data-start=\"2218\" data-end=\"2262\">Bail de 11 mois (location saisonni\u00e8re) :<\/strong><\/p>\n<ul data-start=\"2265\" data-end=\"2384\">\n<li data-start=\"2265\" data-end=\"2302\">\n<p data-start=\"2267\" data-end=\"2302\">Revenu net apr\u00e8s charges : 22.080 \u20ac<\/p>\n<\/li>\n<li data-start=\"2305\" data-end=\"2351\">\n<p data-start=\"2307\" data-end=\"2351\">Pas d\u2019abattement \u2192 base imposable : 22.080 \u20ac<\/p>\n<\/li>\n<li data-start=\"2354\" data-end=\"2384\">\n<p data-start=\"2356\" data-end=\"2384\">IRPF (37 %) : <strong data-start=\"2370\" data-end=\"2384\">8.169,60 \u20ac<\/strong><\/p>\n<\/li>\n<\/ul>\n<\/li>\n<\/ul>\n<p data-start=\"2386\" data-end=\"2478\">\u27a1\ufe0f <strong data-start=\"2389\" data-end=\"2405\">Diff\u00e9rence :<\/strong> avec un bail longue dur\u00e9e, tu paierais <strong data-start=\"2445\" data-end=\"2478\">4.084,80 \u20ac de moins d\u2019imp\u00f4ts.<\/strong><\/p>\n<hr data-start=\"2480\" data-end=\"2483\" \/>\n<h3 data-start=\"2485\" data-end=\"2532\">\u26a0\ufe0f <strong data-start=\"2492\" data-end=\"2532\">Et le risque d\u2019occupation ill\u00e9gale ?<\/strong><\/h3>\n<p data-start=\"2534\" data-end=\"2598\">C\u2019est l\u2019autre grande pr\u00e9occupation des propri\u00e9taires en Espagne.<\/p>\n<h4 data-start=\"2600\" data-end=\"2633\">\ud83d\udd39 <strong data-start=\"2608\" data-end=\"2633\">Location longue dur\u00e9e<\/strong><\/h4>\n<ul data-start=\"2635\" data-end=\"2926\">\n<li data-start=\"2635\" data-end=\"2726\">\n<p data-start=\"2637\" data-end=\"2726\">Si le locataire cesse de payer, il faut entamer une <strong data-start=\"2689\" data-end=\"2726\">proc\u00e9dure judiciaire d\u2019expulsion.<\/strong><\/p>\n<\/li>\n<li data-start=\"2727\" data-end=\"2807\">\n<p data-start=\"2729\" data-end=\"2807\">Cela peut prendre entre 4 et 9 mois, selon la charge de travail des tribunaux.<\/p>\n<\/li>\n<li data-start=\"2808\" data-end=\"2926\">\n<p data-start=\"2810\" data-end=\"2926\">Toutefois, avec un contrat sign\u00e9, la proc\u00e9dure est claire et tu disposes de preuves l\u00e9gales pour r\u00e9cup\u00e9rer ton bien.<\/p>\n<\/li>\n<\/ul>\n<hr data-start=\"2928\" data-end=\"2931\" \/>\n<h4 data-start=\"2933\" data-end=\"2960\">\ud83d\udd39 <strong data-start=\"2941\" data-end=\"2960\">Bail de 11 mois<\/strong><\/h4>\n<ul data-start=\"2962\" data-end=\"3472\">\n<li data-start=\"2962\" data-end=\"3107\">\n<p data-start=\"2964\" data-end=\"3107\">Beaucoup de propri\u00e9taires pensent qu\u2019un contrat de 11 mois permet d\u2019expulser plus facilement un locataire. Mais <strong data-start=\"3076\" data-end=\"3107\">ce n\u2019est pas toujours vrai.<\/strong><\/p>\n<\/li>\n<li data-start=\"3108\" data-end=\"3308\">\n<p data-start=\"3110\" data-end=\"3308\">Si le locataire r\u00e9ussit \u00e0 prouver que le logement constitue sa r\u00e9sidence principale, il peut revendiquer les droits pr\u00e9vus par la loi sur les baux urbains, m\u00eame si le contrat indique \u00ab saisonnier \u00bb.<\/p>\n<\/li>\n<li data-start=\"3309\" data-end=\"3397\">\n<p data-start=\"3311\" data-end=\"3397\">La proc\u00e9dure d\u2019expulsion <strong data-start=\"3336\" data-end=\"3351\">est la m\u00eame<\/strong> qu\u2019en location longue dur\u00e9e en cas d\u2019impay\u00e9s.<\/p>\n<\/li>\n<li data-start=\"3398\" data-end=\"3472\">\n<p data-start=\"3400\" data-end=\"3472\">Si le locataire refuse de partir, il faudra \u00e9galement saisir la justice.<\/p>\n<\/li>\n<\/ul>\n<hr data-start=\"3474\" data-end=\"3477\" \/>\n<h4 data-start=\"3479\" data-end=\"3518\">\ud83d\udd39 <strong data-start=\"3487\" data-end=\"3518\">Occupation ill\u00e9gale (squat)<\/strong><\/h4>\n<ul data-start=\"3520\" data-end=\"3932\">\n<li data-start=\"3520\" data-end=\"3626\">\n<p data-start=\"3522\" data-end=\"3626\">Si des personnes entrent chez toi sans contrat ni autorisation, il s\u2019agit d\u2019une <strong data-start=\"3602\" data-end=\"3626\">occupation ill\u00e9gale.<\/strong><\/p>\n<\/li>\n<li data-start=\"3627\" data-end=\"3779\">\n<p data-start=\"3629\" data-end=\"3779\">Si tu agis rapidement (dans les 48 premi\u00e8res heures), la police peut les expulser sans d\u00e9cision judiciaire, car il s\u2019agit d\u2019une violation de domicile.<\/p>\n<\/li>\n<li data-start=\"3780\" data-end=\"3932\">\n<p data-start=\"3782\" data-end=\"3932\">Mais si les occupants r\u00e9ussissent \u00e0 se domicilier \u00e0 cette adresse ou \u00e0 prouver qu\u2019ils y vivent, la proc\u00e9dure devient beaucoup plus longue et complexe.<\/p>\n<\/li>\n<\/ul>\n<hr data-start=\"3934\" data-end=\"3937\" \/>\n<h3 data-start=\"3939\" data-end=\"3989\">\ud83c\udfaf <strong data-start=\"3946\" data-end=\"3989\">Alors\u2026 Quelle est la meilleure option ?<\/strong><\/h3>\n<ul data-start=\"3991\" data-end=\"4464\">\n<li data-start=\"3991\" data-end=\"4097\">\n<p data-start=\"3993\" data-end=\"4097\"><strong data-start=\"3993\" data-end=\"4016\">Sur le plan fiscal,<\/strong> la location longue dur\u00e9e est bien plus avantageuse gr\u00e2ce \u00e0 l\u2019abattement de 50 %.<\/p>\n<\/li>\n<li data-start=\"4098\" data-end=\"4264\">\n<p data-start=\"4100\" data-end=\"4264\"><strong data-start=\"4100\" data-end=\"4126\">Sur le plan juridique,<\/strong> un contrat bien r\u00e9dig\u00e9 avec garanties (caution, assurance loyers impay\u00e9s, s\u00e9lection rigoureuse des locataires) est g\u00e9n\u00e9ralement plus s\u00fbr.<\/p>\n<\/li>\n<li data-start=\"4265\" data-end=\"4388\">\n<p data-start=\"4267\" data-end=\"4388\">Un bail de 11 mois <strong data-start=\"4286\" data-end=\"4327\">ne te prot\u00e8ge pas forc\u00e9ment davantage<\/strong> contre les impay\u00e9s ni ne garantit une expulsion plus rapide.<\/p>\n<\/li>\n<li data-start=\"4389\" data-end=\"4464\">\n<p data-start=\"4391\" data-end=\"4464\">De plus, la fiscalit\u00e9 est bien plus lourde pour les contrats saisonniers.<\/p>\n<\/li>\n<\/ul>\n<hr data-start=\"4466\" data-end=\"4469\" \/>\n<h3 data-start=\"4471\" data-end=\"4507\">\u2705 <strong data-start=\"4477\" data-end=\"4507\">Conseils aux propri\u00e9taires<\/strong><\/h3>\n<p data-start=\"4509\" data-end=\"4899\">\u2714 R\u00e9fl\u00e9chis \u00e0 ta strat\u00e9gie : privil\u00e9gies-tu la rentabilit\u00e9 nette ou la flexibilit\u00e9 ?<br data-start=\"4593\" data-end=\"4596\" \/>\u2714 S\u00e9lectionne soigneusement tes locataires.<br data-start=\"4639\" data-end=\"4642\" \/>\u2714 Envisage une assurance loyers impay\u00e9s si tu choisis la location longue dur\u00e9e.<br data-start=\"4721\" data-end=\"4724\" \/>\u2714 Si tu optes pour la location touristique, renseigne-toi bien sur la r\u00e9glementation et les licences.<br data-start=\"4825\" data-end=\"4828\" \/>\u2714 Consulte toujours un comptable ou un avocat sp\u00e9cialis\u00e9 en immobilier.<\/p>\n<hr data-start=\"4901\" data-end=\"4904\" \/>\n<p data-start=\"4906\" data-end=\"5186\"><strong data-start=\"4906\" data-end=\"4921\">En r\u00e9sum\u00e9 :<\/strong><br data-start=\"4921\" data-end=\"4924\" \/>\ud83d\udd39 <strong data-start=\"4927\" data-end=\"4990\">Location longue dur\u00e9e \u2192 Moins d\u2019imp\u00f4ts, plus de revenu net.<\/strong><br data-start=\"4990\" data-end=\"4993\" \/>\ud83d\udd39 <strong data-start=\"4996\" data-end=\"5079\">Location saisonni\u00e8re \u2192 Plus d\u2019imp\u00f4ts, sans protection juridique suppl\u00e9mentaire.<\/strong><br data-start=\"5079\" data-end=\"5082\" \/>\ud83d\udd39 <strong data-start=\"5085\" data-end=\"5186\">Occupation ill\u00e9gale \u2192 Agir vite est essentiel, mais aucun contrat n\u2019\u00e9limine totalement le risque.<\/strong><\/p>\n<p data-start=\"5188\" data-end=\"5352\">Si tu souhaites louer ton bien et optimiser \u00e0 la fois ta fiscalit\u00e9 et ta s\u00e9curit\u00e9, n\u2019h\u00e9site pas \u00e0 demander conseil \u00e0 un professionnel pour faire le meilleur choix !<\/p>\n","protected":false},"excerpt":{"rendered":"<p>\ud83c\udfe0 Bail de 11 mois ou location longue dur\u00e9e ? Fiscalit\u00e9 et risques pour le propri\u00e9taire en Espagne Si tu es propri\u00e9taire d\u2019un bien immobilier ou que tu envisages de le mettre en location, tu t\u2019es s\u00fbrement d\u00e9j\u00e0 demand\u00e9 : Vaut-il mieux signer un contrat de 11 mois ou opter pour une location longue dur\u00e9e [&hellip;]<\/p>\n","protected":false},"author":2,"featured_media":90284,"comment_status":"closed","ping_status":"closed","sticky":false,"template":"","format":"standard","meta":{"footnotes":""},"categories":[77],"tags":[551,517,416,329,341,293,367,394,391,414,321,463,437,348,328,318],"yoast_head":"<!-- This site is optimized with the Yoast SEO plugin v22.6 - https:\/\/yoast.com\/wordpress\/plugins\/seo\/ -->\n<title>Bail de 11 mois ou location longue dur\u00e9e ? Fiscalit\u00e9 et risques pour le propri\u00e9taire en Espagne - JC Architect<\/title>\n<meta name=\"description\" content=\"Bail de 11 mois ou longue dur\u00e9e en Espagne ? D\u00e9couvre fiscalit\u00e9, risques d\u2019occupation et quelle option est la meilleure pour le propri\u00e9taire.\" \/>\n<meta name=\"robots\" content=\"index, follow, max-snippet:-1, max-image-preview:large, max-video-preview:-1\" \/>\n<link rel=\"canonical\" href=\"https:\/\/jcarchitect.com\/fr\/bail-de-11-mois-ou-location-longue-duree-fiscalite-et-risques-pour-le-proprietaire-en-espagne\/\" \/>\n<meta property=\"og:locale\" content=\"fr_FR\" \/>\n<meta property=\"og:type\" content=\"article\" \/>\n<meta property=\"og:title\" content=\"Bail de 11 mois ou location longue dur\u00e9e ? Fiscalit\u00e9 et risques pour le propri\u00e9taire en Espagne - JC Architect\" \/>\n<meta property=\"og:description\" content=\"Bail de 11 mois ou longue dur\u00e9e en Espagne ? D\u00e9couvre fiscalit\u00e9, risques d\u2019occupation et quelle option est la meilleure pour le propri\u00e9taire.\" \/>\n<meta property=\"og:url\" content=\"https:\/\/jcarchitect.com\/fr\/bail-de-11-mois-ou-location-longue-duree-fiscalite-et-risques-pour-le-proprietaire-en-espagne\/\" \/>\n<meta property=\"og:site_name\" content=\"JC Architect\" \/>\n<meta property=\"article:published_time\" content=\"2025-06-30T13:58:59+00:00\" \/>\n<meta property=\"article:modified_time\" content=\"2025-06-30T14:02:44+00:00\" \/>\n<meta property=\"og:image\" content=\"https:\/\/jcarchitect.com\/jcarchitect\/wp-content\/uploads\/BCN-S598-2.jpg\" \/>\n\t<meta property=\"og:image:width\" content=\"1280\" \/>\n\t<meta property=\"og:image:height\" content=\"720\" \/>\n\t<meta property=\"og:image:type\" content=\"image\/jpeg\" \/>\n<meta name=\"author\" content=\"Jorge Camprecios\" \/>\n<meta name=\"twitter:card\" content=\"summary_large_image\" \/>\n<meta name=\"twitter:label1\" content=\"\u00c9crit par\" \/>\n\t<meta name=\"twitter:data1\" content=\"Jorge Camprecios\" \/>\n\t<meta name=\"twitter:label2\" content=\"Dur\u00e9e de lecture estim\u00e9e\" \/>\n\t<meta name=\"twitter:data2\" content=\"4 minutes\" \/>\n<script type=\"application\/ld+json\" class=\"yoast-schema-graph\">{\"@context\":\"https:\/\/schema.org\",\"@graph\":[{\"@type\":\"Article\",\"@id\":\"https:\/\/jcarchitect.com\/fr\/bail-de-11-mois-ou-location-longue-duree-fiscalite-et-risques-pour-le-proprietaire-en-espagne\/#article\",\"isPartOf\":{\"@id\":\"https:\/\/jcarchitect.com\/fr\/bail-de-11-mois-ou-location-longue-duree-fiscalite-et-risques-pour-le-proprietaire-en-espagne\/\"},\"author\":{\"name\":\"Jorge Camprecios\",\"@id\":\"https:\/\/jcarchitect.com\/fr\/#\/schema\/person\/20907e3bb26e939ac9590141e116d16b\"},\"headline\":\"Bail de 11 mois ou location longue dur\u00e9e ? Fiscalit\u00e9 et risques pour le propri\u00e9taire en Espagne\",\"datePublished\":\"2025-06-30T13:58:59+00:00\",\"dateModified\":\"2025-06-30T14:02:44+00:00\",\"mainEntityOfPage\":{\"@id\":\"https:\/\/jcarchitect.com\/fr\/bail-de-11-mois-ou-location-longue-duree-fiscalite-et-risques-pour-le-proprietaire-en-espagne\/\"},\"wordCount\":839,\"publisher\":{\"@id\":\"https:\/\/jcarchitect.com\/fr\/#organization\"},\"image\":{\"@id\":\"https:\/\/jcarchitect.com\/fr\/bail-de-11-mois-ou-location-longue-duree-fiscalite-et-risques-pour-le-proprietaire-en-espagne\/#primaryimage\"},\"thumbnailUrl\":\"https:\/\/jcarchitect.com\/jcarchitect\/wp-content\/uploads\/BCN-S598-2.jpg\",\"keywords\":[\"Am\u00e9liorationsdelaPropri\u00e9t\u00e9\",\"architecture\",\"bonagentimmobilier\",\"buyingvsrenting\",\"cityvsnature\",\"courtier immobilier\",\"droitsdeproprite\",\"Durabilit\u00e9\",\"Exp\u00e9riencesavantPropri\u00e9t\u00e9\",\"Flexibilit\u00e9etpatience\",\"future\",\"Gouvernance\",\"GuidanceCompl\u00e8te\",\"investmentopportunity\",\"jcarchitect\",\"realestate\"],\"articleSection\":[\"Non classifi\u00e9(e)\"],\"inLanguage\":\"fr-FR\"},{\"@type\":\"WebPage\",\"@id\":\"https:\/\/jcarchitect.com\/fr\/bail-de-11-mois-ou-location-longue-duree-fiscalite-et-risques-pour-le-proprietaire-en-espagne\/\",\"url\":\"https:\/\/jcarchitect.com\/fr\/bail-de-11-mois-ou-location-longue-duree-fiscalite-et-risques-pour-le-proprietaire-en-espagne\/\",\"name\":\"Bail de 11 mois ou location longue dur\u00e9e ? Fiscalit\u00e9 et risques pour le propri\u00e9taire en Espagne - JC Architect\",\"isPartOf\":{\"@id\":\"https:\/\/jcarchitect.com\/fr\/#website\"},\"primaryImageOfPage\":{\"@id\":\"https:\/\/jcarchitect.com\/fr\/bail-de-11-mois-ou-location-longue-duree-fiscalite-et-risques-pour-le-proprietaire-en-espagne\/#primaryimage\"},\"image\":{\"@id\":\"https:\/\/jcarchitect.com\/fr\/bail-de-11-mois-ou-location-longue-duree-fiscalite-et-risques-pour-le-proprietaire-en-espagne\/#primaryimage\"},\"thumbnailUrl\":\"https:\/\/jcarchitect.com\/jcarchitect\/wp-content\/uploads\/BCN-S598-2.jpg\",\"datePublished\":\"2025-06-30T13:58:59+00:00\",\"dateModified\":\"2025-06-30T14:02:44+00:00\",\"description\":\"Bail de 11 mois ou longue dur\u00e9e en Espagne ? D\u00e9couvre fiscalit\u00e9, risques d\u2019occupation et quelle option est la meilleure pour le propri\u00e9taire.\",\"breadcrumb\":{\"@id\":\"https:\/\/jcarchitect.com\/fr\/bail-de-11-mois-ou-location-longue-duree-fiscalite-et-risques-pour-le-proprietaire-en-espagne\/#breadcrumb\"},\"inLanguage\":\"fr-FR\",\"potentialAction\":[{\"@type\":\"ReadAction\",\"target\":[\"https:\/\/jcarchitect.com\/fr\/bail-de-11-mois-ou-location-longue-duree-fiscalite-et-risques-pour-le-proprietaire-en-espagne\/\"]}]},{\"@type\":\"ImageObject\",\"inLanguage\":\"fr-FR\",\"@id\":\"https:\/\/jcarchitect.com\/fr\/bail-de-11-mois-ou-location-longue-duree-fiscalite-et-risques-pour-le-proprietaire-en-espagne\/#primaryimage\",\"url\":\"https:\/\/jcarchitect.com\/jcarchitect\/wp-content\/uploads\/BCN-S598-2.jpg\",\"contentUrl\":\"https:\/\/jcarchitect.com\/jcarchitect\/wp-content\/uploads\/BCN-S598-2.jpg\",\"width\":1280,\"height\":720},{\"@type\":\"BreadcrumbList\",\"@id\":\"https:\/\/jcarchitect.com\/fr\/bail-de-11-mois-ou-location-longue-duree-fiscalite-et-risques-pour-le-proprietaire-en-espagne\/#breadcrumb\",\"itemListElement\":[{\"@type\":\"ListItem\",\"position\":1,\"name\":\"Home\",\"item\":\"https:\/\/jcarchitect.com\/fr\/\"},{\"@type\":\"ListItem\",\"position\":2,\"name\":\"Bail de 11 mois ou location longue dur\u00e9e ? Fiscalit\u00e9 et risques pour le propri\u00e9taire en Espagne\"}]},{\"@type\":\"WebSite\",\"@id\":\"https:\/\/jcarchitect.com\/fr\/#website\",\"url\":\"https:\/\/jcarchitect.com\/fr\/\",\"name\":\"JC Architect\",\"description\":\"Real Estate consultancy Barcelona\",\"publisher\":{\"@id\":\"https:\/\/jcarchitect.com\/fr\/#organization\"},\"potentialAction\":[{\"@type\":\"SearchAction\",\"target\":{\"@type\":\"EntryPoint\",\"urlTemplate\":\"https:\/\/jcarchitect.com\/fr\/?s={search_term_string}\"},\"query-input\":\"required name=search_term_string\"}],\"inLanguage\":\"fr-FR\"},{\"@type\":\"Organization\",\"@id\":\"https:\/\/jcarchitect.com\/fr\/#organization\",\"name\":\"JC Architect\",\"url\":\"https:\/\/jcarchitect.com\/fr\/\",\"logo\":{\"@type\":\"ImageObject\",\"inLanguage\":\"fr-FR\",\"@id\":\"https:\/\/jcarchitect.com\/fr\/#\/schema\/logo\/image\/\",\"url\":\"https:\/\/jcarchitect.com\/jcarchitect\/wp-content\/uploads\/favicon-bg.png\",\"contentUrl\":\"https:\/\/jcarchitect.com\/jcarchitect\/wp-content\/uploads\/favicon-bg.png\",\"width\":144,\"height\":144,\"caption\":\"JC Architect\"},\"image\":{\"@id\":\"https:\/\/jcarchitect.com\/fr\/#\/schema\/logo\/image\/\"}},{\"@type\":\"Person\",\"@id\":\"https:\/\/jcarchitect.com\/fr\/#\/schema\/person\/20907e3bb26e939ac9590141e116d16b\",\"name\":\"Jorge Camprecios\",\"image\":{\"@type\":\"ImageObject\",\"inLanguage\":\"fr-FR\",\"@id\":\"https:\/\/jcarchitect.com\/fr\/#\/schema\/person\/image\/\",\"url\":\"https:\/\/secure.gravatar.com\/avatar\/735d2ecd70608d792216ff82149b74fd?s=96&d=mm&r=g\",\"contentUrl\":\"https:\/\/secure.gravatar.com\/avatar\/735d2ecd70608d792216ff82149b74fd?s=96&d=mm&r=g\",\"caption\":\"Jorge Camprecios\"}}]}<\/script>\n<!-- \/ Yoast SEO plugin. -->","yoast_head_json":{"title":"Bail de 11 mois ou location longue dur\u00e9e ? Fiscalit\u00e9 et risques pour le propri\u00e9taire en Espagne - JC Architect","description":"Bail de 11 mois ou longue dur\u00e9e en Espagne ? D\u00e9couvre fiscalit\u00e9, risques d\u2019occupation et quelle option est la meilleure pour le propri\u00e9taire.","robots":{"index":"index","follow":"follow","max-snippet":"max-snippet:-1","max-image-preview":"max-image-preview:large","max-video-preview":"max-video-preview:-1"},"canonical":"https:\/\/jcarchitect.com\/fr\/bail-de-11-mois-ou-location-longue-duree-fiscalite-et-risques-pour-le-proprietaire-en-espagne\/","og_locale":"fr_FR","og_type":"article","og_title":"Bail de 11 mois ou location longue dur\u00e9e ? Fiscalit\u00e9 et risques pour le propri\u00e9taire en Espagne - JC Architect","og_description":"Bail de 11 mois ou longue dur\u00e9e en Espagne ? D\u00e9couvre fiscalit\u00e9, risques d\u2019occupation et quelle option est la meilleure pour le propri\u00e9taire.","og_url":"https:\/\/jcarchitect.com\/fr\/bail-de-11-mois-ou-location-longue-duree-fiscalite-et-risques-pour-le-proprietaire-en-espagne\/","og_site_name":"JC Architect","article_published_time":"2025-06-30T13:58:59+00:00","article_modified_time":"2025-06-30T14:02:44+00:00","og_image":[{"width":1280,"height":720,"url":"https:\/\/jcarchitect.com\/jcarchitect\/wp-content\/uploads\/BCN-S598-2.jpg","type":"image\/jpeg"}],"author":"Jorge Camprecios","twitter_card":"summary_large_image","twitter_misc":{"\u00c9crit par":"Jorge Camprecios","Dur\u00e9e de lecture estim\u00e9e":"4 minutes"},"schema":{"@context":"https:\/\/schema.org","@graph":[{"@type":"Article","@id":"https:\/\/jcarchitect.com\/fr\/bail-de-11-mois-ou-location-longue-duree-fiscalite-et-risques-pour-le-proprietaire-en-espagne\/#article","isPartOf":{"@id":"https:\/\/jcarchitect.com\/fr\/bail-de-11-mois-ou-location-longue-duree-fiscalite-et-risques-pour-le-proprietaire-en-espagne\/"},"author":{"name":"Jorge Camprecios","@id":"https:\/\/jcarchitect.com\/fr\/#\/schema\/person\/20907e3bb26e939ac9590141e116d16b"},"headline":"Bail de 11 mois ou location longue dur\u00e9e ? Fiscalit\u00e9 et risques pour le propri\u00e9taire en Espagne","datePublished":"2025-06-30T13:58:59+00:00","dateModified":"2025-06-30T14:02:44+00:00","mainEntityOfPage":{"@id":"https:\/\/jcarchitect.com\/fr\/bail-de-11-mois-ou-location-longue-duree-fiscalite-et-risques-pour-le-proprietaire-en-espagne\/"},"wordCount":839,"publisher":{"@id":"https:\/\/jcarchitect.com\/fr\/#organization"},"image":{"@id":"https:\/\/jcarchitect.com\/fr\/bail-de-11-mois-ou-location-longue-duree-fiscalite-et-risques-pour-le-proprietaire-en-espagne\/#primaryimage"},"thumbnailUrl":"https:\/\/jcarchitect.com\/jcarchitect\/wp-content\/uploads\/BCN-S598-2.jpg","keywords":["Am\u00e9liorationsdelaPropri\u00e9t\u00e9","architecture","bonagentimmobilier","buyingvsrenting","cityvsnature","courtier immobilier","droitsdeproprite","Durabilit\u00e9","Exp\u00e9riencesavantPropri\u00e9t\u00e9","Flexibilit\u00e9etpatience","future","Gouvernance","GuidanceCompl\u00e8te","investmentopportunity","jcarchitect","realestate"],"articleSection":["Non classifi\u00e9(e)"],"inLanguage":"fr-FR"},{"@type":"WebPage","@id":"https:\/\/jcarchitect.com\/fr\/bail-de-11-mois-ou-location-longue-duree-fiscalite-et-risques-pour-le-proprietaire-en-espagne\/","url":"https:\/\/jcarchitect.com\/fr\/bail-de-11-mois-ou-location-longue-duree-fiscalite-et-risques-pour-le-proprietaire-en-espagne\/","name":"Bail de 11 mois ou location longue dur\u00e9e ? Fiscalit\u00e9 et risques pour le propri\u00e9taire en Espagne - JC Architect","isPartOf":{"@id":"https:\/\/jcarchitect.com\/fr\/#website"},"primaryImageOfPage":{"@id":"https:\/\/jcarchitect.com\/fr\/bail-de-11-mois-ou-location-longue-duree-fiscalite-et-risques-pour-le-proprietaire-en-espagne\/#primaryimage"},"image":{"@id":"https:\/\/jcarchitect.com\/fr\/bail-de-11-mois-ou-location-longue-duree-fiscalite-et-risques-pour-le-proprietaire-en-espagne\/#primaryimage"},"thumbnailUrl":"https:\/\/jcarchitect.com\/jcarchitect\/wp-content\/uploads\/BCN-S598-2.jpg","datePublished":"2025-06-30T13:58:59+00:00","dateModified":"2025-06-30T14:02:44+00:00","description":"Bail de 11 mois ou longue dur\u00e9e en Espagne ? D\u00e9couvre fiscalit\u00e9, risques d\u2019occupation et quelle option est la meilleure pour le propri\u00e9taire.","breadcrumb":{"@id":"https:\/\/jcarchitect.com\/fr\/bail-de-11-mois-ou-location-longue-duree-fiscalite-et-risques-pour-le-proprietaire-en-espagne\/#breadcrumb"},"inLanguage":"fr-FR","potentialAction":[{"@type":"ReadAction","target":["https:\/\/jcarchitect.com\/fr\/bail-de-11-mois-ou-location-longue-duree-fiscalite-et-risques-pour-le-proprietaire-en-espagne\/"]}]},{"@type":"ImageObject","inLanguage":"fr-FR","@id":"https:\/\/jcarchitect.com\/fr\/bail-de-11-mois-ou-location-longue-duree-fiscalite-et-risques-pour-le-proprietaire-en-espagne\/#primaryimage","url":"https:\/\/jcarchitect.com\/jcarchitect\/wp-content\/uploads\/BCN-S598-2.jpg","contentUrl":"https:\/\/jcarchitect.com\/jcarchitect\/wp-content\/uploads\/BCN-S598-2.jpg","width":1280,"height":720},{"@type":"BreadcrumbList","@id":"https:\/\/jcarchitect.com\/fr\/bail-de-11-mois-ou-location-longue-duree-fiscalite-et-risques-pour-le-proprietaire-en-espagne\/#breadcrumb","itemListElement":[{"@type":"ListItem","position":1,"name":"Home","item":"https:\/\/jcarchitect.com\/fr\/"},{"@type":"ListItem","position":2,"name":"Bail de 11 mois ou location longue dur\u00e9e ? Fiscalit\u00e9 et risques pour le propri\u00e9taire en Espagne"}]},{"@type":"WebSite","@id":"https:\/\/jcarchitect.com\/fr\/#website","url":"https:\/\/jcarchitect.com\/fr\/","name":"JC Architect","description":"Real Estate consultancy Barcelona","publisher":{"@id":"https:\/\/jcarchitect.com\/fr\/#organization"},"potentialAction":[{"@type":"SearchAction","target":{"@type":"EntryPoint","urlTemplate":"https:\/\/jcarchitect.com\/fr\/?s={search_term_string}"},"query-input":"required name=search_term_string"}],"inLanguage":"fr-FR"},{"@type":"Organization","@id":"https:\/\/jcarchitect.com\/fr\/#organization","name":"JC Architect","url":"https:\/\/jcarchitect.com\/fr\/","logo":{"@type":"ImageObject","inLanguage":"fr-FR","@id":"https:\/\/jcarchitect.com\/fr\/#\/schema\/logo\/image\/","url":"https:\/\/jcarchitect.com\/jcarchitect\/wp-content\/uploads\/favicon-bg.png","contentUrl":"https:\/\/jcarchitect.com\/jcarchitect\/wp-content\/uploads\/favicon-bg.png","width":144,"height":144,"caption":"JC Architect"},"image":{"@id":"https:\/\/jcarchitect.com\/fr\/#\/schema\/logo\/image\/"}},{"@type":"Person","@id":"https:\/\/jcarchitect.com\/fr\/#\/schema\/person\/20907e3bb26e939ac9590141e116d16b","name":"Jorge Camprecios","image":{"@type":"ImageObject","inLanguage":"fr-FR","@id":"https:\/\/jcarchitect.com\/fr\/#\/schema\/person\/image\/","url":"https:\/\/secure.gravatar.com\/avatar\/735d2ecd70608d792216ff82149b74fd?s=96&d=mm&r=g","contentUrl":"https:\/\/secure.gravatar.com\/avatar\/735d2ecd70608d792216ff82149b74fd?s=96&d=mm&r=g","caption":"Jorge Camprecios"}}]}},"_links":{"self":[{"href":"https:\/\/jcarchitect.com\/fr\/wp-json\/wp\/v2\/posts\/90319"}],"collection":[{"href":"https:\/\/jcarchitect.com\/fr\/wp-json\/wp\/v2\/posts"}],"about":[{"href":"https:\/\/jcarchitect.com\/fr\/wp-json\/wp\/v2\/types\/post"}],"author":[{"embeddable":true,"href":"https:\/\/jcarchitect.com\/fr\/wp-json\/wp\/v2\/users\/2"}],"replies":[{"embeddable":true,"href":"https:\/\/jcarchitect.com\/fr\/wp-json\/wp\/v2\/comments?post=90319"}],"version-history":[{"count":2,"href":"https:\/\/jcarchitect.com\/fr\/wp-json\/wp\/v2\/posts\/90319\/revisions"}],"predecessor-version":[{"id":90324,"href":"https:\/\/jcarchitect.com\/fr\/wp-json\/wp\/v2\/posts\/90319\/revisions\/90324"}],"wp:featuredmedia":[{"embeddable":true,"href":"https:\/\/jcarchitect.com\/fr\/wp-json\/wp\/v2\/media\/90284"}],"wp:attachment":[{"href":"https:\/\/jcarchitect.com\/fr\/wp-json\/wp\/v2\/media?parent=90319"}],"wp:term":[{"taxonomy":"category","embeddable":true,"href":"https:\/\/jcarchitect.com\/fr\/wp-json\/wp\/v2\/categories?post=90319"},{"taxonomy":"post_tag","embeddable":true,"href":"https:\/\/jcarchitect.com\/fr\/wp-json\/wp\/v2\/tags?post=90319"}],"curies":[{"name":"wp","href":"https:\/\/api.w.org\/{rel}","templated":true}]}}