{"id":86846,"date":"2025-03-19T18:20:42","date_gmt":"2025-03-19T17:20:42","guid":{"rendered":"https:\/\/jcarchitect.com\/?p=86846"},"modified":"2025-03-19T18:20:42","modified_gmt":"2025-03-19T17:20:42","slug":"linvestissement-immobilier-fuit-il-barcelone-analyse-des-dernieres-mesures-et-de-leur-impact","status":"publish","type":"post","link":"https:\/\/jcarchitect.com\/fr\/linvestissement-immobilier-fuit-il-barcelone-analyse-des-dernieres-mesures-et-de-leur-impact\/","title":{"rendered":"L\u2019investissement immobilier fuit-il Barcelone ? Analyse des derni\u00e8res mesures et de leur impact"},"content":{"rendered":"<h2 data-start=\"46\" data-end=\"146\">L\u2019investissement immobilier fuit-il Barcelone ? Analyse des derni\u00e8res mesures et de leur impact<\/h2>\n<p data-start=\"148\" data-end=\"548\">Ces derni\u00e8res ann\u00e9es, le march\u00e9 immobilier de Barcelone a \u00e9t\u00e9 sous le feu des projecteurs en raison de l\u2019augmentation de la r\u00e9glementation et des politiques de contr\u00f4le des loyers. Avec la d\u00e9claration de zones tendues, le droit de pr\u00e9emption du gouvernement et les restrictions impos\u00e9es aux grands propri\u00e9taires, une question se pose : l\u2019investissement immobilier est-il en train de fuir la ville ?<\/p>\n<h3 data-start=\"550\" data-end=\"607\">Un march\u00e9 sous pression : r\u00e9glementations et effets<\/h3>\n<p data-start=\"608\" data-end=\"773\">Le gouvernement catalan a mis en place des mesures visant \u00e0 augmenter le parc de logements publics et \u00e0 contenir la hausse des loyers. Parmi celles-ci, on trouve :<\/p>\n<ul data-start=\"774\" data-end=\"1206\">\n<li data-start=\"774\" data-end=\"907\"><strong data-start=\"776\" data-end=\"821\">Le droit de pr\u00e9emption et de r\u00e9tractation<\/strong>, qui permet \u00e0 l\u2019Administration d\u2019acheter des biens avant d\u2019autres acheteurs priv\u00e9s.<\/li>\n<li data-start=\"908\" data-end=\"1056\"><strong data-start=\"910\" data-end=\"957\">Le contr\u00f4le des prix dans les zones tendues<\/strong>, entra\u00eenant une baisse de 3,7 % des loyers dans les communes concern\u00e9es et de 6,4 % \u00e0 Barcelone.<\/li>\n<li data-start=\"1057\" data-end=\"1206\"><a href=\"https:\/\/cadenaser.com\/nacional\/2025\/03\/18\/el-sector-immobilitari-rebutja-la-intervencio-sobre-el-mercat-i-assegura-que-te-efectes-perversos-radio-ser-principat-d-andorra\/?utm_source=chatgpt.com\"><strong data-start=\"1059\" data-end=\"1099\">Le registre des grands propri\u00e9taires<\/strong><\/a>, qui impose des restrictions et sanctions suppl\u00e9mentaires aux personnes poss\u00e9dant dix logements ou plus.<\/li>\n<\/ul>\n<p data-start=\"1208\" data-end=\"1369\">Si ces mesures visent \u00e0 prot\u00e9ger les locataires et \u00e0 garantir l\u2019acc\u00e8s au logement, elles ont \u00e9galement suscit\u00e9 une certaine incertitude chez les investisseurs.<\/p>\n<h3 data-start=\"1371\" data-end=\"1421\">L\u2019investissement est-il en train de partir ?<\/h3>\n<p data-start=\"1422\" data-end=\"1785\">Malgr\u00e9 ces r\u00e9glementations, les donn\u00e9es montrent que l\u2019investissement immobilier \u00e0 Barcelone continue de cro\u00eetre. Selon CBRE, en 2024, les investissements ont atteint 2,5 milliards d\u2019euros, soit une augmentation de 30 % par rapport \u00e0 l\u2019ann\u00e9e pr\u00e9c\u00e9dente. Le secteur h\u00f4telier a \u00e9t\u00e9 le principal moteur de cette croissance, suivi par les bureaux et le r\u00e9sidentiel.<\/p>\n<p data-start=\"1787\" data-end=\"2129\">Cependant, le march\u00e9 de la location subit des transformations importantes. Environ 14 % des logements destin\u00e9s \u00e0 la location traditionnelle ont \u00e9t\u00e9 convertis en locations touristiques ou retir\u00e9s du march\u00e9 en raison de l\u2019incertitude r\u00e9glementaire. Cela pourrait r\u00e9duire l\u2019offre et exercer une pression \u00e0 la hausse sur les prix \u00e0 moyen terme.<\/p>\n<h3 data-start=\"2131\" data-end=\"2186\">Le dilemme : r\u00e9gulation vs attractivit\u00e9 du march\u00e9<\/h3>\n<p data-start=\"2187\" data-end=\"2561\">Trouver un \u00e9quilibre entre r\u00e9glementation et attractivit\u00e9 des investissements est essentiel pour l\u2019avenir du march\u00e9 immobilier de Barcelone. Si les restrictions visent \u00e0 garantir un logement abordable, elles pourraient \u00e9galement dissuader les grands fonds d\u2019investissement et promoteurs, qui pourraient d\u00e9placer leurs capitaux vers des villes offrant moins de contraintes.<\/p>\n<p data-start=\"2563\" data-end=\"2803\">La question reste ouverte : Barcelone continuera-t-elle \u00e0 \u00eatre un p\u00f4le d\u2019investissement immobilier ou assisterons-nous \u00e0 une fuite des capitaux dans les ann\u00e9es \u00e0 venir ? Seul le temps et l\u2019\u00e9volution des politiques apporteront une r\u00e9ponse.<\/p>\n<p data-start=\"2805\" data-end=\"3177\">Personnellement, je pense que Barcelone restera toujours un paradis pour beaucoup, gr\u00e2ce \u00e0 son climat, sa situation g\u00e9ographique, la mer, sa culture, sa gastronomie et sa qualit\u00e9 de vie. Ces caract\u00e9ristiques en font une ville unique et attrayante, aussi bien pour les investisseurs que pour ceux qui souhaitent s\u2019installer dans un environnement dynamique et cosmopolite.<\/p>\n","protected":false},"excerpt":{"rendered":"<p>L\u2019investissement immobilier fuit-il Barcelone ? Analyse des derni\u00e8res mesures et de leur impact Ces derni\u00e8res ann\u00e9es, le march\u00e9 immobilier de Barcelone a \u00e9t\u00e9 sous le feu des projecteurs en raison de l\u2019augmentation de la r\u00e9glementation et des politiques de contr\u00f4le des loyers. Avec la d\u00e9claration de zones tendues, le droit de pr\u00e9emption du gouvernement et [&hellip;]<\/p>\n","protected":false},"author":2,"featured_media":86834,"comment_status":"closed","ping_status":"closed","sticky":false,"template":"","format":"standard","meta":{"footnotes":""},"categories":[77],"tags":[],"yoast_head":"<!-- This site is optimized with the Yoast SEO plugin v22.6 - https:\/\/yoast.com\/wordpress\/plugins\/seo\/ -->\n<title>L\u2019investissement immobilier fuit-il Barcelone ? Analyse des derni\u00e8res mesures et de leur impact - JC Architect<\/title>\n<meta name=\"robots\" content=\"index, follow, max-snippet:-1, max-image-preview:large, max-video-preview:-1\" \/>\n<link rel=\"canonical\" href=\"https:\/\/jcarchitect.com\/fr\/linvestissement-immobilier-fuit-il-barcelone-analyse-des-dernieres-mesures-et-de-leur-impact\/\" \/>\n<meta property=\"og:locale\" content=\"fr_FR\" \/>\n<meta property=\"og:type\" content=\"article\" \/>\n<meta property=\"og:title\" content=\"L\u2019investissement immobilier fuit-il Barcelone ? Analyse des derni\u00e8res mesures et de leur impact - JC Architect\" \/>\n<meta property=\"og:description\" content=\"L\u2019investissement immobilier fuit-il Barcelone ? Analyse des derni\u00e8res mesures et de leur impact Ces derni\u00e8res ann\u00e9es, le march\u00e9 immobilier de Barcelone a \u00e9t\u00e9 sous le feu des projecteurs en raison de l\u2019augmentation de la r\u00e9glementation et des politiques de contr\u00f4le des loyers. Avec la d\u00e9claration de zones tendues, le droit de pr\u00e9emption du gouvernement et [&hellip;]\" \/>\n<meta property=\"og:url\" content=\"https:\/\/jcarchitect.com\/fr\/linvestissement-immobilier-fuit-il-barcelone-analyse-des-dernieres-mesures-et-de-leur-impact\/\" \/>\n<meta property=\"og:site_name\" content=\"JC Architect\" \/>\n<meta property=\"article:published_time\" content=\"2025-03-19T17:20:42+00:00\" \/>\n<meta property=\"og:image\" content=\"https:\/\/jcarchitect.com\/jcarchitect\/wp-content\/uploads\/money-2696219_1280.jpg\" \/>\n\t<meta property=\"og:image:width\" content=\"1280\" \/>\n\t<meta property=\"og:image:height\" content=\"854\" \/>\n\t<meta property=\"og:image:type\" content=\"image\/jpeg\" \/>\n<meta name=\"author\" content=\"Jorge Camprecios\" \/>\n<meta name=\"twitter:card\" content=\"summary_large_image\" \/>\n<meta name=\"twitter:label1\" content=\"\u00c9crit par\" \/>\n\t<meta name=\"twitter:data1\" content=\"Jorge Camprecios\" \/>\n\t<meta name=\"twitter:label2\" content=\"Dur\u00e9e de lecture estim\u00e9e\" \/>\n\t<meta name=\"twitter:data2\" content=\"2 minutes\" \/>\n<script type=\"application\/ld+json\" class=\"yoast-schema-graph\">{\"@context\":\"https:\/\/schema.org\",\"@graph\":[{\"@type\":\"Article\",\"@id\":\"https:\/\/jcarchitect.com\/fr\/linvestissement-immobilier-fuit-il-barcelone-analyse-des-dernieres-mesures-et-de-leur-impact\/#article\",\"isPartOf\":{\"@id\":\"https:\/\/jcarchitect.com\/fr\/linvestissement-immobilier-fuit-il-barcelone-analyse-des-dernieres-mesures-et-de-leur-impact\/\"},\"author\":{\"name\":\"Jorge Camprecios\",\"@id\":\"https:\/\/jcarchitect.com\/fr\/#\/schema\/person\/20907e3bb26e939ac9590141e116d16b\"},\"headline\":\"L\u2019investissement immobilier fuit-il Barcelone ? Analyse des derni\u00e8res mesures et de leur impact\",\"datePublished\":\"2025-03-19T17:20:42+00:00\",\"dateModified\":\"2025-03-19T17:20:42+00:00\",\"mainEntityOfPage\":{\"@id\":\"https:\/\/jcarchitect.com\/fr\/linvestissement-immobilier-fuit-il-barcelone-analyse-des-dernieres-mesures-et-de-leur-impact\/\"},\"wordCount\":500,\"publisher\":{\"@id\":\"https:\/\/jcarchitect.com\/fr\/#organization\"},\"image\":{\"@id\":\"https:\/\/jcarchitect.com\/fr\/linvestissement-immobilier-fuit-il-barcelone-analyse-des-dernieres-mesures-et-de-leur-impact\/#primaryimage\"},\"thumbnailUrl\":\"https:\/\/jcarchitect.com\/jcarchitect\/wp-content\/uploads\/money-2696219_1280.jpg\",\"articleSection\":[\"Non classifi\u00e9(e)\"],\"inLanguage\":\"fr-FR\"},{\"@type\":\"WebPage\",\"@id\":\"https:\/\/jcarchitect.com\/fr\/linvestissement-immobilier-fuit-il-barcelone-analyse-des-dernieres-mesures-et-de-leur-impact\/\",\"url\":\"https:\/\/jcarchitect.com\/fr\/linvestissement-immobilier-fuit-il-barcelone-analyse-des-dernieres-mesures-et-de-leur-impact\/\",\"name\":\"L\u2019investissement immobilier fuit-il Barcelone ? Analyse des derni\u00e8res mesures et de leur impact - JC Architect\",\"isPartOf\":{\"@id\":\"https:\/\/jcarchitect.com\/fr\/#website\"},\"primaryImageOfPage\":{\"@id\":\"https:\/\/jcarchitect.com\/fr\/linvestissement-immobilier-fuit-il-barcelone-analyse-des-dernieres-mesures-et-de-leur-impact\/#primaryimage\"},\"image\":{\"@id\":\"https:\/\/jcarchitect.com\/fr\/linvestissement-immobilier-fuit-il-barcelone-analyse-des-dernieres-mesures-et-de-leur-impact\/#primaryimage\"},\"thumbnailUrl\":\"https:\/\/jcarchitect.com\/jcarchitect\/wp-content\/uploads\/money-2696219_1280.jpg\",\"datePublished\":\"2025-03-19T17:20:42+00:00\",\"dateModified\":\"2025-03-19T17:20:42+00:00\",\"breadcrumb\":{\"@id\":\"https:\/\/jcarchitect.com\/fr\/linvestissement-immobilier-fuit-il-barcelone-analyse-des-dernieres-mesures-et-de-leur-impact\/#breadcrumb\"},\"inLanguage\":\"fr-FR\",\"potentialAction\":[{\"@type\":\"ReadAction\",\"target\":[\"https:\/\/jcarchitect.com\/fr\/linvestissement-immobilier-fuit-il-barcelone-analyse-des-dernieres-mesures-et-de-leur-impact\/\"]}]},{\"@type\":\"ImageObject\",\"inLanguage\":\"fr-FR\",\"@id\":\"https:\/\/jcarchitect.com\/fr\/linvestissement-immobilier-fuit-il-barcelone-analyse-des-dernieres-mesures-et-de-leur-impact\/#primaryimage\",\"url\":\"https:\/\/jcarchitect.com\/jcarchitect\/wp-content\/uploads\/money-2696219_1280.jpg\",\"contentUrl\":\"https:\/\/jcarchitect.com\/jcarchitect\/wp-content\/uploads\/money-2696219_1280.jpg\",\"width\":1280,\"height\":854},{\"@type\":\"BreadcrumbList\",\"@id\":\"https:\/\/jcarchitect.com\/fr\/linvestissement-immobilier-fuit-il-barcelone-analyse-des-dernieres-mesures-et-de-leur-impact\/#breadcrumb\",\"itemListElement\":[{\"@type\":\"ListItem\",\"position\":1,\"name\":\"Home\",\"item\":\"https:\/\/jcarchitect.com\/fr\/\"},{\"@type\":\"ListItem\",\"position\":2,\"name\":\"L\u2019investissement immobilier fuit-il Barcelone ? Analyse des derni\u00e8res mesures et de leur impact\"}]},{\"@type\":\"WebSite\",\"@id\":\"https:\/\/jcarchitect.com\/fr\/#website\",\"url\":\"https:\/\/jcarchitect.com\/fr\/\",\"name\":\"JC Architect\",\"description\":\"Real Estate consultancy Barcelona\",\"publisher\":{\"@id\":\"https:\/\/jcarchitect.com\/fr\/#organization\"},\"potentialAction\":[{\"@type\":\"SearchAction\",\"target\":{\"@type\":\"EntryPoint\",\"urlTemplate\":\"https:\/\/jcarchitect.com\/fr\/?s={search_term_string}\"},\"query-input\":\"required name=search_term_string\"}],\"inLanguage\":\"fr-FR\"},{\"@type\":\"Organization\",\"@id\":\"https:\/\/jcarchitect.com\/fr\/#organization\",\"name\":\"JC Architect\",\"url\":\"https:\/\/jcarchitect.com\/fr\/\",\"logo\":{\"@type\":\"ImageObject\",\"inLanguage\":\"fr-FR\",\"@id\":\"https:\/\/jcarchitect.com\/fr\/#\/schema\/logo\/image\/\",\"url\":\"https:\/\/jcarchitect.com\/jcarchitect\/wp-content\/uploads\/favicon-bg.png\",\"contentUrl\":\"https:\/\/jcarchitect.com\/jcarchitect\/wp-content\/uploads\/favicon-bg.png\",\"width\":144,\"height\":144,\"caption\":\"JC Architect\"},\"image\":{\"@id\":\"https:\/\/jcarchitect.com\/fr\/#\/schema\/logo\/image\/\"}},{\"@type\":\"Person\",\"@id\":\"https:\/\/jcarchitect.com\/fr\/#\/schema\/person\/20907e3bb26e939ac9590141e116d16b\",\"name\":\"Jorge Camprecios\",\"image\":{\"@type\":\"ImageObject\",\"inLanguage\":\"fr-FR\",\"@id\":\"https:\/\/jcarchitect.com\/fr\/#\/schema\/person\/image\/\",\"url\":\"https:\/\/secure.gravatar.com\/avatar\/735d2ecd70608d792216ff82149b74fd?s=96&d=mm&r=g\",\"contentUrl\":\"https:\/\/secure.gravatar.com\/avatar\/735d2ecd70608d792216ff82149b74fd?s=96&d=mm&r=g\",\"caption\":\"Jorge Camprecios\"}}]}<\/script>\n<!-- \/ Yoast SEO plugin. -->","yoast_head_json":{"title":"L\u2019investissement immobilier fuit-il Barcelone ? Analyse des derni\u00e8res mesures et de leur impact - JC Architect","robots":{"index":"index","follow":"follow","max-snippet":"max-snippet:-1","max-image-preview":"max-image-preview:large","max-video-preview":"max-video-preview:-1"},"canonical":"https:\/\/jcarchitect.com\/fr\/linvestissement-immobilier-fuit-il-barcelone-analyse-des-dernieres-mesures-et-de-leur-impact\/","og_locale":"fr_FR","og_type":"article","og_title":"L\u2019investissement immobilier fuit-il Barcelone ? Analyse des derni\u00e8res mesures et de leur impact - JC Architect","og_description":"L\u2019investissement immobilier fuit-il Barcelone ? Analyse des derni\u00e8res mesures et de leur impact Ces derni\u00e8res ann\u00e9es, le march\u00e9 immobilier de Barcelone a \u00e9t\u00e9 sous le feu des projecteurs en raison de l\u2019augmentation de la r\u00e9glementation et des politiques de contr\u00f4le des loyers. Avec la d\u00e9claration de zones tendues, le droit de pr\u00e9emption du gouvernement et [&hellip;]","og_url":"https:\/\/jcarchitect.com\/fr\/linvestissement-immobilier-fuit-il-barcelone-analyse-des-dernieres-mesures-et-de-leur-impact\/","og_site_name":"JC Architect","article_published_time":"2025-03-19T17:20:42+00:00","og_image":[{"width":1280,"height":854,"url":"https:\/\/jcarchitect.com\/jcarchitect\/wp-content\/uploads\/money-2696219_1280.jpg","type":"image\/jpeg"}],"author":"Jorge Camprecios","twitter_card":"summary_large_image","twitter_misc":{"\u00c9crit par":"Jorge Camprecios","Dur\u00e9e de lecture estim\u00e9e":"2 minutes"},"schema":{"@context":"https:\/\/schema.org","@graph":[{"@type":"Article","@id":"https:\/\/jcarchitect.com\/fr\/linvestissement-immobilier-fuit-il-barcelone-analyse-des-dernieres-mesures-et-de-leur-impact\/#article","isPartOf":{"@id":"https:\/\/jcarchitect.com\/fr\/linvestissement-immobilier-fuit-il-barcelone-analyse-des-dernieres-mesures-et-de-leur-impact\/"},"author":{"name":"Jorge Camprecios","@id":"https:\/\/jcarchitect.com\/fr\/#\/schema\/person\/20907e3bb26e939ac9590141e116d16b"},"headline":"L\u2019investissement immobilier fuit-il Barcelone ? Analyse des derni\u00e8res mesures et de leur impact","datePublished":"2025-03-19T17:20:42+00:00","dateModified":"2025-03-19T17:20:42+00:00","mainEntityOfPage":{"@id":"https:\/\/jcarchitect.com\/fr\/linvestissement-immobilier-fuit-il-barcelone-analyse-des-dernieres-mesures-et-de-leur-impact\/"},"wordCount":500,"publisher":{"@id":"https:\/\/jcarchitect.com\/fr\/#organization"},"image":{"@id":"https:\/\/jcarchitect.com\/fr\/linvestissement-immobilier-fuit-il-barcelone-analyse-des-dernieres-mesures-et-de-leur-impact\/#primaryimage"},"thumbnailUrl":"https:\/\/jcarchitect.com\/jcarchitect\/wp-content\/uploads\/money-2696219_1280.jpg","articleSection":["Non classifi\u00e9(e)"],"inLanguage":"fr-FR"},{"@type":"WebPage","@id":"https:\/\/jcarchitect.com\/fr\/linvestissement-immobilier-fuit-il-barcelone-analyse-des-dernieres-mesures-et-de-leur-impact\/","url":"https:\/\/jcarchitect.com\/fr\/linvestissement-immobilier-fuit-il-barcelone-analyse-des-dernieres-mesures-et-de-leur-impact\/","name":"L\u2019investissement immobilier fuit-il Barcelone ? Analyse des derni\u00e8res mesures et de leur impact - JC Architect","isPartOf":{"@id":"https:\/\/jcarchitect.com\/fr\/#website"},"primaryImageOfPage":{"@id":"https:\/\/jcarchitect.com\/fr\/linvestissement-immobilier-fuit-il-barcelone-analyse-des-dernieres-mesures-et-de-leur-impact\/#primaryimage"},"image":{"@id":"https:\/\/jcarchitect.com\/fr\/linvestissement-immobilier-fuit-il-barcelone-analyse-des-dernieres-mesures-et-de-leur-impact\/#primaryimage"},"thumbnailUrl":"https:\/\/jcarchitect.com\/jcarchitect\/wp-content\/uploads\/money-2696219_1280.jpg","datePublished":"2025-03-19T17:20:42+00:00","dateModified":"2025-03-19T17:20:42+00:00","breadcrumb":{"@id":"https:\/\/jcarchitect.com\/fr\/linvestissement-immobilier-fuit-il-barcelone-analyse-des-dernieres-mesures-et-de-leur-impact\/#breadcrumb"},"inLanguage":"fr-FR","potentialAction":[{"@type":"ReadAction","target":["https:\/\/jcarchitect.com\/fr\/linvestissement-immobilier-fuit-il-barcelone-analyse-des-dernieres-mesures-et-de-leur-impact\/"]}]},{"@type":"ImageObject","inLanguage":"fr-FR","@id":"https:\/\/jcarchitect.com\/fr\/linvestissement-immobilier-fuit-il-barcelone-analyse-des-dernieres-mesures-et-de-leur-impact\/#primaryimage","url":"https:\/\/jcarchitect.com\/jcarchitect\/wp-content\/uploads\/money-2696219_1280.jpg","contentUrl":"https:\/\/jcarchitect.com\/jcarchitect\/wp-content\/uploads\/money-2696219_1280.jpg","width":1280,"height":854},{"@type":"BreadcrumbList","@id":"https:\/\/jcarchitect.com\/fr\/linvestissement-immobilier-fuit-il-barcelone-analyse-des-dernieres-mesures-et-de-leur-impact\/#breadcrumb","itemListElement":[{"@type":"ListItem","position":1,"name":"Home","item":"https:\/\/jcarchitect.com\/fr\/"},{"@type":"ListItem","position":2,"name":"L\u2019investissement immobilier fuit-il Barcelone ? Analyse des derni\u00e8res mesures et de leur impact"}]},{"@type":"WebSite","@id":"https:\/\/jcarchitect.com\/fr\/#website","url":"https:\/\/jcarchitect.com\/fr\/","name":"JC Architect","description":"Real Estate consultancy Barcelona","publisher":{"@id":"https:\/\/jcarchitect.com\/fr\/#organization"},"potentialAction":[{"@type":"SearchAction","target":{"@type":"EntryPoint","urlTemplate":"https:\/\/jcarchitect.com\/fr\/?s={search_term_string}"},"query-input":"required name=search_term_string"}],"inLanguage":"fr-FR"},{"@type":"Organization","@id":"https:\/\/jcarchitect.com\/fr\/#organization","name":"JC Architect","url":"https:\/\/jcarchitect.com\/fr\/","logo":{"@type":"ImageObject","inLanguage":"fr-FR","@id":"https:\/\/jcarchitect.com\/fr\/#\/schema\/logo\/image\/","url":"https:\/\/jcarchitect.com\/jcarchitect\/wp-content\/uploads\/favicon-bg.png","contentUrl":"https:\/\/jcarchitect.com\/jcarchitect\/wp-content\/uploads\/favicon-bg.png","width":144,"height":144,"caption":"JC Architect"},"image":{"@id":"https:\/\/jcarchitect.com\/fr\/#\/schema\/logo\/image\/"}},{"@type":"Person","@id":"https:\/\/jcarchitect.com\/fr\/#\/schema\/person\/20907e3bb26e939ac9590141e116d16b","name":"Jorge Camprecios","image":{"@type":"ImageObject","inLanguage":"fr-FR","@id":"https:\/\/jcarchitect.com\/fr\/#\/schema\/person\/image\/","url":"https:\/\/secure.gravatar.com\/avatar\/735d2ecd70608d792216ff82149b74fd?s=96&d=mm&r=g","contentUrl":"https:\/\/secure.gravatar.com\/avatar\/735d2ecd70608d792216ff82149b74fd?s=96&d=mm&r=g","caption":"Jorge Camprecios"}}]}},"_links":{"self":[{"href":"https:\/\/jcarchitect.com\/fr\/wp-json\/wp\/v2\/posts\/86846"}],"collection":[{"href":"https:\/\/jcarchitect.com\/fr\/wp-json\/wp\/v2\/posts"}],"about":[{"href":"https:\/\/jcarchitect.com\/fr\/wp-json\/wp\/v2\/types\/post"}],"author":[{"embeddable":true,"href":"https:\/\/jcarchitect.com\/fr\/wp-json\/wp\/v2\/users\/2"}],"replies":[{"embeddable":true,"href":"https:\/\/jcarchitect.com\/fr\/wp-json\/wp\/v2\/comments?post=86846"}],"version-history":[{"count":2,"href":"https:\/\/jcarchitect.com\/fr\/wp-json\/wp\/v2\/posts\/86846\/revisions"}],"predecessor-version":[{"id":86848,"href":"https:\/\/jcarchitect.com\/fr\/wp-json\/wp\/v2\/posts\/86846\/revisions\/86848"}],"wp:featuredmedia":[{"embeddable":true,"href":"https:\/\/jcarchitect.com\/fr\/wp-json\/wp\/v2\/media\/86834"}],"wp:attachment":[{"href":"https:\/\/jcarchitect.com\/fr\/wp-json\/wp\/v2\/media?parent=86846"}],"wp:term":[{"taxonomy":"category","embeddable":true,"href":"https:\/\/jcarchitect.com\/fr\/wp-json\/wp\/v2\/categories?post=86846"},{"taxonomy":"post_tag","embeddable":true,"href":"https:\/\/jcarchitect.com\/fr\/wp-json\/wp\/v2\/tags?post=86846"}],"curies":[{"name":"wp","href":"https:\/\/api.w.org\/{rel}","templated":true}]}}