{"id":85163,"date":"2025-02-10T16:06:44","date_gmt":"2025-02-10T15:06:44","guid":{"rendered":"https:\/\/jcarchitect.com\/?p=85163"},"modified":"2025-02-10T16:25:43","modified_gmt":"2025-02-10T15:25:43","slug":"barcelone-en-2025-innovation-durabilite-et-les-grands-changements-a-venir","status":"publish","type":"post","link":"https:\/\/jcarchitect.com\/fr\/barcelone-en-2025-innovation-durabilite-et-les-grands-changements-a-venir\/","title":{"rendered":"Barcelone en 2025: Innovation, Durabilit\u00e9 et les Grands Changements \u00e0 Venir"},"content":{"rendered":"<h1><strong>Barcelone en 2025 : Innovation, Durabilit\u00e9 et les Grands Changements \u00e0 Venir<\/strong><\/h1>\n<p>Barcelone a toujours \u00e9t\u00e9 une ville en constante \u00e9volution, mais en 2025, les changements sont plus visibles que jamais. Entre les avanc\u00e9es en mati\u00e8re de mobilit\u00e9 durable et les nouvelles r\u00e9glementations urbaines, la ville continue de miser sur l\u2019innovation sans perdre son essence m\u00e9diterran\u00e9enne.<\/p>\n<p>Si vous vivez \u00e0 Barcelone ou envisagez d\u2019y investir, voici les principaux changements et tendances qui marquent l\u2019ann\u00e9e 2025.<\/p>\n<h2><strong>1. Mobilit\u00e9 : Adieu aux Voitures en Centre-ville<\/strong><\/h2>\n<p>Barcelone renforce son engagement en faveur de la mobilit\u00e9 durable. En 2025, les nouvelles restrictions de la <strong>Zone \u00e0 Faibles \u00c9missions (ZBE)<\/strong> se sont durcies, r\u00e9duisant consid\u00e9rablement la pr\u00e9sence de voitures polluantes. De plus, la mairie a \u00e9largi les <strong>super\u00eelots<\/strong>, visant \u00e0 pacifier la circulation dans des quartiers comme l\u2019Eixample, Gr\u00e0cia et Sant Antoni.<\/p>\n<p>Les principales \u00e9volutions en mati\u00e8re de mobilit\u00e9 comprennent :<\/p>\n<ul>\n<li><strong>Extension des pistes cyclables<\/strong> : Plus de 30 km de nouvelles voies cyclables ont \u00e9t\u00e9 ajout\u00e9es.<\/li>\n<li><strong>Plus de rues pi\u00e9tonnes<\/strong> : Passeig de Gr\u00e0cia et Rambla Catalunya sont d\u00e9sormais restreints \u00e0 la circulation les week-ends.<\/li>\n<li><strong>Autobus et taxis \u00e9lectriques<\/strong> : Les transports en commun sont de plus en plus \u00e9lectrifi\u00e9s, rendant la flotte plus \u00e9cologique.<\/li>\n<\/ul>\n<p>Les habitants doivent s\u2019adapter \u00e0 un nouveau mode de vie : se d\u00e9placer en voiture dans la ville devient de plus en plus difficile, ce qui favorise la demande de logements proches des transports publics et des pistes cyclables.<\/p>\n<h2><strong>2. L\u2019Intelligence Artificielle Transforme Barcelone<\/strong><\/h2>\n<p>L\u2019IA n\u2019est plus un concept du futur, mais une r\u00e9alit\u00e9 bien ancr\u00e9e dans le quotidien barcelonais. En 2025, la ville a int\u00e9gr\u00e9 l\u2019intelligence artificielle dans plusieurs domaines :<\/p>\n<ul>\n<li><strong>Services administratifs automatis\u00e9s<\/strong> : Des chatbots et assistants virtuels facilitent les d\u00e9marches municipales.<\/li>\n<li><strong>IA pour la s\u00e9curit\u00e9 et la gestion du trafic<\/strong> : Des cam\u00e9ras intelligentes et l\u2019analyse de donn\u00e9es permettent de r\u00e9duire les embouteillages et d\u2019am\u00e9liorer la s\u00e9curit\u00e9.<\/li>\n<li><strong>Exp\u00e9riences touristiques personnalis\u00e9es<\/strong> : Des applications aliment\u00e9es par l\u2019IA proposent des itin\u00e9raires sur mesure en fonction des pr\u00e9f\u00e9rences des visiteurs.<\/li>\n<\/ul>\n<p>L\u2019essor de l\u2019intelligence artificielle suscite toutefois un d\u00e9bat. Si certains y voient une avanc\u00e9e essentielle, d\u2019autres s\u2019inqui\u00e8tent des risques pour la vie priv\u00e9e et de la r\u00e9duction potentielle des emplois dans certains secteurs.<\/p>\n<h2><strong>3. Logement et Urbanisme : L\u2019Essor du Coliving et de la Durabilit\u00e9<\/strong><\/h2>\n<p>Le march\u00e9 immobilier de Barcelone continue d\u2019\u00e9voluer. En 2025, deux grandes tendances se d\u00e9marquent :<\/p>\n<ul>\n<li><strong>Le coliving et la cohabitation<\/strong> : L\u2019acc\u00e8s au logement devenant plus difficile, les jeunes professionnels optent de plus en plus pour des espaces partag\u00e9s avec services inclus.<\/li>\n<li><strong>Les b\u00e2timents durables<\/strong> : Les r\u00e9glementations europ\u00e9ennes acc\u00e9l\u00e8rent la construction d\u2019immeubles \u00e0 haute efficacit\u00e9 \u00e9nerg\u00e9tique avec des certifications A++ et des syst\u00e8mes d\u2019\u00e9nergie renouvelable.<\/li>\n<\/ul>\n<p>De plus, des quartiers comme Poblenou et la Zona Franca connaissent une transformation avec l\u2019essor des espaces de coworking et des r\u00e9sidences pour entrepreneurs.<\/p>\n<h2><strong>4. Barcelone, Capitale des Grands \u00c9v\u00e9nements en 2025<\/strong><\/h2>\n<p>Cette ann\u00e9e, Barcelone accueille \u00e0 nouveau des \u00e9v\u00e9nements internationaux majeurs :<\/p>\n<ul>\n<li><strong>Expo IA &amp; Innovation 2025<\/strong> : Un salon mondial sur l\u2019intelligence artificielle avec des conf\u00e9rences anim\u00e9es par des experts en technologie et des startups innovantes.<\/li>\n<li><strong>Festival Grec et Primavera Sound<\/strong> : L\u2019offre culturelle de la ville reste une r\u00e9f\u00e9rence mondiale.<\/li>\n<li><strong><a href=\"https:\/\/www.diariodesevilla.es\/tecnologia\/mobile-world-congress-2025-inteligencia-artificial_0_2003271754.html?utm_source=chatgpt.com\">Le Mobile World Congress 2025 refl\u00e9tera la course mondiale \u00e0 l\u2019intelligence artificielle<\/a>:<\/strong> L\u2019\u00e9v\u00e9nement mettra en avant l\u2019\u00e9volution rapide de l\u2019intelligence artificielle et son impact sur diverses industries.<\/li>\n<\/ul>\n<p>Ces \u00e9v\u00e9nements ne se contentent pas d\u2019attirer les touristes, mais stimulent \u00e9galement l\u2019\u00e9conomie locale en attirant investisseurs et professionnels du monde entier.<\/p>\n<h2><strong>Conclusion : Une Ann\u00e9e Cl\u00e9 pour la Transformation de Barcelone<\/strong><\/h2>\n<p>2025 est une ann\u00e9e de changements majeurs pour Barcelone. La durabilit\u00e9, l\u2019intelligence artificielle et les nouveaux mod\u00e8les de mobilit\u00e9 red\u00e9finissent la vie dans la ville.<\/p>\n<p>Si vous vivez \u00e0 Barcelone ou envisagez de vous y installer, ces \u00e9volutions pourraient avoir un impact sur votre quotidien. Cette ann\u00e9e marquera-t-elle l\u2019ascension de Barcelone en tant que leader mondial en innovation et durabilit\u00e9 ? Seul l\u2019avenir nous le dira, mais une chose est s\u00fbre : Barcelone reste une ville en perp\u00e9tuelle transformation.<\/p>\n","protected":false},"excerpt":{"rendered":"<p>Barcelone en 2025 : Innovation, Durabilit\u00e9 et les Grands Changements \u00e0 Venir Barcelone a toujours \u00e9t\u00e9 une ville en constante \u00e9volution, mais en 2025, les changements sont plus visibles que jamais. Entre les avanc\u00e9es en mati\u00e8re de mobilit\u00e9 durable et les nouvelles r\u00e9glementations urbaines, la ville continue de miser sur l\u2019innovation sans perdre son essence [&hellip;]<\/p>\n","protected":false},"author":2,"featured_media":85156,"comment_status":"closed","ping_status":"closed","sticky":false,"template":"","format":"standard","meta":{"footnotes":""},"categories":[77],"tags":[],"yoast_head":"<!-- This site is optimized with the Yoast SEO plugin v22.6 - https:\/\/yoast.com\/wordpress\/plugins\/seo\/ -->\n<title>Barcelone en 2025: Innovation, Durabilit\u00e9 et les Grands Changements \u00e0 Venir - JC Architect<\/title>\n<meta name=\"robots\" content=\"index, follow, max-snippet:-1, max-image-preview:large, max-video-preview:-1\" \/>\n<link rel=\"canonical\" href=\"https:\/\/jcarchitect.com\/fr\/barcelone-en-2025-innovation-durabilite-et-les-grands-changements-a-venir\/\" \/>\n<meta property=\"og:locale\" content=\"fr_FR\" \/>\n<meta property=\"og:type\" content=\"article\" \/>\n<meta property=\"og:title\" content=\"Barcelone en 2025: Innovation, Durabilit\u00e9 et les Grands Changements \u00e0 Venir - JC Architect\" \/>\n<meta property=\"og:description\" content=\"Barcelone en 2025 : Innovation, Durabilit\u00e9 et les Grands Changements \u00e0 Venir Barcelone a toujours \u00e9t\u00e9 une ville en constante \u00e9volution, mais en 2025, les changements sont plus visibles que jamais. Entre les avanc\u00e9es en mati\u00e8re de mobilit\u00e9 durable et les nouvelles r\u00e9glementations urbaines, la ville continue de miser sur l\u2019innovation sans perdre son essence [&hellip;]\" \/>\n<meta property=\"og:url\" content=\"https:\/\/jcarchitect.com\/fr\/barcelone-en-2025-innovation-durabilite-et-les-grands-changements-a-venir\/\" \/>\n<meta property=\"og:site_name\" content=\"JC Architect\" \/>\n<meta property=\"article:published_time\" content=\"2025-02-10T15:06:44+00:00\" \/>\n<meta property=\"article:modified_time\" content=\"2025-02-10T15:25:43+00:00\" \/>\n<meta property=\"og:image\" content=\"https:\/\/jcarchitect.com\/jcarchitect\/wp-content\/uploads\/barcelona-3901449_1280.jpg\" \/>\n\t<meta property=\"og:image:width\" content=\"1280\" \/>\n\t<meta property=\"og:image:height\" content=\"853\" \/>\n\t<meta property=\"og:image:type\" content=\"image\/jpeg\" \/>\n<meta name=\"author\" content=\"Jorge Camprecios\" \/>\n<meta name=\"twitter:card\" content=\"summary_large_image\" \/>\n<meta name=\"twitter:label1\" content=\"\u00c9crit par\" \/>\n\t<meta name=\"twitter:data1\" content=\"Jorge Camprecios\" \/>\n\t<meta name=\"twitter:label2\" content=\"Dur\u00e9e de lecture estim\u00e9e\" \/>\n\t<meta name=\"twitter:data2\" content=\"4 minutes\" \/>\n<script type=\"application\/ld+json\" class=\"yoast-schema-graph\">{\"@context\":\"https:\/\/schema.org\",\"@graph\":[{\"@type\":\"Article\",\"@id\":\"https:\/\/jcarchitect.com\/fr\/barcelone-en-2025-innovation-durabilite-et-les-grands-changements-a-venir\/#article\",\"isPartOf\":{\"@id\":\"https:\/\/jcarchitect.com\/fr\/barcelone-en-2025-innovation-durabilite-et-les-grands-changements-a-venir\/\"},\"author\":{\"name\":\"Jorge Camprecios\",\"@id\":\"https:\/\/jcarchitect.com\/fr\/#\/schema\/person\/20907e3bb26e939ac9590141e116d16b\"},\"headline\":\"Barcelone en 2025: Innovation, Durabilit\u00e9 et les Grands Changements \u00e0 Venir\",\"datePublished\":\"2025-02-10T15:06:44+00:00\",\"dateModified\":\"2025-02-10T15:25:43+00:00\",\"mainEntityOfPage\":{\"@id\":\"https:\/\/jcarchitect.com\/fr\/barcelone-en-2025-innovation-durabilite-et-les-grands-changements-a-venir\/\"},\"wordCount\":728,\"publisher\":{\"@id\":\"https:\/\/jcarchitect.com\/fr\/#organization\"},\"image\":{\"@id\":\"https:\/\/jcarchitect.com\/fr\/barcelone-en-2025-innovation-durabilite-et-les-grands-changements-a-venir\/#primaryimage\"},\"thumbnailUrl\":\"https:\/\/jcarchitect.com\/jcarchitect\/wp-content\/uploads\/barcelona-3901449_1280.jpg\",\"articleSection\":[\"Non classifi\u00e9(e)\"],\"inLanguage\":\"fr-FR\"},{\"@type\":\"WebPage\",\"@id\":\"https:\/\/jcarchitect.com\/fr\/barcelone-en-2025-innovation-durabilite-et-les-grands-changements-a-venir\/\",\"url\":\"https:\/\/jcarchitect.com\/fr\/barcelone-en-2025-innovation-durabilite-et-les-grands-changements-a-venir\/\",\"name\":\"Barcelone en 2025: Innovation, Durabilit\u00e9 et les Grands Changements \u00e0 Venir - JC Architect\",\"isPartOf\":{\"@id\":\"https:\/\/jcarchitect.com\/fr\/#website\"},\"primaryImageOfPage\":{\"@id\":\"https:\/\/jcarchitect.com\/fr\/barcelone-en-2025-innovation-durabilite-et-les-grands-changements-a-venir\/#primaryimage\"},\"image\":{\"@id\":\"https:\/\/jcarchitect.com\/fr\/barcelone-en-2025-innovation-durabilite-et-les-grands-changements-a-venir\/#primaryimage\"},\"thumbnailUrl\":\"https:\/\/jcarchitect.com\/jcarchitect\/wp-content\/uploads\/barcelona-3901449_1280.jpg\",\"datePublished\":\"2025-02-10T15:06:44+00:00\",\"dateModified\":\"2025-02-10T15:25:43+00:00\",\"breadcrumb\":{\"@id\":\"https:\/\/jcarchitect.com\/fr\/barcelone-en-2025-innovation-durabilite-et-les-grands-changements-a-venir\/#breadcrumb\"},\"inLanguage\":\"fr-FR\",\"potentialAction\":[{\"@type\":\"ReadAction\",\"target\":[\"https:\/\/jcarchitect.com\/fr\/barcelone-en-2025-innovation-durabilite-et-les-grands-changements-a-venir\/\"]}]},{\"@type\":\"ImageObject\",\"inLanguage\":\"fr-FR\",\"@id\":\"https:\/\/jcarchitect.com\/fr\/barcelone-en-2025-innovation-durabilite-et-les-grands-changements-a-venir\/#primaryimage\",\"url\":\"https:\/\/jcarchitect.com\/jcarchitect\/wp-content\/uploads\/barcelona-3901449_1280.jpg\",\"contentUrl\":\"https:\/\/jcarchitect.com\/jcarchitect\/wp-content\/uploads\/barcelona-3901449_1280.jpg\",\"width\":1280,\"height\":853,\"caption\":\"barcelona\"},{\"@type\":\"BreadcrumbList\",\"@id\":\"https:\/\/jcarchitect.com\/fr\/barcelone-en-2025-innovation-durabilite-et-les-grands-changements-a-venir\/#breadcrumb\",\"itemListElement\":[{\"@type\":\"ListItem\",\"position\":1,\"name\":\"Home\",\"item\":\"https:\/\/jcarchitect.com\/fr\/\"},{\"@type\":\"ListItem\",\"position\":2,\"name\":\"Barcelone en 2025: Innovation, Durabilit\u00e9 et les Grands Changements \u00e0 Venir\"}]},{\"@type\":\"WebSite\",\"@id\":\"https:\/\/jcarchitect.com\/fr\/#website\",\"url\":\"https:\/\/jcarchitect.com\/fr\/\",\"name\":\"JC Architect\",\"description\":\"Real Estate consultancy Barcelona\",\"publisher\":{\"@id\":\"https:\/\/jcarchitect.com\/fr\/#organization\"},\"potentialAction\":[{\"@type\":\"SearchAction\",\"target\":{\"@type\":\"EntryPoint\",\"urlTemplate\":\"https:\/\/jcarchitect.com\/fr\/?s={search_term_string}\"},\"query-input\":\"required name=search_term_string\"}],\"inLanguage\":\"fr-FR\"},{\"@type\":\"Organization\",\"@id\":\"https:\/\/jcarchitect.com\/fr\/#organization\",\"name\":\"JC Architect\",\"url\":\"https:\/\/jcarchitect.com\/fr\/\",\"logo\":{\"@type\":\"ImageObject\",\"inLanguage\":\"fr-FR\",\"@id\":\"https:\/\/jcarchitect.com\/fr\/#\/schema\/logo\/image\/\",\"url\":\"https:\/\/jcarchitect.com\/jcarchitect\/wp-content\/uploads\/favicon-bg.png\",\"contentUrl\":\"https:\/\/jcarchitect.com\/jcarchitect\/wp-content\/uploads\/favicon-bg.png\",\"width\":144,\"height\":144,\"caption\":\"JC Architect\"},\"image\":{\"@id\":\"https:\/\/jcarchitect.com\/fr\/#\/schema\/logo\/image\/\"}},{\"@type\":\"Person\",\"@id\":\"https:\/\/jcarchitect.com\/fr\/#\/schema\/person\/20907e3bb26e939ac9590141e116d16b\",\"name\":\"Jorge Camprecios\",\"image\":{\"@type\":\"ImageObject\",\"inLanguage\":\"fr-FR\",\"@id\":\"https:\/\/jcarchitect.com\/fr\/#\/schema\/person\/image\/\",\"url\":\"https:\/\/secure.gravatar.com\/avatar\/735d2ecd70608d792216ff82149b74fd?s=96&d=mm&r=g\",\"contentUrl\":\"https:\/\/secure.gravatar.com\/avatar\/735d2ecd70608d792216ff82149b74fd?s=96&d=mm&r=g\",\"caption\":\"Jorge Camprecios\"}}]}<\/script>\n<!-- \/ Yoast SEO plugin. -->","yoast_head_json":{"title":"Barcelone en 2025: Innovation, Durabilit\u00e9 et les Grands Changements \u00e0 Venir - JC Architect","robots":{"index":"index","follow":"follow","max-snippet":"max-snippet:-1","max-image-preview":"max-image-preview:large","max-video-preview":"max-video-preview:-1"},"canonical":"https:\/\/jcarchitect.com\/fr\/barcelone-en-2025-innovation-durabilite-et-les-grands-changements-a-venir\/","og_locale":"fr_FR","og_type":"article","og_title":"Barcelone en 2025: Innovation, Durabilit\u00e9 et les Grands Changements \u00e0 Venir - JC Architect","og_description":"Barcelone en 2025 : Innovation, Durabilit\u00e9 et les Grands Changements \u00e0 Venir Barcelone a toujours \u00e9t\u00e9 une ville en constante \u00e9volution, mais en 2025, les changements sont plus visibles que jamais. Entre les avanc\u00e9es en mati\u00e8re de mobilit\u00e9 durable et les nouvelles r\u00e9glementations urbaines, la ville continue de miser sur l\u2019innovation sans perdre son essence [&hellip;]","og_url":"https:\/\/jcarchitect.com\/fr\/barcelone-en-2025-innovation-durabilite-et-les-grands-changements-a-venir\/","og_site_name":"JC Architect","article_published_time":"2025-02-10T15:06:44+00:00","article_modified_time":"2025-02-10T15:25:43+00:00","og_image":[{"width":1280,"height":853,"url":"https:\/\/jcarchitect.com\/jcarchitect\/wp-content\/uploads\/barcelona-3901449_1280.jpg","type":"image\/jpeg"}],"author":"Jorge Camprecios","twitter_card":"summary_large_image","twitter_misc":{"\u00c9crit par":"Jorge Camprecios","Dur\u00e9e de lecture estim\u00e9e":"4 minutes"},"schema":{"@context":"https:\/\/schema.org","@graph":[{"@type":"Article","@id":"https:\/\/jcarchitect.com\/fr\/barcelone-en-2025-innovation-durabilite-et-les-grands-changements-a-venir\/#article","isPartOf":{"@id":"https:\/\/jcarchitect.com\/fr\/barcelone-en-2025-innovation-durabilite-et-les-grands-changements-a-venir\/"},"author":{"name":"Jorge Camprecios","@id":"https:\/\/jcarchitect.com\/fr\/#\/schema\/person\/20907e3bb26e939ac9590141e116d16b"},"headline":"Barcelone en 2025: Innovation, Durabilit\u00e9 et les Grands Changements \u00e0 Venir","datePublished":"2025-02-10T15:06:44+00:00","dateModified":"2025-02-10T15:25:43+00:00","mainEntityOfPage":{"@id":"https:\/\/jcarchitect.com\/fr\/barcelone-en-2025-innovation-durabilite-et-les-grands-changements-a-venir\/"},"wordCount":728,"publisher":{"@id":"https:\/\/jcarchitect.com\/fr\/#organization"},"image":{"@id":"https:\/\/jcarchitect.com\/fr\/barcelone-en-2025-innovation-durabilite-et-les-grands-changements-a-venir\/#primaryimage"},"thumbnailUrl":"https:\/\/jcarchitect.com\/jcarchitect\/wp-content\/uploads\/barcelona-3901449_1280.jpg","articleSection":["Non classifi\u00e9(e)"],"inLanguage":"fr-FR"},{"@type":"WebPage","@id":"https:\/\/jcarchitect.com\/fr\/barcelone-en-2025-innovation-durabilite-et-les-grands-changements-a-venir\/","url":"https:\/\/jcarchitect.com\/fr\/barcelone-en-2025-innovation-durabilite-et-les-grands-changements-a-venir\/","name":"Barcelone en 2025: Innovation, Durabilit\u00e9 et les Grands Changements \u00e0 Venir - JC Architect","isPartOf":{"@id":"https:\/\/jcarchitect.com\/fr\/#website"},"primaryImageOfPage":{"@id":"https:\/\/jcarchitect.com\/fr\/barcelone-en-2025-innovation-durabilite-et-les-grands-changements-a-venir\/#primaryimage"},"image":{"@id":"https:\/\/jcarchitect.com\/fr\/barcelone-en-2025-innovation-durabilite-et-les-grands-changements-a-venir\/#primaryimage"},"thumbnailUrl":"https:\/\/jcarchitect.com\/jcarchitect\/wp-content\/uploads\/barcelona-3901449_1280.jpg","datePublished":"2025-02-10T15:06:44+00:00","dateModified":"2025-02-10T15:25:43+00:00","breadcrumb":{"@id":"https:\/\/jcarchitect.com\/fr\/barcelone-en-2025-innovation-durabilite-et-les-grands-changements-a-venir\/#breadcrumb"},"inLanguage":"fr-FR","potentialAction":[{"@type":"ReadAction","target":["https:\/\/jcarchitect.com\/fr\/barcelone-en-2025-innovation-durabilite-et-les-grands-changements-a-venir\/"]}]},{"@type":"ImageObject","inLanguage":"fr-FR","@id":"https:\/\/jcarchitect.com\/fr\/barcelone-en-2025-innovation-durabilite-et-les-grands-changements-a-venir\/#primaryimage","url":"https:\/\/jcarchitect.com\/jcarchitect\/wp-content\/uploads\/barcelona-3901449_1280.jpg","contentUrl":"https:\/\/jcarchitect.com\/jcarchitect\/wp-content\/uploads\/barcelona-3901449_1280.jpg","width":1280,"height":853,"caption":"barcelona"},{"@type":"BreadcrumbList","@id":"https:\/\/jcarchitect.com\/fr\/barcelone-en-2025-innovation-durabilite-et-les-grands-changements-a-venir\/#breadcrumb","itemListElement":[{"@type":"ListItem","position":1,"name":"Home","item":"https:\/\/jcarchitect.com\/fr\/"},{"@type":"ListItem","position":2,"name":"Barcelone en 2025: Innovation, Durabilit\u00e9 et les Grands Changements \u00e0 Venir"}]},{"@type":"WebSite","@id":"https:\/\/jcarchitect.com\/fr\/#website","url":"https:\/\/jcarchitect.com\/fr\/","name":"JC Architect","description":"Real Estate consultancy Barcelona","publisher":{"@id":"https:\/\/jcarchitect.com\/fr\/#organization"},"potentialAction":[{"@type":"SearchAction","target":{"@type":"EntryPoint","urlTemplate":"https:\/\/jcarchitect.com\/fr\/?s={search_term_string}"},"query-input":"required name=search_term_string"}],"inLanguage":"fr-FR"},{"@type":"Organization","@id":"https:\/\/jcarchitect.com\/fr\/#organization","name":"JC Architect","url":"https:\/\/jcarchitect.com\/fr\/","logo":{"@type":"ImageObject","inLanguage":"fr-FR","@id":"https:\/\/jcarchitect.com\/fr\/#\/schema\/logo\/image\/","url":"https:\/\/jcarchitect.com\/jcarchitect\/wp-content\/uploads\/favicon-bg.png","contentUrl":"https:\/\/jcarchitect.com\/jcarchitect\/wp-content\/uploads\/favicon-bg.png","width":144,"height":144,"caption":"JC Architect"},"image":{"@id":"https:\/\/jcarchitect.com\/fr\/#\/schema\/logo\/image\/"}},{"@type":"Person","@id":"https:\/\/jcarchitect.com\/fr\/#\/schema\/person\/20907e3bb26e939ac9590141e116d16b","name":"Jorge Camprecios","image":{"@type":"ImageObject","inLanguage":"fr-FR","@id":"https:\/\/jcarchitect.com\/fr\/#\/schema\/person\/image\/","url":"https:\/\/secure.gravatar.com\/avatar\/735d2ecd70608d792216ff82149b74fd?s=96&d=mm&r=g","contentUrl":"https:\/\/secure.gravatar.com\/avatar\/735d2ecd70608d792216ff82149b74fd?s=96&d=mm&r=g","caption":"Jorge Camprecios"}}]}},"_links":{"self":[{"href":"https:\/\/jcarchitect.com\/fr\/wp-json\/wp\/v2\/posts\/85163"}],"collection":[{"href":"https:\/\/jcarchitect.com\/fr\/wp-json\/wp\/v2\/posts"}],"about":[{"href":"https:\/\/jcarchitect.com\/fr\/wp-json\/wp\/v2\/types\/post"}],"author":[{"embeddable":true,"href":"https:\/\/jcarchitect.com\/fr\/wp-json\/wp\/v2\/users\/2"}],"replies":[{"embeddable":true,"href":"https:\/\/jcarchitect.com\/fr\/wp-json\/wp\/v2\/comments?post=85163"}],"version-history":[{"count":4,"href":"https:\/\/jcarchitect.com\/fr\/wp-json\/wp\/v2\/posts\/85163\/revisions"}],"predecessor-version":[{"id":85175,"href":"https:\/\/jcarchitect.com\/fr\/wp-json\/wp\/v2\/posts\/85163\/revisions\/85175"}],"wp:featuredmedia":[{"embeddable":true,"href":"https:\/\/jcarchitect.com\/fr\/wp-json\/wp\/v2\/media\/85156"}],"wp:attachment":[{"href":"https:\/\/jcarchitect.com\/fr\/wp-json\/wp\/v2\/media?parent=85163"}],"wp:term":[{"taxonomy":"category","embeddable":true,"href":"https:\/\/jcarchitect.com\/fr\/wp-json\/wp\/v2\/categories?post=85163"},{"taxonomy":"post_tag","embeddable":true,"href":"https:\/\/jcarchitect.com\/fr\/wp-json\/wp\/v2\/tags?post=85163"}],"curies":[{"name":"wp","href":"https:\/\/api.w.org\/{rel}","templated":true}]}}