{"id":65354,"date":"2023-07-13T18:12:26","date_gmt":"2023-07-13T16:12:26","guid":{"rendered":"https:\/\/jcarchitect.com\/?p=65354"},"modified":"2023-07-13T18:12:26","modified_gmt":"2023-07-13T16:12:26","slug":"la-loi-injuste-sur-loccupation-en-espagne-et-son-impact-sur-le-marche-immobilier","status":"publish","type":"post","link":"https:\/\/jcarchitect.com\/fr\/la-loi-injuste-sur-loccupation-en-espagne-et-son-impact-sur-le-marche-immobilier\/","title":{"rendered":"La loi injuste sur l'occupation en Espagne et son impact sur le march\u00e9 immobilier"},"content":{"rendered":"<p>La loi sur l'occupation en Espagne suscite de plus en plus d'inqui\u00e9tudes parmi les propri\u00e9taires et le march\u00e9 immobilier dans son ensemble. Ce ph\u00e9nom\u00e8ne, connu sous le nom d'\u00ab occupation ill\u00e9gale \u00bb ou \u00ab squat \u00bb, fait r\u00e9f\u00e9rence \u00e0 l'action de s'approprier des logements sans le consentement ou l'autorisation des propri\u00e9taires l\u00e9gitimes.<\/p>\n<p>Ce probl\u00e8me est devenu une r\u00e9alit\u00e9 pr\u00e9occupante dans tout le pays, affectant des milliers de propri\u00e9taires et ayant un impact significatif sur le march\u00e9 immobilier. Le manque d'une l\u00e9gislation solide et efficace pour traiter cette question a conduit \u00e0 une augmentation des cas d'occupation ill\u00e9gale, cr\u00e9ant de l'ins\u00e9curit\u00e9 et de la m\u00e9fiance parmi les propri\u00e9taires et les investisseurs.<\/p>\n<p>L'un des probl\u00e8mes majeurs r\u00e9side dans la difficult\u00e9 \u00e0 expulser les occupants ill\u00e9gaux et \u00e0 r\u00e9cup\u00e9rer les biens. Les propri\u00e9taires se retrouvent confront\u00e9s \u00e0 un processus juridique long et co\u00fbteux, qui peut souvent durer des mois, voire des ann\u00e9es, avant de pouvoir r\u00e9cup\u00e9rer leur logement. Pendant ce temps, les occupants ill\u00e9gaux peuvent profiter de la situation et vivre dans la propri\u00e9t\u00e9 sans payer de loyer ni respecter les obligations l\u00e9gales.<\/p>\n<p>Pour mieux comprendre l'impact de cette loi d'occupation injuste, il est utile d'examiner certains cas sp\u00e9cifiques. Parmi eux, on trouve celui d'une famille \u00e0 Barcelone qui a d\u00e9couvert que sa maison avait \u00e9t\u00e9 occup\u00e9e pendant leurs vacances. \u00c0 leur retour, ils ont constat\u00e9 qu'un groupe de personnes s'\u00e9tait empar\u00e9 de leur domicile et refusait de le quitter. La famille a d\u00fb entamer une proc\u00e9dure juridique longue et co\u00fbteuse pour r\u00e9cup\u00e9rer sa maison, subissant un stress \u00e9motionnel et financier consid\u00e9rable dans le processus.<\/p>\n<p>Un autre cas notable concerne un propri\u00e9taire \u00e0 Madrid qui a d\u00e9cid\u00e9 de vendre sa propri\u00e9t\u00e9. Avant la vente, il a d\u00e9couvert la pr\u00e9sence d'un occupant ill\u00e9gal dans son logement. Malgr\u00e9 l'int\u00e9r\u00eat d'un acheteur, la proc\u00e9dure d'expulsion a \u00e9t\u00e9 si lente et compliqu\u00e9e que l'acheteur s'est retir\u00e9 de la transaction. Le propri\u00e9taire a \u00e9t\u00e9 contraint de r\u00e9duire le prix de vente et a finalement subi des pertes financi\u00e8res r\u00e9sultant de cette situation.<\/p>\n<p>Ces cas ne sont que des exemples des probl\u00e8mes auxquels sont confront\u00e9s les propri\u00e9taires et le march\u00e9 immobilier en raison du manque d'une l\u00e9gislation claire et efficace pour lutter contre l'occupation ill\u00e9gale. Cette situation mine la confiance dans le march\u00e9, d\u00e9courage les investissements et a des implications \u00e9conomiques n\u00e9gatives.<\/p>\n<p>Il est essentiel de mettre en place des mesures plus strictes et efficaces pour r\u00e9soudre ce probl\u00e8me. Cela passe par l'adoption d'une l\u00e9gislation plus claire qui prot\u00e8ge les droits de propri\u00e9t\u00e9 et acc\u00e9l\u00e8re les proc\u00e9dures d'expulsion. De plus, une plus grande collaboration entre les autorit\u00e9s, les propri\u00e9taires et les forces de l'ordre est n\u00e9cessaire pour lutter efficacement contre l'occupation ill\u00e9gale.<\/p>\n<p>En conclusion, la loi sur l'occupation en Espagne repr\u00e9sente un d\u00e9fi majeur pour les propri\u00e9taires et le march\u00e9 immobilier en g\u00e9n\u00e9ral. Les cas mentionn\u00e9s illustrent les difficult\u00e9s et les cons\u00e9quences n\u00e9gatives d\u00e9coulant de cette situation. Il est n\u00e9cessaire de mettre en \u0153uvre des r\u00e9formes l\u00e9gislatives qui prot\u00e8gent les droits de propri\u00e9t\u00e9 et offrent s\u00e9curit\u00e9 et confiance aux propri\u00e9taires et aux investisseurs sur le march\u00e9 immobilier. Ce n'est qu'ainsi que nous pourrons garantir un environnement propice au d\u00e9veloppement et \u00e0 la croissance du secteur immobilier en Espagne.<\/p>\n","protected":false},"excerpt":{"rendered":"<p>La loi sur l'occupation en Espagne suscite de plus en plus d'inqui\u00e9tudes parmi les propri\u00e9taires et le march\u00e9 immobilier dans son ensemble. Ce ph\u00e9nom\u00e8ne, connu sous le nom d'\u00ab occupation ill\u00e9gale \u00bb ou \u00ab squat \u00bb, fait r\u00e9f\u00e9rence \u00e0 l'action de s'approprier des logements sans le consentement ou l'autorisation des propri\u00e9taires l\u00e9gitimes. Ce probl\u00e8me est [&hellip;]<\/p>\n","protected":false},"author":2,"featured_media":65345,"comment_status":"closed","ping_status":"closed","sticky":false,"template":"","format":"standard","meta":{"footnotes":""},"categories":[77],"tags":[367,328,368,366,318,369],"yoast_head":"<!-- This site is optimized with the Yoast SEO plugin v22.6 - https:\/\/yoast.com\/wordpress\/plugins\/seo\/ -->\n<title>La loi injuste sur l&#039;occupation en Espagne et son impact sur le march\u00e9 immobilier - JC Architect<\/title>\n<meta name=\"description\" content=\"La loi injuste sur l&#039;occupation en Espagne et son impact sur le march\u00e9 immobilier. D\u00e9couvrez comment l&#039;occupation ill\u00e9gale affecte les propri\u00e9taires et d\u00e9courage l&#039;investissement dans le secteur immobilier. Des exemples de cas concrets soulignent la n\u00e9cessit\u00e9 d&#039;une r\u00e9forme l\u00e9gislative pour prot\u00e9ger les droits de propri\u00e9t\u00e9 et garantir la s\u00e9curit\u00e9 juridique.\" \/>\n<meta name=\"robots\" content=\"index, follow, max-snippet:-1, max-image-preview:large, max-video-preview:-1\" \/>\n<link rel=\"canonical\" href=\"https:\/\/jcarchitect.com\/fr\/la-loi-injuste-sur-loccupation-en-espagne-et-son-impact-sur-le-marche-immobilier\/\" \/>\n<meta property=\"og:locale\" content=\"fr_FR\" \/>\n<meta property=\"og:type\" content=\"article\" \/>\n<meta property=\"og:title\" content=\"La loi injuste sur l&#039;occupation en Espagne et son impact sur le march\u00e9 immobilier - JC Architect\" \/>\n<meta property=\"og:description\" content=\"La loi injuste sur l&#039;occupation en Espagne et son impact sur le march\u00e9 immobilier. D\u00e9couvrez comment l&#039;occupation ill\u00e9gale affecte les propri\u00e9taires et d\u00e9courage l&#039;investissement dans le secteur immobilier. Des exemples de cas concrets soulignent la n\u00e9cessit\u00e9 d&#039;une r\u00e9forme l\u00e9gislative pour prot\u00e9ger les droits de propri\u00e9t\u00e9 et garantir la s\u00e9curit\u00e9 juridique.\" \/>\n<meta property=\"og:url\" content=\"https:\/\/jcarchitect.com\/fr\/la-loi-injuste-sur-loccupation-en-espagne-et-son-impact-sur-le-marche-immobilier\/\" \/>\n<meta property=\"og:site_name\" content=\"JC Architect\" \/>\n<meta property=\"article:published_time\" content=\"2023-07-13T16:12:26+00:00\" \/>\n<meta property=\"og:image\" content=\"https:\/\/jcarchitect.com\/jcarchitect\/wp-content\/uploads\/squatters-ge4233dc81_1280.jpg\" \/>\n\t<meta property=\"og:image:width\" content=\"1280\" \/>\n\t<meta property=\"og:image:height\" content=\"833\" \/>\n\t<meta property=\"og:image:type\" content=\"image\/jpeg\" \/>\n<meta name=\"author\" content=\"Jorge Camprecios\" \/>\n<meta name=\"twitter:card\" content=\"summary_large_image\" \/>\n<meta name=\"twitter:label1\" content=\"\u00c9crit par\" \/>\n\t<meta name=\"twitter:data1\" content=\"Jorge Camprecios\" \/>\n\t<meta name=\"twitter:label2\" content=\"Dur\u00e9e de lecture estim\u00e9e\" \/>\n\t<meta name=\"twitter:data2\" content=\"3 minutes\" \/>\n<script type=\"application\/ld+json\" class=\"yoast-schema-graph\">{\"@context\":\"https:\/\/schema.org\",\"@graph\":[{\"@type\":\"Article\",\"@id\":\"https:\/\/jcarchitect.com\/fr\/la-loi-injuste-sur-loccupation-en-espagne-et-son-impact-sur-le-marche-immobilier\/#article\",\"isPartOf\":{\"@id\":\"https:\/\/jcarchitect.com\/fr\/la-loi-injuste-sur-loccupation-en-espagne-et-son-impact-sur-le-marche-immobilier\/\"},\"author\":{\"name\":\"Jorge Camprecios\",\"@id\":\"https:\/\/jcarchitect.com\/fr\/#\/schema\/person\/20907e3bb26e939ac9590141e116d16b\"},\"headline\":\"La loi injuste sur l'occupation en Espagne et son impact sur le march\u00e9 immobilier\",\"datePublished\":\"2023-07-13T16:12:26+00:00\",\"dateModified\":\"2023-07-13T16:12:26+00:00\",\"mainEntityOfPage\":{\"@id\":\"https:\/\/jcarchitect.com\/fr\/la-loi-injuste-sur-loccupation-en-espagne-et-son-impact-sur-le-marche-immobilier\/\"},\"wordCount\":655,\"publisher\":{\"@id\":\"https:\/\/jcarchitect.com\/fr\/#organization\"},\"image\":{\"@id\":\"https:\/\/jcarchitect.com\/fr\/la-loi-injuste-sur-loccupation-en-espagne-et-son-impact-sur-le-marche-immobilier\/#primaryimage\"},\"thumbnailUrl\":\"https:\/\/jcarchitect.com\/jcarchitect\/wp-content\/uploads\/squatters-ge4233dc81_1280.jpg\",\"keywords\":[\"droitsdeproprite\",\"jcarchitect\",\"loiinjuste\",\"occupationillegale\",\"realestate\",\"reformelegislative\"],\"articleSection\":[\"Non classifi\u00e9(e)\"],\"inLanguage\":\"fr-FR\"},{\"@type\":\"WebPage\",\"@id\":\"https:\/\/jcarchitect.com\/fr\/la-loi-injuste-sur-loccupation-en-espagne-et-son-impact-sur-le-marche-immobilier\/\",\"url\":\"https:\/\/jcarchitect.com\/fr\/la-loi-injuste-sur-loccupation-en-espagne-et-son-impact-sur-le-marche-immobilier\/\",\"name\":\"La loi injuste sur l'occupation en Espagne et son impact sur le march\u00e9 immobilier - JC Architect\",\"isPartOf\":{\"@id\":\"https:\/\/jcarchitect.com\/fr\/#website\"},\"primaryImageOfPage\":{\"@id\":\"https:\/\/jcarchitect.com\/fr\/la-loi-injuste-sur-loccupation-en-espagne-et-son-impact-sur-le-marche-immobilier\/#primaryimage\"},\"image\":{\"@id\":\"https:\/\/jcarchitect.com\/fr\/la-loi-injuste-sur-loccupation-en-espagne-et-son-impact-sur-le-marche-immobilier\/#primaryimage\"},\"thumbnailUrl\":\"https:\/\/jcarchitect.com\/jcarchitect\/wp-content\/uploads\/squatters-ge4233dc81_1280.jpg\",\"datePublished\":\"2023-07-13T16:12:26+00:00\",\"dateModified\":\"2023-07-13T16:12:26+00:00\",\"description\":\"La loi injuste sur l'occupation en Espagne et son impact sur le march\u00e9 immobilier. D\u00e9couvrez comment l'occupation ill\u00e9gale affecte les propri\u00e9taires et d\u00e9courage l'investissement dans le secteur immobilier. Des exemples de cas concrets soulignent la n\u00e9cessit\u00e9 d'une r\u00e9forme l\u00e9gislative pour prot\u00e9ger les droits de propri\u00e9t\u00e9 et garantir la s\u00e9curit\u00e9 juridique.\",\"breadcrumb\":{\"@id\":\"https:\/\/jcarchitect.com\/fr\/la-loi-injuste-sur-loccupation-en-espagne-et-son-impact-sur-le-marche-immobilier\/#breadcrumb\"},\"inLanguage\":\"fr-FR\",\"potentialAction\":[{\"@type\":\"ReadAction\",\"target\":[\"https:\/\/jcarchitect.com\/fr\/la-loi-injuste-sur-loccupation-en-espagne-et-son-impact-sur-le-marche-immobilier\/\"]}]},{\"@type\":\"ImageObject\",\"inLanguage\":\"fr-FR\",\"@id\":\"https:\/\/jcarchitect.com\/fr\/la-loi-injuste-sur-loccupation-en-espagne-et-son-impact-sur-le-marche-immobilier\/#primaryimage\",\"url\":\"https:\/\/jcarchitect.com\/jcarchitect\/wp-content\/uploads\/squatters-ge4233dc81_1280.jpg\",\"contentUrl\":\"https:\/\/jcarchitect.com\/jcarchitect\/wp-content\/uploads\/squatters-ge4233dc81_1280.jpg\",\"width\":1280,\"height\":833},{\"@type\":\"BreadcrumbList\",\"@id\":\"https:\/\/jcarchitect.com\/fr\/la-loi-injuste-sur-loccupation-en-espagne-et-son-impact-sur-le-marche-immobilier\/#breadcrumb\",\"itemListElement\":[{\"@type\":\"ListItem\",\"position\":1,\"name\":\"Home\",\"item\":\"https:\/\/jcarchitect.com\/fr\/\"},{\"@type\":\"ListItem\",\"position\":2,\"name\":\"La loi injuste sur l'occupation en Espagne et son impact sur le march\u00e9 immobilier\"}]},{\"@type\":\"WebSite\",\"@id\":\"https:\/\/jcarchitect.com\/fr\/#website\",\"url\":\"https:\/\/jcarchitect.com\/fr\/\",\"name\":\"JC Architect\",\"description\":\"Real Estate consultancy Barcelona\",\"publisher\":{\"@id\":\"https:\/\/jcarchitect.com\/fr\/#organization\"},\"potentialAction\":[{\"@type\":\"SearchAction\",\"target\":{\"@type\":\"EntryPoint\",\"urlTemplate\":\"https:\/\/jcarchitect.com\/fr\/?s={search_term_string}\"},\"query-input\":\"required name=search_term_string\"}],\"inLanguage\":\"fr-FR\"},{\"@type\":\"Organization\",\"@id\":\"https:\/\/jcarchitect.com\/fr\/#organization\",\"name\":\"JC Architect\",\"url\":\"https:\/\/jcarchitect.com\/fr\/\",\"logo\":{\"@type\":\"ImageObject\",\"inLanguage\":\"fr-FR\",\"@id\":\"https:\/\/jcarchitect.com\/fr\/#\/schema\/logo\/image\/\",\"url\":\"https:\/\/jcarchitect.com\/jcarchitect\/wp-content\/uploads\/favicon-bg.png\",\"contentUrl\":\"https:\/\/jcarchitect.com\/jcarchitect\/wp-content\/uploads\/favicon-bg.png\",\"width\":144,\"height\":144,\"caption\":\"JC Architect\"},\"image\":{\"@id\":\"https:\/\/jcarchitect.com\/fr\/#\/schema\/logo\/image\/\"}},{\"@type\":\"Person\",\"@id\":\"https:\/\/jcarchitect.com\/fr\/#\/schema\/person\/20907e3bb26e939ac9590141e116d16b\",\"name\":\"Jorge Camprecios\",\"image\":{\"@type\":\"ImageObject\",\"inLanguage\":\"fr-FR\",\"@id\":\"https:\/\/jcarchitect.com\/fr\/#\/schema\/person\/image\/\",\"url\":\"https:\/\/secure.gravatar.com\/avatar\/735d2ecd70608d792216ff82149b74fd?s=96&d=mm&r=g\",\"contentUrl\":\"https:\/\/secure.gravatar.com\/avatar\/735d2ecd70608d792216ff82149b74fd?s=96&d=mm&r=g\",\"caption\":\"Jorge Camprecios\"}}]}<\/script>\n<!-- \/ Yoast SEO plugin. -->","yoast_head_json":{"title":"La loi injuste sur l'occupation en Espagne et son impact sur le march\u00e9 immobilier - JC Architect","description":"La loi injuste sur l'occupation en Espagne et son impact sur le march\u00e9 immobilier. D\u00e9couvrez comment l'occupation ill\u00e9gale affecte les propri\u00e9taires et d\u00e9courage l'investissement dans le secteur immobilier. Des exemples de cas concrets soulignent la n\u00e9cessit\u00e9 d'une r\u00e9forme l\u00e9gislative pour prot\u00e9ger les droits de propri\u00e9t\u00e9 et garantir la s\u00e9curit\u00e9 juridique.","robots":{"index":"index","follow":"follow","max-snippet":"max-snippet:-1","max-image-preview":"max-image-preview:large","max-video-preview":"max-video-preview:-1"},"canonical":"https:\/\/jcarchitect.com\/fr\/la-loi-injuste-sur-loccupation-en-espagne-et-son-impact-sur-le-marche-immobilier\/","og_locale":"fr_FR","og_type":"article","og_title":"La loi injuste sur l'occupation en Espagne et son impact sur le march\u00e9 immobilier - JC Architect","og_description":"La loi injuste sur l'occupation en Espagne et son impact sur le march\u00e9 immobilier. D\u00e9couvrez comment l'occupation ill\u00e9gale affecte les propri\u00e9taires et d\u00e9courage l'investissement dans le secteur immobilier. Des exemples de cas concrets soulignent la n\u00e9cessit\u00e9 d'une r\u00e9forme l\u00e9gislative pour prot\u00e9ger les droits de propri\u00e9t\u00e9 et garantir la s\u00e9curit\u00e9 juridique.","og_url":"https:\/\/jcarchitect.com\/fr\/la-loi-injuste-sur-loccupation-en-espagne-et-son-impact-sur-le-marche-immobilier\/","og_site_name":"JC Architect","article_published_time":"2023-07-13T16:12:26+00:00","og_image":[{"width":1280,"height":833,"url":"https:\/\/jcarchitect.com\/jcarchitect\/wp-content\/uploads\/squatters-ge4233dc81_1280.jpg","type":"image\/jpeg"}],"author":"Jorge Camprecios","twitter_card":"summary_large_image","twitter_misc":{"\u00c9crit par":"Jorge Camprecios","Dur\u00e9e de lecture estim\u00e9e":"3 minutes"},"schema":{"@context":"https:\/\/schema.org","@graph":[{"@type":"Article","@id":"https:\/\/jcarchitect.com\/fr\/la-loi-injuste-sur-loccupation-en-espagne-et-son-impact-sur-le-marche-immobilier\/#article","isPartOf":{"@id":"https:\/\/jcarchitect.com\/fr\/la-loi-injuste-sur-loccupation-en-espagne-et-son-impact-sur-le-marche-immobilier\/"},"author":{"name":"Jorge Camprecios","@id":"https:\/\/jcarchitect.com\/fr\/#\/schema\/person\/20907e3bb26e939ac9590141e116d16b"},"headline":"La loi injuste sur l'occupation en Espagne et son impact sur le march\u00e9 immobilier","datePublished":"2023-07-13T16:12:26+00:00","dateModified":"2023-07-13T16:12:26+00:00","mainEntityOfPage":{"@id":"https:\/\/jcarchitect.com\/fr\/la-loi-injuste-sur-loccupation-en-espagne-et-son-impact-sur-le-marche-immobilier\/"},"wordCount":655,"publisher":{"@id":"https:\/\/jcarchitect.com\/fr\/#organization"},"image":{"@id":"https:\/\/jcarchitect.com\/fr\/la-loi-injuste-sur-loccupation-en-espagne-et-son-impact-sur-le-marche-immobilier\/#primaryimage"},"thumbnailUrl":"https:\/\/jcarchitect.com\/jcarchitect\/wp-content\/uploads\/squatters-ge4233dc81_1280.jpg","keywords":["droitsdeproprite","jcarchitect","loiinjuste","occupationillegale","realestate","reformelegislative"],"articleSection":["Non classifi\u00e9(e)"],"inLanguage":"fr-FR"},{"@type":"WebPage","@id":"https:\/\/jcarchitect.com\/fr\/la-loi-injuste-sur-loccupation-en-espagne-et-son-impact-sur-le-marche-immobilier\/","url":"https:\/\/jcarchitect.com\/fr\/la-loi-injuste-sur-loccupation-en-espagne-et-son-impact-sur-le-marche-immobilier\/","name":"La loi injuste sur l'occupation en Espagne et son impact sur le march\u00e9 immobilier - JC Architect","isPartOf":{"@id":"https:\/\/jcarchitect.com\/fr\/#website"},"primaryImageOfPage":{"@id":"https:\/\/jcarchitect.com\/fr\/la-loi-injuste-sur-loccupation-en-espagne-et-son-impact-sur-le-marche-immobilier\/#primaryimage"},"image":{"@id":"https:\/\/jcarchitect.com\/fr\/la-loi-injuste-sur-loccupation-en-espagne-et-son-impact-sur-le-marche-immobilier\/#primaryimage"},"thumbnailUrl":"https:\/\/jcarchitect.com\/jcarchitect\/wp-content\/uploads\/squatters-ge4233dc81_1280.jpg","datePublished":"2023-07-13T16:12:26+00:00","dateModified":"2023-07-13T16:12:26+00:00","description":"La loi injuste sur l'occupation en Espagne et son impact sur le march\u00e9 immobilier. D\u00e9couvrez comment l'occupation ill\u00e9gale affecte les propri\u00e9taires et d\u00e9courage l'investissement dans le secteur immobilier. Des exemples de cas concrets soulignent la n\u00e9cessit\u00e9 d'une r\u00e9forme l\u00e9gislative pour prot\u00e9ger les droits de propri\u00e9t\u00e9 et garantir la s\u00e9curit\u00e9 juridique.","breadcrumb":{"@id":"https:\/\/jcarchitect.com\/fr\/la-loi-injuste-sur-loccupation-en-espagne-et-son-impact-sur-le-marche-immobilier\/#breadcrumb"},"inLanguage":"fr-FR","potentialAction":[{"@type":"ReadAction","target":["https:\/\/jcarchitect.com\/fr\/la-loi-injuste-sur-loccupation-en-espagne-et-son-impact-sur-le-marche-immobilier\/"]}]},{"@type":"ImageObject","inLanguage":"fr-FR","@id":"https:\/\/jcarchitect.com\/fr\/la-loi-injuste-sur-loccupation-en-espagne-et-son-impact-sur-le-marche-immobilier\/#primaryimage","url":"https:\/\/jcarchitect.com\/jcarchitect\/wp-content\/uploads\/squatters-ge4233dc81_1280.jpg","contentUrl":"https:\/\/jcarchitect.com\/jcarchitect\/wp-content\/uploads\/squatters-ge4233dc81_1280.jpg","width":1280,"height":833},{"@type":"BreadcrumbList","@id":"https:\/\/jcarchitect.com\/fr\/la-loi-injuste-sur-loccupation-en-espagne-et-son-impact-sur-le-marche-immobilier\/#breadcrumb","itemListElement":[{"@type":"ListItem","position":1,"name":"Home","item":"https:\/\/jcarchitect.com\/fr\/"},{"@type":"ListItem","position":2,"name":"La loi injuste sur l'occupation en Espagne et son impact sur le march\u00e9 immobilier"}]},{"@type":"WebSite","@id":"https:\/\/jcarchitect.com\/fr\/#website","url":"https:\/\/jcarchitect.com\/fr\/","name":"JC Architect","description":"Real Estate consultancy Barcelona","publisher":{"@id":"https:\/\/jcarchitect.com\/fr\/#organization"},"potentialAction":[{"@type":"SearchAction","target":{"@type":"EntryPoint","urlTemplate":"https:\/\/jcarchitect.com\/fr\/?s={search_term_string}"},"query-input":"required name=search_term_string"}],"inLanguage":"fr-FR"},{"@type":"Organization","@id":"https:\/\/jcarchitect.com\/fr\/#organization","name":"JC Architect","url":"https:\/\/jcarchitect.com\/fr\/","logo":{"@type":"ImageObject","inLanguage":"fr-FR","@id":"https:\/\/jcarchitect.com\/fr\/#\/schema\/logo\/image\/","url":"https:\/\/jcarchitect.com\/jcarchitect\/wp-content\/uploads\/favicon-bg.png","contentUrl":"https:\/\/jcarchitect.com\/jcarchitect\/wp-content\/uploads\/favicon-bg.png","width":144,"height":144,"caption":"JC Architect"},"image":{"@id":"https:\/\/jcarchitect.com\/fr\/#\/schema\/logo\/image\/"}},{"@type":"Person","@id":"https:\/\/jcarchitect.com\/fr\/#\/schema\/person\/20907e3bb26e939ac9590141e116d16b","name":"Jorge Camprecios","image":{"@type":"ImageObject","inLanguage":"fr-FR","@id":"https:\/\/jcarchitect.com\/fr\/#\/schema\/person\/image\/","url":"https:\/\/secure.gravatar.com\/avatar\/735d2ecd70608d792216ff82149b74fd?s=96&d=mm&r=g","contentUrl":"https:\/\/secure.gravatar.com\/avatar\/735d2ecd70608d792216ff82149b74fd?s=96&d=mm&r=g","caption":"Jorge Camprecios"}}]}},"_links":{"self":[{"href":"https:\/\/jcarchitect.com\/fr\/wp-json\/wp\/v2\/posts\/65354"}],"collection":[{"href":"https:\/\/jcarchitect.com\/fr\/wp-json\/wp\/v2\/posts"}],"about":[{"href":"https:\/\/jcarchitect.com\/fr\/wp-json\/wp\/v2\/types\/post"}],"author":[{"embeddable":true,"href":"https:\/\/jcarchitect.com\/fr\/wp-json\/wp\/v2\/users\/2"}],"replies":[{"embeddable":true,"href":"https:\/\/jcarchitect.com\/fr\/wp-json\/wp\/v2\/comments?post=65354"}],"version-history":[{"count":1,"href":"https:\/\/jcarchitect.com\/fr\/wp-json\/wp\/v2\/posts\/65354\/revisions"}],"predecessor-version":[{"id":65355,"href":"https:\/\/jcarchitect.com\/fr\/wp-json\/wp\/v2\/posts\/65354\/revisions\/65355"}],"wp:featuredmedia":[{"embeddable":true,"href":"https:\/\/jcarchitect.com\/fr\/wp-json\/wp\/v2\/media\/65345"}],"wp:attachment":[{"href":"https:\/\/jcarchitect.com\/fr\/wp-json\/wp\/v2\/media?parent=65354"}],"wp:term":[{"taxonomy":"category","embeddable":true,"href":"https:\/\/jcarchitect.com\/fr\/wp-json\/wp\/v2\/categories?post=65354"},{"taxonomy":"post_tag","embeddable":true,"href":"https:\/\/jcarchitect.com\/fr\/wp-json\/wp\/v2\/tags?post=65354"}],"curies":[{"name":"wp","href":"https:\/\/api.w.org\/{rel}","templated":true}]}}