{"id":95026,"date":"2026-02-10T18:29:57","date_gmt":"2026-02-10T17:29:57","guid":{"rendered":"https:\/\/jcarchitect.com\/?p=95026"},"modified":"2026-02-10T18:29:57","modified_gmt":"2026-02-10T17:29:57","slug":"cuando-una-familia-no-deberia-comprar-vivienda","status":"publish","type":"post","link":"https:\/\/jcarchitect.com\/es\/cuando-una-familia-no-deberia-comprar-vivienda\/","title":{"rendered":"Cu\u00e1ndo una familia NO deber\u00eda comprar vivienda"},"content":{"rendered":"<h2 data-start=\"174\" data-end=\"239\"><strong data-start=\"189\" data-end=\"239\">Cu\u00e1ndo una familia NO deber\u00eda comprar vivienda<\/strong><\/h2>\n<p data-start=\"174\" data-end=\"239\">Comprar vivienda siendo familia es una decisi\u00f3n seria.<br data-start=\"337\" data-end=\"340\" \/>Y precisamente por eso, <strong data-start=\"364\" data-end=\"411\">hay momentos en los que no conviene comprar<\/strong>, aunque el banco diga que s\u00ed y el portal inmobiliario tambi\u00e9n.<\/p>\n<h3 data-start=\"174\" data-end=\"239\">\u00a01. Cuando compras solo para salir del paso<\/h3>\n<p data-start=\"526\" data-end=\"556\">Si la motivaci\u00f3n principal es:<\/p>\n<ul data-start=\"557\" data-end=\"627\">\n<li data-start=\"557\" data-end=\"574\">\n<p data-start=\"559\" data-end=\"574\">\u201cya no cabemos\u201d<\/p>\n<\/li>\n<li data-start=\"575\" data-end=\"593\">\n<p data-start=\"577\" data-end=\"593\">\u201cestamos hartos\u201d<\/p>\n<\/li>\n<li data-start=\"594\" data-end=\"627\">\n<p data-start=\"596\" data-end=\"627\">\u201ccualquier cosa mejor que esto\u201d<\/p>\n<\/li>\n<\/ul>\n<p data-start=\"629\" data-end=\"643\">Para. Respira.<\/p>\n<p data-start=\"645\" data-end=\"742\">Una casa comprada desde el agotamiento suele quedarse peque\u00f1a emocionalmente <strong data-start=\"722\" data-end=\"741\">antes de tiempo<\/strong>.<\/p>\n<h3 data-start=\"744\" data-end=\"796\">2. Cuando normalizas vivir rodeado de tr\u00e1fico<\/h3>\n<p data-start=\"797\" data-end=\"835\">Muchas familias aceptan como \u201cnormal\u201d:<\/p>\n<ul data-start=\"836\" data-end=\"933\">\n<li data-start=\"836\" data-end=\"855\">\n<p data-start=\"838\" data-end=\"855\">ruido constante<\/p>\n<\/li>\n<li data-start=\"856\" data-end=\"886\">\n<p data-start=\"858\" data-end=\"886\">calles hostiles para ni\u00f1os<\/p>\n<\/li>\n<li data-start=\"887\" data-end=\"905\">\n<p data-start=\"889\" data-end=\"905\">falta de verde<\/p>\n<\/li>\n<li data-start=\"906\" data-end=\"933\">\n<p data-start=\"908\" data-end=\"933\">estr\u00e9s log\u00edstico diario<\/p>\n<\/li>\n<\/ul>\n<p data-start=\"935\" data-end=\"946\">Y no lo es.<\/p>\n<p data-start=\"948\" data-end=\"1161\">Zonas como <strong data-start=\"959\" data-end=\"1000\"><span class=\"hover:entity-accent entity-underline inline cursor-pointer align-baseline\"><span class=\"whitespace-normal\">Pedralbes<\/span><\/span><\/strong>, <strong data-start=\"1002\" data-end=\"1043\"><span class=\"hover:entity-accent entity-underline inline cursor-pointer align-baseline\"><span class=\"whitespace-normal\">Sarri\u00e0<\/span><\/span><\/strong> o <strong data-start=\"1046\" data-end=\"1087\"><span class=\"hover:entity-accent entity-underline inline cursor-pointer align-baseline\"><span class=\"whitespace-normal\">Avinguda Tibidabo<\/span><\/span><\/strong> demuestran que en Barcelona <strong data-start=\"1116\" data-end=\"1160\">s\u00ed existe otra forma de vivir en familia<\/strong>:<\/p>\n<ul data-start=\"1162\" data-end=\"1241\">\n<li data-start=\"1162\" data-end=\"1183\">\n<p data-start=\"1164\" data-end=\"1183\">calles tranquilas<\/p>\n<\/li>\n<li data-start=\"1184\" data-end=\"1202\">\n<p data-start=\"1186\" data-end=\"1202\">colegios cerca<\/p>\n<\/li>\n<li data-start=\"1203\" data-end=\"1241\">\n<p data-start=\"1205\" data-end=\"1241\">m\u00e1s silencio, m\u00e1s aire, m\u00e1s margen<\/p>\n<\/li>\n<\/ul>\n<p data-start=\"1243\" data-end=\"1286\">No es lujo.<br data-start=\"1254\" data-end=\"1257\" \/>Es <strong data-start=\"1260\" data-end=\"1285\">salud mental familiar<\/strong>.<\/p>\n<h3 data-start=\"1288\" data-end=\"1336\">3. Cuando eliges casa solo por el colegio<\/h3>\n<p data-start=\"1337\" data-end=\"1353\">Error frecuente.<\/p>\n<p data-start=\"1355\" data-end=\"1447\">El colegio importa, s\u00ed.<br data-start=\"1378\" data-end=\"1381\" \/>Pero una vivienda se vive <strong data-start=\"1407\" data-end=\"1425\">todos los d\u00edas<\/strong>, no solo de 9 a 17 h.<\/p>\n<p data-start=\"1449\" data-end=\"1527\">He visto familias atrapadas en pisos inc\u00f3modos durante a\u00f1os por no replantear:<\/p>\n<ul data-start=\"1528\" data-end=\"1586\">\n<li data-start=\"1528\" data-end=\"1542\">\n<p data-start=\"1530\" data-end=\"1542\">el entorno<\/p>\n<\/li>\n<li data-start=\"1543\" data-end=\"1564\">\n<p data-start=\"1545\" data-end=\"1564\">el tipo de barrio<\/p>\n<\/li>\n<li data-start=\"1565\" data-end=\"1586\">\n<p data-start=\"1567\" data-end=\"1586\">el d\u00eda a d\u00eda real<\/p>\n<\/li>\n<\/ul>\n<p data-start=\"1588\" data-end=\"1643\">El colegio cambia.<br data-start=\"1606\" data-end=\"1609\" \/>La casa pesa m\u00e1s de lo que parece.<\/p>\n<h3 data-start=\"1645\" data-end=\"1693\">4. Cuando no te haces esta pregunta clave<\/h3>\n<p data-start=\"1694\" data-end=\"1761\">Antes de comprar, una familia deber\u00eda poder responder con claridad:<\/p>\n<blockquote data-start=\"1762\" data-end=\"1833\">\n<p data-start=\"1764\" data-end=\"1833\">\u201c\u00bfEsta casa nos facilitar\u00e1 la vida\u2026 o nos la complicar\u00e1 en silencio?\u201d<\/p>\n<\/blockquote>\n<p data-start=\"1835\" data-end=\"1885\">Si la respuesta no es clara, <strong data-start=\"1864\" data-end=\"1884\">no es el momento<\/strong>.<\/p>\n<h3 data-start=\"1835\" data-end=\"1885\">\u00a0Conclusi\u00f3n directa<\/h3>\n<p data-start=\"1913\" data-end=\"2037\">No todas las etapas vitales son etapas de compra.<br data-start=\"1962\" data-end=\"1965\" \/>Y no todas las viviendas sirven para sostener una familia a largo plazo.<\/p>\n<p data-start=\"2039\" data-end=\"2082\">A veces, la mejor decisi\u00f3n inmobiliaria es:<\/p>\n<ul data-start=\"2083\" data-end=\"2154\">\n<li data-start=\"2083\" data-end=\"2094\">\n<p data-start=\"2085\" data-end=\"2094\">esperar<\/p>\n<\/li>\n<li data-start=\"2095\" data-end=\"2120\">\n<p data-start=\"2097\" data-end=\"2120\">redefinir prioridades<\/p>\n<\/li>\n<li data-start=\"2121\" data-end=\"2154\">\n<p data-start=\"2123\" data-end=\"2154\">cambiar de zona, no de metros<\/p>\n<\/li>\n<\/ul>\n<p data-start=\"2156\" data-end=\"2239\">Comprar bien no es comprar r\u00e1pido.<br data-start=\"2190\" data-end=\"2193\" \/>Es comprar <strong data-start=\"2204\" data-end=\"2238\">cuando la casa suma y no resta<\/strong>.<\/p>\n","protected":false},"excerpt":{"rendered":"<p>Cu\u00e1ndo una familia NO deber\u00eda comprar vivienda Comprar vivienda siendo familia es una decisi\u00f3n seria.Y precisamente por eso, hay momentos en los que no conviene comprar, aunque el banco diga que s\u00ed y el portal inmobiliario tambi\u00e9n. \u00a01. Cuando compras solo para salir del paso Si la motivaci\u00f3n principal es: \u201cya no cabemos\u201d \u201cestamos hartos\u201d [&hellip;]<\/p>\n","protected":false},"author":2,"featured_media":95027,"comment_status":"closed","ping_status":"closed","sticky":false,"template":"","format":"standard","meta":{"footnotes":""},"categories":[14],"tags":[1402,1406,1075,1396,1404,1403,1395,1407,1397,1401,1400,1398,1405,1399],"yoast_head":"<!-- This site is optimized with the Yoast SEO plugin v22.6 - https:\/\/yoast.com\/wordpress\/plugins\/seo\/ -->\n<title>Cu\u00e1ndo una familia NO deber\u00eda comprar vivienda - JC Architect<\/title>\n<meta name=\"description\" content=\"Cu\u00e1ndo una familia no deber\u00eda comprar vivienda: se\u00f1ales claras para evitar decisiones precipitadas, ruido, tr\u00e1fico y casas que no sostienen la vida familiar a largo plazo.\" \/>\n<meta name=\"robots\" content=\"index, follow, max-snippet:-1, max-image-preview:large, max-video-preview:-1\" \/>\n<link rel=\"canonical\" href=\"https:\/\/jcarchitect.com\/es\/cuando-una-familia-no-deberia-comprar-vivienda\/\" \/>\n<meta property=\"og:locale\" content=\"es_ES\" \/>\n<meta property=\"og:type\" content=\"article\" \/>\n<meta property=\"og:title\" content=\"Cu\u00e1ndo una familia NO deber\u00eda comprar vivienda - JC Architect\" \/>\n<meta property=\"og:description\" content=\"Cu\u00e1ndo una familia no deber\u00eda comprar vivienda: se\u00f1ales claras para evitar decisiones precipitadas, ruido, tr\u00e1fico y casas que no sostienen la vida familiar a largo plazo.\" \/>\n<meta property=\"og:url\" content=\"https:\/\/jcarchitect.com\/es\/cuando-una-familia-no-deberia-comprar-vivienda\/\" \/>\n<meta property=\"og:site_name\" content=\"JC Architect\" \/>\n<meta property=\"article:published_time\" content=\"2026-02-10T17:29:57+00:00\" \/>\n<meta property=\"og:image\" content=\"https:\/\/jcarchitect.com\/jcarchitect\/wp-content\/uploads\/vetta85-kids-6960579_1920.jpg\" \/>\n\t<meta property=\"og:image:width\" content=\"1920\" \/>\n\t<meta property=\"og:image:height\" content=\"1280\" \/>\n\t<meta property=\"og:image:type\" content=\"image\/jpeg\" \/>\n<meta name=\"author\" content=\"Jorge Camprecios\" \/>\n<meta name=\"twitter:card\" content=\"summary_large_image\" \/>\n<meta name=\"twitter:label1\" content=\"Escrito por\" \/>\n\t<meta name=\"twitter:data1\" content=\"Jorge Camprecios\" \/>\n\t<meta name=\"twitter:label2\" content=\"Tiempo de lectura\" \/>\n\t<meta name=\"twitter:data2\" content=\"2 minutos\" \/>\n<script type=\"application\/ld+json\" class=\"yoast-schema-graph\">{\"@context\":\"https:\/\/schema.org\",\"@graph\":[{\"@type\":\"Article\",\"@id\":\"https:\/\/jcarchitect.com\/es\/cuando-una-familia-no-deberia-comprar-vivienda\/#article\",\"isPartOf\":{\"@id\":\"https:\/\/jcarchitect.com\/es\/cuando-una-familia-no-deberia-comprar-vivienda\/\"},\"author\":{\"name\":\"Jorge Camprecios\",\"@id\":\"https:\/\/jcarchitect.com\/es\/#\/schema\/person\/20907e3bb26e939ac9590141e116d16b\"},\"headline\":\"Cu\u00e1ndo una familia NO deber\u00eda comprar vivienda\",\"datePublished\":\"2026-02-10T17:29:57+00:00\",\"dateModified\":\"2026-02-10T17:29:57+00:00\",\"mainEntityOfPage\":{\"@id\":\"https:\/\/jcarchitect.com\/es\/cuando-una-familia-no-deberia-comprar-vivienda\/\"},\"wordCount\":324,\"publisher\":{\"@id\":\"https:\/\/jcarchitect.com\/es\/#organization\"},\"image\":{\"@id\":\"https:\/\/jcarchitect.com\/es\/cuando-una-familia-no-deberia-comprar-vivienda\/#primaryimage\"},\"thumbnailUrl\":\"https:\/\/jcarchitect.com\/jcarchitect\/wp-content\/uploads\/vetta85-kids-6960579_1920.jpg\",\"keywords\":[\"Avenida Tibidabo\",\"barrios verdes Barcelona\",\"calidad de vida\",\"compra de vivienda\",\"comprar casa con ni\u00f1os\",\"decisi\u00f3n inmobiliaria\",\"familias\",\"Pedralbes\",\"real estate familiar\",\"Sarri\u00e0\",\"sin tr\u00e1fico\",\"vivienda para familias\",\"vivienda saludable\",\"zonas tranquilas Barcelona\"],\"articleSection\":[\"Noticias\"],\"inLanguage\":\"es\"},{\"@type\":\"WebPage\",\"@id\":\"https:\/\/jcarchitect.com\/es\/cuando-una-familia-no-deberia-comprar-vivienda\/\",\"url\":\"https:\/\/jcarchitect.com\/es\/cuando-una-familia-no-deberia-comprar-vivienda\/\",\"name\":\"Cu\u00e1ndo una familia NO deber\u00eda comprar vivienda - JC Architect\",\"isPartOf\":{\"@id\":\"https:\/\/jcarchitect.com\/es\/#website\"},\"primaryImageOfPage\":{\"@id\":\"https:\/\/jcarchitect.com\/es\/cuando-una-familia-no-deberia-comprar-vivienda\/#primaryimage\"},\"image\":{\"@id\":\"https:\/\/jcarchitect.com\/es\/cuando-una-familia-no-deberia-comprar-vivienda\/#primaryimage\"},\"thumbnailUrl\":\"https:\/\/jcarchitect.com\/jcarchitect\/wp-content\/uploads\/vetta85-kids-6960579_1920.jpg\",\"datePublished\":\"2026-02-10T17:29:57+00:00\",\"dateModified\":\"2026-02-10T17:29:57+00:00\",\"description\":\"Cu\u00e1ndo una familia no deber\u00eda comprar vivienda: se\u00f1ales claras para evitar decisiones precipitadas, ruido, tr\u00e1fico y casas que no sostienen la vida familiar a largo plazo.\",\"breadcrumb\":{\"@id\":\"https:\/\/jcarchitect.com\/es\/cuando-una-familia-no-deberia-comprar-vivienda\/#breadcrumb\"},\"inLanguage\":\"es\",\"potentialAction\":[{\"@type\":\"ReadAction\",\"target\":[\"https:\/\/jcarchitect.com\/es\/cuando-una-familia-no-deberia-comprar-vivienda\/\"]}]},{\"@type\":\"ImageObject\",\"inLanguage\":\"es\",\"@id\":\"https:\/\/jcarchitect.com\/es\/cuando-una-familia-no-deberia-comprar-vivienda\/#primaryimage\",\"url\":\"https:\/\/jcarchitect.com\/jcarchitect\/wp-content\/uploads\/vetta85-kids-6960579_1920.jpg\",\"contentUrl\":\"https:\/\/jcarchitect.com\/jcarchitect\/wp-content\/uploads\/vetta85-kids-6960579_1920.jpg\",\"width\":1920,\"height\":1280},{\"@type\":\"BreadcrumbList\",\"@id\":\"https:\/\/jcarchitect.com\/es\/cuando-una-familia-no-deberia-comprar-vivienda\/#breadcrumb\",\"itemListElement\":[{\"@type\":\"ListItem\",\"position\":1,\"name\":\"Home\",\"item\":\"https:\/\/jcarchitect.com\/es\/\"},{\"@type\":\"ListItem\",\"position\":2,\"name\":\"Cu\u00e1ndo una familia NO deber\u00eda comprar vivienda\"}]},{\"@type\":\"WebSite\",\"@id\":\"https:\/\/jcarchitect.com\/es\/#website\",\"url\":\"https:\/\/jcarchitect.com\/es\/\",\"name\":\"JC Architect\",\"description\":\"Real Estate consultancy\",\"publisher\":{\"@id\":\"https:\/\/jcarchitect.com\/es\/#organization\"},\"potentialAction\":[{\"@type\":\"SearchAction\",\"target\":{\"@type\":\"EntryPoint\",\"urlTemplate\":\"https:\/\/jcarchitect.com\/es\/?s={search_term_string}\"},\"query-input\":\"required name=search_term_string\"}],\"inLanguage\":\"es\"},{\"@type\":\"Organization\",\"@id\":\"https:\/\/jcarchitect.com\/es\/#organization\",\"name\":\"JC Architect\",\"url\":\"https:\/\/jcarchitect.com\/es\/\",\"logo\":{\"@type\":\"ImageObject\",\"inLanguage\":\"es\",\"@id\":\"https:\/\/jcarchitect.com\/es\/#\/schema\/logo\/image\/\",\"url\":\"https:\/\/jcarchitect.com\/jcarchitect\/wp-content\/uploads\/favicon-bg.png\",\"contentUrl\":\"https:\/\/jcarchitect.com\/jcarchitect\/wp-content\/uploads\/favicon-bg.png\",\"width\":144,\"height\":144,\"caption\":\"JC Architect\"},\"image\":{\"@id\":\"https:\/\/jcarchitect.com\/es\/#\/schema\/logo\/image\/\"}},{\"@type\":\"Person\",\"@id\":\"https:\/\/jcarchitect.com\/es\/#\/schema\/person\/20907e3bb26e939ac9590141e116d16b\",\"name\":\"Jorge Camprecios\",\"image\":{\"@type\":\"ImageObject\",\"inLanguage\":\"es\",\"@id\":\"https:\/\/jcarchitect.com\/es\/#\/schema\/person\/image\/\",\"url\":\"https:\/\/secure.gravatar.com\/avatar\/735d2ecd70608d792216ff82149b74fd?s=96&d=mm&r=g\",\"contentUrl\":\"https:\/\/secure.gravatar.com\/avatar\/735d2ecd70608d792216ff82149b74fd?s=96&d=mm&r=g\",\"caption\":\"Jorge Camprecios\"}}]}<\/script>\n<!-- \/ Yoast SEO plugin. -->","yoast_head_json":{"title":"Cu\u00e1ndo una familia NO deber\u00eda comprar vivienda - JC Architect","description":"Cu\u00e1ndo una familia no deber\u00eda comprar vivienda: se\u00f1ales claras para evitar decisiones precipitadas, ruido, tr\u00e1fico y casas que no sostienen la vida familiar a largo plazo.","robots":{"index":"index","follow":"follow","max-snippet":"max-snippet:-1","max-image-preview":"max-image-preview:large","max-video-preview":"max-video-preview:-1"},"canonical":"https:\/\/jcarchitect.com\/es\/cuando-una-familia-no-deberia-comprar-vivienda\/","og_locale":"es_ES","og_type":"article","og_title":"Cu\u00e1ndo una familia NO deber\u00eda comprar vivienda - JC Architect","og_description":"Cu\u00e1ndo una familia no deber\u00eda comprar vivienda: se\u00f1ales claras para evitar decisiones precipitadas, ruido, tr\u00e1fico y casas que no sostienen la vida familiar a largo plazo.","og_url":"https:\/\/jcarchitect.com\/es\/cuando-una-familia-no-deberia-comprar-vivienda\/","og_site_name":"JC Architect","article_published_time":"2026-02-10T17:29:57+00:00","og_image":[{"width":1920,"height":1280,"url":"https:\/\/jcarchitect.com\/jcarchitect\/wp-content\/uploads\/vetta85-kids-6960579_1920.jpg","type":"image\/jpeg"}],"author":"Jorge Camprecios","twitter_card":"summary_large_image","twitter_misc":{"Escrito por":"Jorge Camprecios","Tiempo de lectura":"2 minutos"},"schema":{"@context":"https:\/\/schema.org","@graph":[{"@type":"Article","@id":"https:\/\/jcarchitect.com\/es\/cuando-una-familia-no-deberia-comprar-vivienda\/#article","isPartOf":{"@id":"https:\/\/jcarchitect.com\/es\/cuando-una-familia-no-deberia-comprar-vivienda\/"},"author":{"name":"Jorge Camprecios","@id":"https:\/\/jcarchitect.com\/es\/#\/schema\/person\/20907e3bb26e939ac9590141e116d16b"},"headline":"Cu\u00e1ndo una familia NO deber\u00eda comprar vivienda","datePublished":"2026-02-10T17:29:57+00:00","dateModified":"2026-02-10T17:29:57+00:00","mainEntityOfPage":{"@id":"https:\/\/jcarchitect.com\/es\/cuando-una-familia-no-deberia-comprar-vivienda\/"},"wordCount":324,"publisher":{"@id":"https:\/\/jcarchitect.com\/es\/#organization"},"image":{"@id":"https:\/\/jcarchitect.com\/es\/cuando-una-familia-no-deberia-comprar-vivienda\/#primaryimage"},"thumbnailUrl":"https:\/\/jcarchitect.com\/jcarchitect\/wp-content\/uploads\/vetta85-kids-6960579_1920.jpg","keywords":["Avenida Tibidabo","barrios verdes Barcelona","calidad de vida","compra de vivienda","comprar casa con ni\u00f1os","decisi\u00f3n inmobiliaria","familias","Pedralbes","real estate familiar","Sarri\u00e0","sin tr\u00e1fico","vivienda para familias","vivienda saludable","zonas tranquilas Barcelona"],"articleSection":["Noticias"],"inLanguage":"es"},{"@type":"WebPage","@id":"https:\/\/jcarchitect.com\/es\/cuando-una-familia-no-deberia-comprar-vivienda\/","url":"https:\/\/jcarchitect.com\/es\/cuando-una-familia-no-deberia-comprar-vivienda\/","name":"Cu\u00e1ndo una familia NO deber\u00eda comprar vivienda - JC Architect","isPartOf":{"@id":"https:\/\/jcarchitect.com\/es\/#website"},"primaryImageOfPage":{"@id":"https:\/\/jcarchitect.com\/es\/cuando-una-familia-no-deberia-comprar-vivienda\/#primaryimage"},"image":{"@id":"https:\/\/jcarchitect.com\/es\/cuando-una-familia-no-deberia-comprar-vivienda\/#primaryimage"},"thumbnailUrl":"https:\/\/jcarchitect.com\/jcarchitect\/wp-content\/uploads\/vetta85-kids-6960579_1920.jpg","datePublished":"2026-02-10T17:29:57+00:00","dateModified":"2026-02-10T17:29:57+00:00","description":"Cu\u00e1ndo una familia no deber\u00eda comprar vivienda: se\u00f1ales claras para evitar decisiones precipitadas, ruido, tr\u00e1fico y casas que no sostienen la vida familiar a largo plazo.","breadcrumb":{"@id":"https:\/\/jcarchitect.com\/es\/cuando-una-familia-no-deberia-comprar-vivienda\/#breadcrumb"},"inLanguage":"es","potentialAction":[{"@type":"ReadAction","target":["https:\/\/jcarchitect.com\/es\/cuando-una-familia-no-deberia-comprar-vivienda\/"]}]},{"@type":"ImageObject","inLanguage":"es","@id":"https:\/\/jcarchitect.com\/es\/cuando-una-familia-no-deberia-comprar-vivienda\/#primaryimage","url":"https:\/\/jcarchitect.com\/jcarchitect\/wp-content\/uploads\/vetta85-kids-6960579_1920.jpg","contentUrl":"https:\/\/jcarchitect.com\/jcarchitect\/wp-content\/uploads\/vetta85-kids-6960579_1920.jpg","width":1920,"height":1280},{"@type":"BreadcrumbList","@id":"https:\/\/jcarchitect.com\/es\/cuando-una-familia-no-deberia-comprar-vivienda\/#breadcrumb","itemListElement":[{"@type":"ListItem","position":1,"name":"Home","item":"https:\/\/jcarchitect.com\/es\/"},{"@type":"ListItem","position":2,"name":"Cu\u00e1ndo una familia NO deber\u00eda comprar vivienda"}]},{"@type":"WebSite","@id":"https:\/\/jcarchitect.com\/es\/#website","url":"https:\/\/jcarchitect.com\/es\/","name":"JC Architect","description":"Real Estate consultancy","publisher":{"@id":"https:\/\/jcarchitect.com\/es\/#organization"},"potentialAction":[{"@type":"SearchAction","target":{"@type":"EntryPoint","urlTemplate":"https:\/\/jcarchitect.com\/es\/?s={search_term_string}"},"query-input":"required name=search_term_string"}],"inLanguage":"es"},{"@type":"Organization","@id":"https:\/\/jcarchitect.com\/es\/#organization","name":"JC Architect","url":"https:\/\/jcarchitect.com\/es\/","logo":{"@type":"ImageObject","inLanguage":"es","@id":"https:\/\/jcarchitect.com\/es\/#\/schema\/logo\/image\/","url":"https:\/\/jcarchitect.com\/jcarchitect\/wp-content\/uploads\/favicon-bg.png","contentUrl":"https:\/\/jcarchitect.com\/jcarchitect\/wp-content\/uploads\/favicon-bg.png","width":144,"height":144,"caption":"JC Architect"},"image":{"@id":"https:\/\/jcarchitect.com\/es\/#\/schema\/logo\/image\/"}},{"@type":"Person","@id":"https:\/\/jcarchitect.com\/es\/#\/schema\/person\/20907e3bb26e939ac9590141e116d16b","name":"Jorge Camprecios","image":{"@type":"ImageObject","inLanguage":"es","@id":"https:\/\/jcarchitect.com\/es\/#\/schema\/person\/image\/","url":"https:\/\/secure.gravatar.com\/avatar\/735d2ecd70608d792216ff82149b74fd?s=96&d=mm&r=g","contentUrl":"https:\/\/secure.gravatar.com\/avatar\/735d2ecd70608d792216ff82149b74fd?s=96&d=mm&r=g","caption":"Jorge Camprecios"}}]}},"_links":{"self":[{"href":"https:\/\/jcarchitect.com\/es\/wp-json\/wp\/v2\/posts\/95026"}],"collection":[{"href":"https:\/\/jcarchitect.com\/es\/wp-json\/wp\/v2\/posts"}],"about":[{"href":"https:\/\/jcarchitect.com\/es\/wp-json\/wp\/v2\/types\/post"}],"author":[{"embeddable":true,"href":"https:\/\/jcarchitect.com\/es\/wp-json\/wp\/v2\/users\/2"}],"replies":[{"embeddable":true,"href":"https:\/\/jcarchitect.com\/es\/wp-json\/wp\/v2\/comments?post=95026"}],"version-history":[{"count":2,"href":"https:\/\/jcarchitect.com\/es\/wp-json\/wp\/v2\/posts\/95026\/revisions"}],"predecessor-version":[{"id":95029,"href":"https:\/\/jcarchitect.com\/es\/wp-json\/wp\/v2\/posts\/95026\/revisions\/95029"}],"wp:featuredmedia":[{"embeddable":true,"href":"https:\/\/jcarchitect.com\/es\/wp-json\/wp\/v2\/media\/95027"}],"wp:attachment":[{"href":"https:\/\/jcarchitect.com\/es\/wp-json\/wp\/v2\/media?parent=95026"}],"wp:term":[{"taxonomy":"category","embeddable":true,"href":"https:\/\/jcarchitect.com\/es\/wp-json\/wp\/v2\/categories?post=95026"},{"taxonomy":"post_tag","embeddable":true,"href":"https:\/\/jcarchitect.com\/es\/wp-json\/wp\/v2\/tags?post=95026"}],"curies":[{"name":"wp","href":"https:\/\/api.w.org\/{rel}","templated":true}]}}