{"id":92480,"date":"2025-09-29T12:42:32","date_gmt":"2025-09-29T10:42:32","guid":{"rendered":"https:\/\/jcarchitect.com\/?p=92480"},"modified":"2025-09-29T12:42:32","modified_gmt":"2025-09-29T10:42:32","slug":"tendencias-inmobiliarias-internacionales-que-veremos-en-barcelona-en-5-anos","status":"publish","type":"post","link":"https:\/\/jcarchitect.com\/es\/tendencias-inmobiliarias-internacionales-que-veremos-en-barcelona-en-5-anos\/","title":{"rendered":"Tendencias inmobiliarias internacionales que veremos en Barcelona en 5 a\u00f1os"},"content":{"rendered":"<h1 data-start=\"267\" data-end=\"346\">Tendencias inmobiliarias internacionales que veremos en Barcelona en 5 a\u00f1os<\/h1>\n<p data-start=\"348\" data-end=\"743\">El mercado inmobiliario se transforma cada vez m\u00e1s r\u00e1pido. Innovaciones que hoy parecen futuristas en ciudades como Tokio, Nueva York o Berl\u00edn podr\u00edan convertirse en la norma en Barcelona y su \u00e1rea metropolitana en los pr\u00f3ximos 5 a\u00f1os. Desde edificios modulares hasta comunidades de co-living, estas tendencias responden a una misma necesidad: vivir mejor, de forma m\u00e1s eficiente y sostenible.<\/p>\n<p data-start=\"745\" data-end=\"944\">En este art\u00edculo analizamos <strong data-start=\"773\" data-end=\"835\">las principales innovaciones inmobiliarias internacionales<\/strong> que veremos aqu\u00ed en el corto plazo y c\u00f3mo pueden impactar tanto a compradores, inversores como promotores.<\/p>\n<hr data-start=\"946\" data-end=\"949\" \/>\n<h2 data-start=\"951\" data-end=\"1004\">1. Edificios modulares: rapidez y sostenibilidad<\/h2>\n<p data-start=\"1006\" data-end=\"1175\">En Tokio y Nueva York se construyen rascacielos y bloques enteros con m\u00f3dulos prefabricados en f\u00e1brica, que se ensamblan en obra como piezas de Lego.<br data-start=\"1155\" data-end=\"1158\" \/><strong data-start=\"1158\" data-end=\"1173\">Beneficios:<\/strong><\/p>\n<ul data-start=\"1176\" data-end=\"1315\">\n<li data-start=\"1176\" data-end=\"1234\">\n<p data-start=\"1178\" data-end=\"1234\">Menor tiempo de construcci\u00f3n (se reduce hasta un 50%).<\/p>\n<\/li>\n<li data-start=\"1235\" data-end=\"1269\">\n<p data-start=\"1237\" data-end=\"1269\">Control de calidad industrial.<\/p>\n<\/li>\n<li data-start=\"1270\" data-end=\"1315\">\n<p data-start=\"1272\" data-end=\"1315\">Menos residuos y menor impacto ambiental.<\/p>\n<\/li>\n<\/ul>\n<p data-start=\"1317\" data-end=\"1510\"><strong data-start=\"1317\" data-end=\"1349\">Lo que veremos en Barcelona:<\/strong> obras de vivienda asequible y proyectos de rehabilitaci\u00f3n expr\u00e9s en solares peque\u00f1os. Ideal para reducir plazos de entrega y ofrecer precios m\u00e1s competitivos.<\/p>\n<hr data-start=\"1512\" data-end=\"1515\" \/>\n<h2 data-start=\"1517\" data-end=\"1564\">2. Co-living: la vivienda como experiencia<\/h2>\n<p data-start=\"1566\" data-end=\"1808\">En Berl\u00edn y Nueva York, el co-living es mucho m\u00e1s que compartir piso. Se trata de <strong data-start=\"1648\" data-end=\"1700\">vivienda privada combinada con servicios comunes<\/strong> como coworking, gimnasios, cocinas comunitarias y eventos sociales.<br data-start=\"1768\" data-end=\"1771\" \/><strong data-start=\"1771\" data-end=\"1806\">Ventajas para el mercado local:<\/strong><\/p>\n<ul data-start=\"1809\" data-end=\"2025\">\n<li data-start=\"1809\" data-end=\"1881\">\n<p data-start=\"1811\" data-end=\"1881\">Mayor rentabilidad para el inversor gracias a unidades m\u00e1s peque\u00f1as.<\/p>\n<\/li>\n<li data-start=\"1882\" data-end=\"1966\">\n<p data-start=\"1884\" data-end=\"1966\">Oferta atractiva para j\u00f3venes profesionales, teletrabajadores e internacionales.<\/p>\n<\/li>\n<li data-start=\"1967\" data-end=\"2025\">\n<p data-start=\"1969\" data-end=\"2025\">Creaci\u00f3n de comunidad en zonas urbanas en crecimiento.<\/p>\n<\/li>\n<\/ul>\n<hr data-start=\"2027\" data-end=\"2030\" \/>\n<h2 data-start=\"2032\" data-end=\"2080\">3. Micro-apartamentos + servicios de barrio<\/h2>\n<p data-start=\"2082\" data-end=\"2500\">Tokio ha demostrado que un apartamento de 25 m\u00b2 puede ser funcional y elegante si est\u00e1 bien dise\u00f1ado. Nueva York lo ha convertido en tendencia en barrios c\u00e9ntricos.<br data-start=\"2246\" data-end=\"2249\" \/><strong data-start=\"2249\" data-end=\"2269\">Lo que se viene:<\/strong> m\u00e1s micro-apartamentos en Barcelona y su \u00e1rea metropolitana, acompa\u00f1ados de servicios de proximidad en planta baja (tiendas, log\u00edstica, lavander\u00eda). Una opci\u00f3n perfecta para quienes priorizan ubicaci\u00f3n frente a metros cuadrados.<\/p>\n<hr data-start=\"2502\" data-end=\"2505\" \/>\n<h2 data-start=\"2507\" data-end=\"2563\">4. Rehabilitaci\u00f3n energ\u00e9tica y edificios casi-nulos<\/h2>\n<p data-start=\"2565\" data-end=\"2787\">Berl\u00edn lidera la transici\u00f3n hacia edificios de consumo casi nulo (nZEB). Fachadas ventiladas, aislamientos de \u00faltima generaci\u00f3n y recuperaci\u00f3n de calor se est\u00e1n convirtiendo en est\u00e1ndar.<br data-start=\"2751\" data-end=\"2754\" \/><strong data-start=\"2754\" data-end=\"2785\">Impacto en nuestro mercado:<\/strong><\/p>\n<ul data-start=\"2788\" data-end=\"3002\">\n<li data-start=\"2788\" data-end=\"2851\">\n<p data-start=\"2790\" data-end=\"2851\">Revalorizaci\u00f3n de viviendas con alta eficiencia energ\u00e9tica.<\/p>\n<\/li>\n<li data-start=\"2852\" data-end=\"2929\">\n<p data-start=\"2854\" data-end=\"2929\">Mayor inter\u00e9s de compradores e inquilinos por facturas energ\u00e9ticas bajas.<\/p>\n<\/li>\n<li data-start=\"2930\" data-end=\"3002\">\n<p data-start=\"2932\" data-end=\"3002\">Aceleraci\u00f3n de la rehabilitaci\u00f3n de edificios antiguos en Barcelona.<\/p>\n<\/li>\n<\/ul>\n<hr data-start=\"3004\" data-end=\"3007\" \/>\n<h2 data-start=\"3009\" data-end=\"3049\">5. Propiedad flexible y fraccionada<\/h2>\n<p data-start=\"3051\" data-end=\"3416\">En mercados caros como Nueva York, el <strong data-start=\"3089\" data-end=\"3105\">co-ownership<\/strong> permite a varios compradores adquirir y usar una vivienda de forma compartida. Plataformas digitales gestionan turnos, gastos y mantenimiento.<br data-start=\"3248\" data-end=\"3251\" \/><strong data-start=\"3251\" data-end=\"3275\">Lo que veremos aqu\u00ed:<\/strong> este modelo puede democratizar el acceso a segundas residencias en la costa catalana y abrir nuevas oportunidades de inversi\u00f3n compartida.<\/p>\n<hr data-start=\"3418\" data-end=\"3421\" \/>\n<h2 data-start=\"3423\" data-end=\"3466\">6. Edificios inteligentes y conectados<\/h2>\n<p data-start=\"3468\" data-end=\"3660\">Los <strong data-start=\"3472\" data-end=\"3491\">smart buildings<\/strong> ya son realidad en Tokio: sensores para calidad del aire, gesti\u00f3n autom\u00e1tica de energ\u00eda y apps comunitarias para reservas de espacios comunes.<br data-start=\"3634\" data-end=\"3637\" \/>En Barcelona veremos:<\/p>\n<ul data-start=\"3661\" data-end=\"3844\">\n<li data-start=\"3661\" data-end=\"3741\">\n<p data-start=\"3663\" data-end=\"3741\">Mayor retenci\u00f3n de inquilinos gracias a una experiencia de usuario mejorada.<\/p>\n<\/li>\n<li data-start=\"3742\" data-end=\"3782\">\n<p data-start=\"3744\" data-end=\"3782\">Optimizaci\u00f3n de costes de comunidad.<\/p>\n<\/li>\n<li data-start=\"3783\" data-end=\"3844\">\n<p data-start=\"3785\" data-end=\"3844\">Valor a\u00f1adido en el mercado de alquiler de alto standing.<\/p>\n<\/li>\n<\/ul>\n<hr data-start=\"3846\" data-end=\"3849\" \/>\n<h2 data-start=\"3851\" data-end=\"3907\">7. Espacios h\u00edbridos: mezcla de vivienda y comercio<\/h2>\n<p data-start=\"3909\" data-end=\"4172\">En Berl\u00edn y Nueva York, los locales de planta baja se reconvierten en hubs de barrio: coworking, talleres, cocinas compartidas.<br data-start=\"4036\" data-end=\"4039\" \/><strong data-start=\"4039\" data-end=\"4059\">Tendencia local:<\/strong> m\u00e1s proyectos de uso mixto que revitalicen calles y ofrezcan ingresos adicionales a propietarios e inversores.<\/p>\n<hr data-start=\"4174\" data-end=\"4177\" \/>\n<h2 data-start=\"4179\" data-end=\"4194\">Conclusi\u00f3n<\/h2>\n<p data-start=\"4196\" data-end=\"4545\">Estas tendencias no son una moda pasajera: son <strong data-start=\"4243\" data-end=\"4275\">respuestas a desaf\u00edos reales<\/strong> como la escasez de suelo, el aumento de precios y la b\u00fasqueda de formas de vida m\u00e1s sostenibles y conectadas.<br data-start=\"4385\" data-end=\"4388\" \/>Para quienes est\u00e9n atentos \u2014inversores, compradores o agentes\u2014 los pr\u00f3ximos 5 a\u00f1os representan una <strong data-start=\"4487\" data-end=\"4542\">oportunidad para adelantarse y aprovechar el cambio<\/strong>.<\/p>\n<p data-start=\"4547\" data-end=\"4810\">En JC Architect creemos que el futuro del sector est\u00e1 en proyectos que combinen dise\u00f1o, innovaci\u00f3n y sentido de comunidad.<br data-start=\"4669\" data-end=\"4672\" \/>\u00bfQuieres conocer oportunidades de inversi\u00f3n alineadas con estas tendencias? <strong data-start=\"4748\" data-end=\"4808\">Cont\u00e1ctanos y te ayudamos a encontrar el proyecto ideal.<\/strong><\/p>\n","protected":false},"excerpt":{"rendered":"<p>Tendencias inmobiliarias internacionales que veremos en Barcelona en 5 a\u00f1os El mercado inmobiliario se transforma cada vez m\u00e1s r\u00e1pido. Innovaciones que hoy parecen futuristas en ciudades como Tokio, Nueva York o Berl\u00edn podr\u00edan convertirse en la norma en Barcelona y su \u00e1rea metropolitana en los pr\u00f3ximos 5 a\u00f1os. Desde edificios modulares hasta comunidades de co-living, [&hellip;]<\/p>\n","protected":false},"author":2,"featured_media":92479,"comment_status":"closed","ping_status":"closed","sticky":false,"template":"","format":"standard","meta":{"footnotes":""},"categories":[14],"tags":[1179,1178,912,1183,1079,308,1177,1180,1182,1181,1176],"yoast_head":"<!-- This site is optimized with the Yoast SEO plugin v22.6 - https:\/\/yoast.com\/wordpress\/plugins\/seo\/ -->\n<title>Tendencias inmobiliarias internacionales que veremos en Barcelona en 5 a\u00f1os - JC Architect<\/title>\n<meta name=\"description\" content=\"endencias inmobiliarias que llegar\u00e1n a Barcelona: edificios modulares, co-living, micro-apartamentos y m\u00e1s. Descubre el futuro del sector.\" \/>\n<meta name=\"robots\" content=\"index, follow, max-snippet:-1, max-image-preview:large, max-video-preview:-1\" \/>\n<link rel=\"canonical\" href=\"https:\/\/jcarchitect.com\/es\/tendencias-inmobiliarias-internacionales-que-veremos-en-barcelona-en-5-anos\/\" \/>\n<meta property=\"og:locale\" content=\"es_ES\" \/>\n<meta property=\"og:type\" content=\"article\" \/>\n<meta property=\"og:title\" content=\"Tendencias inmobiliarias internacionales que veremos en Barcelona en 5 a\u00f1os - JC Architect\" \/>\n<meta property=\"og:description\" content=\"endencias inmobiliarias que llegar\u00e1n a Barcelona: edificios modulares, co-living, micro-apartamentos y m\u00e1s. Descubre el futuro del sector.\" \/>\n<meta property=\"og:url\" content=\"https:\/\/jcarchitect.com\/es\/tendencias-inmobiliarias-internacionales-que-veremos-en-barcelona-en-5-anos\/\" \/>\n<meta property=\"og:site_name\" content=\"JC Architect\" \/>\n<meta property=\"article:published_time\" content=\"2025-09-29T10:42:32+00:00\" \/>\n<meta property=\"og:image\" content=\"https:\/\/jcarchitect.com\/jcarchitect\/wp-content\/uploads\/automobile-4101263_1280.jpg\" \/>\n\t<meta property=\"og:image:width\" content=\"1280\" \/>\n\t<meta property=\"og:image:height\" content=\"888\" \/>\n\t<meta property=\"og:image:type\" content=\"image\/jpeg\" \/>\n<meta name=\"author\" content=\"Jorge Camprecios\" \/>\n<meta name=\"twitter:card\" content=\"summary_large_image\" \/>\n<meta name=\"twitter:label1\" content=\"Escrito por\" \/>\n\t<meta name=\"twitter:data1\" content=\"Jorge Camprecios\" \/>\n\t<meta name=\"twitter:label2\" content=\"Tiempo de lectura\" \/>\n\t<meta name=\"twitter:data2\" content=\"3 minutos\" \/>\n<script type=\"application\/ld+json\" class=\"yoast-schema-graph\">{\"@context\":\"https:\/\/schema.org\",\"@graph\":[{\"@type\":\"Article\",\"@id\":\"https:\/\/jcarchitect.com\/es\/tendencias-inmobiliarias-internacionales-que-veremos-en-barcelona-en-5-anos\/#article\",\"isPartOf\":{\"@id\":\"https:\/\/jcarchitect.com\/es\/tendencias-inmobiliarias-internacionales-que-veremos-en-barcelona-en-5-anos\/\"},\"author\":{\"name\":\"Jorge Camprecios\",\"@id\":\"https:\/\/jcarchitect.com\/es\/#\/schema\/person\/20907e3bb26e939ac9590141e116d16b\"},\"headline\":\"Tendencias inmobiliarias internacionales que veremos en Barcelona en 5 a\u00f1os\",\"datePublished\":\"2025-09-29T10:42:32+00:00\",\"dateModified\":\"2025-09-29T10:42:32+00:00\",\"mainEntityOfPage\":{\"@id\":\"https:\/\/jcarchitect.com\/es\/tendencias-inmobiliarias-internacionales-que-veremos-en-barcelona-en-5-anos\/\"},\"wordCount\":688,\"publisher\":{\"@id\":\"https:\/\/jcarchitect.com\/es\/#organization\"},\"image\":{\"@id\":\"https:\/\/jcarchitect.com\/es\/tendencias-inmobiliarias-internacionales-que-veremos-en-barcelona-en-5-anos\/#primaryimage\"},\"thumbnailUrl\":\"https:\/\/jcarchitect.com\/jcarchitect\/wp-content\/uploads\/automobile-4101263_1280.jpg\",\"keywords\":[\"co-living\",\"edificios modulares\",\"eficiencia energ\u00e9tica\",\"futuro del real estate\",\"inversi\u00f3n inmobiliaria\",\"jcarchitect\",\"mercado inmobiliario Barcelona\",\"micro-apartamentos\",\"rehabilitaci\u00f3n de edificios\",\"smart buildings\",\"tendencias inmobiliarias\"],\"articleSection\":[\"Noticias\"],\"inLanguage\":\"es\"},{\"@type\":\"WebPage\",\"@id\":\"https:\/\/jcarchitect.com\/es\/tendencias-inmobiliarias-internacionales-que-veremos-en-barcelona-en-5-anos\/\",\"url\":\"https:\/\/jcarchitect.com\/es\/tendencias-inmobiliarias-internacionales-que-veremos-en-barcelona-en-5-anos\/\",\"name\":\"Tendencias inmobiliarias internacionales que veremos en Barcelona en 5 a\u00f1os - JC Architect\",\"isPartOf\":{\"@id\":\"https:\/\/jcarchitect.com\/es\/#website\"},\"primaryImageOfPage\":{\"@id\":\"https:\/\/jcarchitect.com\/es\/tendencias-inmobiliarias-internacionales-que-veremos-en-barcelona-en-5-anos\/#primaryimage\"},\"image\":{\"@id\":\"https:\/\/jcarchitect.com\/es\/tendencias-inmobiliarias-internacionales-que-veremos-en-barcelona-en-5-anos\/#primaryimage\"},\"thumbnailUrl\":\"https:\/\/jcarchitect.com\/jcarchitect\/wp-content\/uploads\/automobile-4101263_1280.jpg\",\"datePublished\":\"2025-09-29T10:42:32+00:00\",\"dateModified\":\"2025-09-29T10:42:32+00:00\",\"description\":\"endencias inmobiliarias que llegar\u00e1n a Barcelona: edificios modulares, co-living, micro-apartamentos y m\u00e1s. Descubre el futuro del sector.\",\"breadcrumb\":{\"@id\":\"https:\/\/jcarchitect.com\/es\/tendencias-inmobiliarias-internacionales-que-veremos-en-barcelona-en-5-anos\/#breadcrumb\"},\"inLanguage\":\"es\",\"potentialAction\":[{\"@type\":\"ReadAction\",\"target\":[\"https:\/\/jcarchitect.com\/es\/tendencias-inmobiliarias-internacionales-que-veremos-en-barcelona-en-5-anos\/\"]}]},{\"@type\":\"ImageObject\",\"inLanguage\":\"es\",\"@id\":\"https:\/\/jcarchitect.com\/es\/tendencias-inmobiliarias-internacionales-que-veremos-en-barcelona-en-5-anos\/#primaryimage\",\"url\":\"https:\/\/jcarchitect.com\/jcarchitect\/wp-content\/uploads\/automobile-4101263_1280.jpg\",\"contentUrl\":\"https:\/\/jcarchitect.com\/jcarchitect\/wp-content\/uploads\/automobile-4101263_1280.jpg\",\"width\":1280,\"height\":888},{\"@type\":\"BreadcrumbList\",\"@id\":\"https:\/\/jcarchitect.com\/es\/tendencias-inmobiliarias-internacionales-que-veremos-en-barcelona-en-5-anos\/#breadcrumb\",\"itemListElement\":[{\"@type\":\"ListItem\",\"position\":1,\"name\":\"Home\",\"item\":\"https:\/\/jcarchitect.com\/es\/\"},{\"@type\":\"ListItem\",\"position\":2,\"name\":\"Tendencias inmobiliarias internacionales que veremos en Barcelona en 5 a\u00f1os\"}]},{\"@type\":\"WebSite\",\"@id\":\"https:\/\/jcarchitect.com\/es\/#website\",\"url\":\"https:\/\/jcarchitect.com\/es\/\",\"name\":\"JC Architect\",\"description\":\"Real Estate consultancy\",\"publisher\":{\"@id\":\"https:\/\/jcarchitect.com\/es\/#organization\"},\"potentialAction\":[{\"@type\":\"SearchAction\",\"target\":{\"@type\":\"EntryPoint\",\"urlTemplate\":\"https:\/\/jcarchitect.com\/es\/?s={search_term_string}\"},\"query-input\":\"required name=search_term_string\"}],\"inLanguage\":\"es\"},{\"@type\":\"Organization\",\"@id\":\"https:\/\/jcarchitect.com\/es\/#organization\",\"name\":\"JC Architect\",\"url\":\"https:\/\/jcarchitect.com\/es\/\",\"logo\":{\"@type\":\"ImageObject\",\"inLanguage\":\"es\",\"@id\":\"https:\/\/jcarchitect.com\/es\/#\/schema\/logo\/image\/\",\"url\":\"https:\/\/jcarchitect.com\/jcarchitect\/wp-content\/uploads\/favicon-bg.png\",\"contentUrl\":\"https:\/\/jcarchitect.com\/jcarchitect\/wp-content\/uploads\/favicon-bg.png\",\"width\":144,\"height\":144,\"caption\":\"JC Architect\"},\"image\":{\"@id\":\"https:\/\/jcarchitect.com\/es\/#\/schema\/logo\/image\/\"}},{\"@type\":\"Person\",\"@id\":\"https:\/\/jcarchitect.com\/es\/#\/schema\/person\/20907e3bb26e939ac9590141e116d16b\",\"name\":\"Jorge Camprecios\",\"image\":{\"@type\":\"ImageObject\",\"inLanguage\":\"es\",\"@id\":\"https:\/\/jcarchitect.com\/es\/#\/schema\/person\/image\/\",\"url\":\"https:\/\/secure.gravatar.com\/avatar\/735d2ecd70608d792216ff82149b74fd?s=96&d=mm&r=g\",\"contentUrl\":\"https:\/\/secure.gravatar.com\/avatar\/735d2ecd70608d792216ff82149b74fd?s=96&d=mm&r=g\",\"caption\":\"Jorge Camprecios\"}}]}<\/script>\n<!-- \/ Yoast SEO plugin. -->","yoast_head_json":{"title":"Tendencias inmobiliarias internacionales que veremos en Barcelona en 5 a\u00f1os - JC Architect","description":"endencias inmobiliarias que llegar\u00e1n a Barcelona: edificios modulares, co-living, micro-apartamentos y m\u00e1s. Descubre el futuro del sector.","robots":{"index":"index","follow":"follow","max-snippet":"max-snippet:-1","max-image-preview":"max-image-preview:large","max-video-preview":"max-video-preview:-1"},"canonical":"https:\/\/jcarchitect.com\/es\/tendencias-inmobiliarias-internacionales-que-veremos-en-barcelona-en-5-anos\/","og_locale":"es_ES","og_type":"article","og_title":"Tendencias inmobiliarias internacionales que veremos en Barcelona en 5 a\u00f1os - JC Architect","og_description":"endencias inmobiliarias que llegar\u00e1n a Barcelona: edificios modulares, co-living, micro-apartamentos y m\u00e1s. Descubre el futuro del sector.","og_url":"https:\/\/jcarchitect.com\/es\/tendencias-inmobiliarias-internacionales-que-veremos-en-barcelona-en-5-anos\/","og_site_name":"JC Architect","article_published_time":"2025-09-29T10:42:32+00:00","og_image":[{"width":1280,"height":888,"url":"https:\/\/jcarchitect.com\/jcarchitect\/wp-content\/uploads\/automobile-4101263_1280.jpg","type":"image\/jpeg"}],"author":"Jorge Camprecios","twitter_card":"summary_large_image","twitter_misc":{"Escrito por":"Jorge Camprecios","Tiempo de lectura":"3 minutos"},"schema":{"@context":"https:\/\/schema.org","@graph":[{"@type":"Article","@id":"https:\/\/jcarchitect.com\/es\/tendencias-inmobiliarias-internacionales-que-veremos-en-barcelona-en-5-anos\/#article","isPartOf":{"@id":"https:\/\/jcarchitect.com\/es\/tendencias-inmobiliarias-internacionales-que-veremos-en-barcelona-en-5-anos\/"},"author":{"name":"Jorge Camprecios","@id":"https:\/\/jcarchitect.com\/es\/#\/schema\/person\/20907e3bb26e939ac9590141e116d16b"},"headline":"Tendencias inmobiliarias internacionales que veremos en Barcelona en 5 a\u00f1os","datePublished":"2025-09-29T10:42:32+00:00","dateModified":"2025-09-29T10:42:32+00:00","mainEntityOfPage":{"@id":"https:\/\/jcarchitect.com\/es\/tendencias-inmobiliarias-internacionales-que-veremos-en-barcelona-en-5-anos\/"},"wordCount":688,"publisher":{"@id":"https:\/\/jcarchitect.com\/es\/#organization"},"image":{"@id":"https:\/\/jcarchitect.com\/es\/tendencias-inmobiliarias-internacionales-que-veremos-en-barcelona-en-5-anos\/#primaryimage"},"thumbnailUrl":"https:\/\/jcarchitect.com\/jcarchitect\/wp-content\/uploads\/automobile-4101263_1280.jpg","keywords":["co-living","edificios modulares","eficiencia energ\u00e9tica","futuro del real estate","inversi\u00f3n inmobiliaria","jcarchitect","mercado inmobiliario Barcelona","micro-apartamentos","rehabilitaci\u00f3n de edificios","smart buildings","tendencias inmobiliarias"],"articleSection":["Noticias"],"inLanguage":"es"},{"@type":"WebPage","@id":"https:\/\/jcarchitect.com\/es\/tendencias-inmobiliarias-internacionales-que-veremos-en-barcelona-en-5-anos\/","url":"https:\/\/jcarchitect.com\/es\/tendencias-inmobiliarias-internacionales-que-veremos-en-barcelona-en-5-anos\/","name":"Tendencias inmobiliarias internacionales que veremos en Barcelona en 5 a\u00f1os - JC Architect","isPartOf":{"@id":"https:\/\/jcarchitect.com\/es\/#website"},"primaryImageOfPage":{"@id":"https:\/\/jcarchitect.com\/es\/tendencias-inmobiliarias-internacionales-que-veremos-en-barcelona-en-5-anos\/#primaryimage"},"image":{"@id":"https:\/\/jcarchitect.com\/es\/tendencias-inmobiliarias-internacionales-que-veremos-en-barcelona-en-5-anos\/#primaryimage"},"thumbnailUrl":"https:\/\/jcarchitect.com\/jcarchitect\/wp-content\/uploads\/automobile-4101263_1280.jpg","datePublished":"2025-09-29T10:42:32+00:00","dateModified":"2025-09-29T10:42:32+00:00","description":"endencias inmobiliarias que llegar\u00e1n a Barcelona: edificios modulares, co-living, micro-apartamentos y m\u00e1s. Descubre el futuro del sector.","breadcrumb":{"@id":"https:\/\/jcarchitect.com\/es\/tendencias-inmobiliarias-internacionales-que-veremos-en-barcelona-en-5-anos\/#breadcrumb"},"inLanguage":"es","potentialAction":[{"@type":"ReadAction","target":["https:\/\/jcarchitect.com\/es\/tendencias-inmobiliarias-internacionales-que-veremos-en-barcelona-en-5-anos\/"]}]},{"@type":"ImageObject","inLanguage":"es","@id":"https:\/\/jcarchitect.com\/es\/tendencias-inmobiliarias-internacionales-que-veremos-en-barcelona-en-5-anos\/#primaryimage","url":"https:\/\/jcarchitect.com\/jcarchitect\/wp-content\/uploads\/automobile-4101263_1280.jpg","contentUrl":"https:\/\/jcarchitect.com\/jcarchitect\/wp-content\/uploads\/automobile-4101263_1280.jpg","width":1280,"height":888},{"@type":"BreadcrumbList","@id":"https:\/\/jcarchitect.com\/es\/tendencias-inmobiliarias-internacionales-que-veremos-en-barcelona-en-5-anos\/#breadcrumb","itemListElement":[{"@type":"ListItem","position":1,"name":"Home","item":"https:\/\/jcarchitect.com\/es\/"},{"@type":"ListItem","position":2,"name":"Tendencias inmobiliarias internacionales que veremos en Barcelona en 5 a\u00f1os"}]},{"@type":"WebSite","@id":"https:\/\/jcarchitect.com\/es\/#website","url":"https:\/\/jcarchitect.com\/es\/","name":"JC Architect","description":"Real Estate consultancy","publisher":{"@id":"https:\/\/jcarchitect.com\/es\/#organization"},"potentialAction":[{"@type":"SearchAction","target":{"@type":"EntryPoint","urlTemplate":"https:\/\/jcarchitect.com\/es\/?s={search_term_string}"},"query-input":"required name=search_term_string"}],"inLanguage":"es"},{"@type":"Organization","@id":"https:\/\/jcarchitect.com\/es\/#organization","name":"JC Architect","url":"https:\/\/jcarchitect.com\/es\/","logo":{"@type":"ImageObject","inLanguage":"es","@id":"https:\/\/jcarchitect.com\/es\/#\/schema\/logo\/image\/","url":"https:\/\/jcarchitect.com\/jcarchitect\/wp-content\/uploads\/favicon-bg.png","contentUrl":"https:\/\/jcarchitect.com\/jcarchitect\/wp-content\/uploads\/favicon-bg.png","width":144,"height":144,"caption":"JC Architect"},"image":{"@id":"https:\/\/jcarchitect.com\/es\/#\/schema\/logo\/image\/"}},{"@type":"Person","@id":"https:\/\/jcarchitect.com\/es\/#\/schema\/person\/20907e3bb26e939ac9590141e116d16b","name":"Jorge Camprecios","image":{"@type":"ImageObject","inLanguage":"es","@id":"https:\/\/jcarchitect.com\/es\/#\/schema\/person\/image\/","url":"https:\/\/secure.gravatar.com\/avatar\/735d2ecd70608d792216ff82149b74fd?s=96&d=mm&r=g","contentUrl":"https:\/\/secure.gravatar.com\/avatar\/735d2ecd70608d792216ff82149b74fd?s=96&d=mm&r=g","caption":"Jorge Camprecios"}}]}},"_links":{"self":[{"href":"https:\/\/jcarchitect.com\/es\/wp-json\/wp\/v2\/posts\/92480"}],"collection":[{"href":"https:\/\/jcarchitect.com\/es\/wp-json\/wp\/v2\/posts"}],"about":[{"href":"https:\/\/jcarchitect.com\/es\/wp-json\/wp\/v2\/types\/post"}],"author":[{"embeddable":true,"href":"https:\/\/jcarchitect.com\/es\/wp-json\/wp\/v2\/users\/2"}],"replies":[{"embeddable":true,"href":"https:\/\/jcarchitect.com\/es\/wp-json\/wp\/v2\/comments?post=92480"}],"version-history":[{"count":1,"href":"https:\/\/jcarchitect.com\/es\/wp-json\/wp\/v2\/posts\/92480\/revisions"}],"predecessor-version":[{"id":92481,"href":"https:\/\/jcarchitect.com\/es\/wp-json\/wp\/v2\/posts\/92480\/revisions\/92481"}],"wp:featuredmedia":[{"embeddable":true,"href":"https:\/\/jcarchitect.com\/es\/wp-json\/wp\/v2\/media\/92479"}],"wp:attachment":[{"href":"https:\/\/jcarchitect.com\/es\/wp-json\/wp\/v2\/media?parent=92480"}],"wp:term":[{"taxonomy":"category","embeddable":true,"href":"https:\/\/jcarchitect.com\/es\/wp-json\/wp\/v2\/categories?post=92480"},{"taxonomy":"post_tag","embeddable":true,"href":"https:\/\/jcarchitect.com\/es\/wp-json\/wp\/v2\/tags?post=92480"}],"curies":[{"name":"wp","href":"https:\/\/api.w.org\/{rel}","templated":true}]}}