{"id":65341,"date":"2023-07-13T12:59:44","date_gmt":"2023-07-13T10:59:44","guid":{"rendered":"https:\/\/jcarchitect.com\/?p=65341"},"modified":"2023-07-13T13:16:11","modified_gmt":"2023-07-13T11:16:11","slug":"la-injusta-ley-de-ocupacion-en-espana-y-su-impacto-en-el-mercado-inmobiliario","status":"publish","type":"post","link":"https:\/\/jcarchitect.com\/es\/la-injusta-ley-de-ocupacion-en-espana-y-su-impacto-en-el-mercado-inmobiliario\/","title":{"rendered":"La injusta ley de ocupaci\u00f3n en Espa\u00f1a y su impacto en el mercado inmobiliario"},"content":{"rendered":"<p>La ley de ocupaci\u00f3n en Espa\u00f1a ha generado una creciente preocupaci\u00f3n en los propietarios y en el mercado inmobiliario en general. Este fen\u00f3meno, conocido como \"okupaci\u00f3n\" o ocupaci\u00f3n ilegal, se refiere a la acci\u00f3n de usurpar viviendas sin el consentimiento o permiso de sus propietarios leg\u00edtimos.<\/p>\n<p>Este problema se ha convertido en una realidad alarmante en todo el pa\u00eds, afectando a miles de propietarios y teniendo un impacto significativo en el mercado inmobiliario. La falta de una legislaci\u00f3n s\u00f3lida y eficaz para abordar este tema ha llevado a un aumento de los casos de ocupaci\u00f3n ilegal, generando inseguridad y desconfianza en los propietarios e inversores.<\/p>\n<p>Uno de los problemas principales es la dificultad para desalojar a los ocupantes ilegales y recuperar las propiedades. Los propietarios se enfrentan a un largo y costoso proceso legal, que a menudo puede durar meses, incluso a\u00f1os, antes de que puedan recuperar su vivienda. Durante este tiempo, los ocupantes ilegales pueden aprovecharse de la situaci\u00f3n y vivir en la propiedad sin pagar alquiler ni cumplir con las obligaciones legales.<\/p>\n<p>Para comprender mejor el impacto de esta injusta ley de ocupaci\u00f3n, es \u00fatil examinar algunos casos particulares. Uno de ellos es el caso de una familia en Barcelona que se encontr\u00f3 con su vivienda ocupada mientras estaban de vacaciones. A su regreso, se encontraron con que un grupo de personas hab\u00eda tomado posesi\u00f3n de su hogar y se negaba a abandonarlo. La familia tuvo que iniciar un proceso legal largo y costoso para recuperar su vivienda, enfrentando un gran estr\u00e9s emocional y financiero en el proceso.<\/p>\n<p>Otro caso emblem\u00e1tico es el de un propietario en Madrid que decidi\u00f3 vender su propiedad. Antes de la venta, encontr\u00f3 a un ocupante ilegal en su vivienda. A pesar de tener un comprador interesado, el proceso de desalojo fue tan lento y complicado que el comprador se retir\u00f3 de la operaci\u00f3n. El propietario se vio obligado a reducir el precio de venta y finalmente tuvo que asumir las p\u00e9rdidas econ\u00f3micas derivadas de esta situaci\u00f3n.<\/p>\n<p>Estos casos son solo ejemplos de la problem\u00e1tica que enfrentan los propietarios y el mercado de bienes ra\u00edces debido a la falta de una legislaci\u00f3n clara y efectiva para abordar la ocupaci\u00f3n ilegal. Esta situaci\u00f3n genera una disminuci\u00f3n de la confianza en el mercado, desalienta la inversi\u00f3n y afecta negativamente a la econom\u00eda.<\/p>\n<p>Es fundamental que se implementen medidas m\u00e1s rigurosas y eficientes para abordar este problema. Esto implica una legislaci\u00f3n m\u00e1s clara que proteja los derechos de los propietarios y agilice los procesos de desalojo. Adem\u00e1s, se requiere una mayor colaboraci\u00f3n entre las autoridades, los propietarios y las fuerzas de seguridad para combatir la ocupaci\u00f3n ilegal de manera efectiva.<\/p>\n<p>En conclusi\u00f3n, la ley de ocupaci\u00f3n en Espa\u00f1a es una problem\u00e1tica que afecta tanto a los propietarios como al mercado inmobiliario en general. Los casos particulares mencionados son solo una muestra de las dificultades y las consecuencias negativas que surgen de esta situaci\u00f3n. Es necesario implementar reformas legislativas que protejan los derechos de propiedad y brinden seguridad y confianza tanto a los propietarios como a los inversores. Solo as\u00ed podremos garantizar un entorno propicio para el desarrollo y el crecimiento del sector inmobiliario en Espa\u00f1a.<\/p>\n<p>&nbsp;<\/p>\n","protected":false},"excerpt":{"rendered":"<p>La ley de ocupaci\u00f3n en Espa\u00f1a ha generado una creciente preocupaci\u00f3n en los propietarios y en el mercado inmobiliario en general. Este fen\u00f3meno, conocido como \"okupaci\u00f3n\" o ocupaci\u00f3n ilegal, se refiere a la acci\u00f3n de usurpar viviendas sin el consentimiento o permiso de sus propietarios leg\u00edtimos. Este problema se ha convertido en una realidad alarmante [&hellip;]<\/p>\n","protected":false},"author":2,"featured_media":65342,"comment_status":"closed","ping_status":"closed","sticky":false,"template":"","format":"standard","meta":{"footnotes":""},"categories":[14],"tags":[308,356,358,357],"yoast_head":"<!-- This site is optimized with the Yoast SEO plugin v22.6 - https:\/\/yoast.com\/wordpress\/plugins\/seo\/ -->\n<title>La injusta ley de ocupaci\u00f3n en Espa\u00f1a y su impacto en el mercado inmobiliario - JC Architect<\/title>\n<meta name=\"description\" content=\"Descubre c\u00f3mo la ocupaci\u00f3n ilegal afecta a los propietarios y desalienta la inversi\u00f3n en el sector inmobiliario. Ejemplos de casos particulares destacan la necesidad de una reforma legislativa para proteger los derechos de propiedad y garantizar la seguridad jur\u00eddica.\" \/>\n<meta name=\"robots\" content=\"index, follow, max-snippet:-1, max-image-preview:large, max-video-preview:-1\" \/>\n<link rel=\"canonical\" href=\"https:\/\/jcarchitect.com\/es\/la-injusta-ley-de-ocupacion-en-espana-y-su-impacto-en-el-mercado-inmobiliario\/\" \/>\n<meta property=\"og:locale\" content=\"es_ES\" \/>\n<meta property=\"og:type\" content=\"article\" \/>\n<meta property=\"og:title\" content=\"La injusta ley de ocupaci\u00f3n en Espa\u00f1a y su impacto en el mercado inmobiliario - JC Architect\" \/>\n<meta property=\"og:description\" content=\"Descubre c\u00f3mo la ocupaci\u00f3n ilegal afecta a los propietarios y desalienta la inversi\u00f3n en el sector inmobiliario. Ejemplos de casos particulares destacan la necesidad de una reforma legislativa para proteger los derechos de propiedad y garantizar la seguridad jur\u00eddica.\" \/>\n<meta property=\"og:url\" content=\"https:\/\/jcarchitect.com\/es\/la-injusta-ley-de-ocupacion-en-espana-y-su-impacto-en-el-mercado-inmobiliario\/\" \/>\n<meta property=\"og:site_name\" content=\"JC Architect\" \/>\n<meta property=\"article:published_time\" content=\"2023-07-13T10:59:44+00:00\" \/>\n<meta property=\"article:modified_time\" content=\"2023-07-13T11:16:11+00:00\" \/>\n<meta property=\"og:image\" content=\"https:\/\/jcarchitect.com\/jcarchitect\/wp-content\/uploads\/squatters-ge4233dc81_1280.jpg\" \/>\n\t<meta property=\"og:image:width\" content=\"1280\" \/>\n\t<meta property=\"og:image:height\" content=\"833\" \/>\n\t<meta property=\"og:image:type\" content=\"image\/jpeg\" \/>\n<meta name=\"author\" content=\"Jorge Camprecios\" \/>\n<meta name=\"twitter:card\" content=\"summary_large_image\" \/>\n<meta name=\"twitter:label1\" content=\"Escrito por\" \/>\n\t<meta name=\"twitter:data1\" content=\"Jorge Camprecios\" \/>\n\t<meta name=\"twitter:label2\" content=\"Tiempo de lectura\" \/>\n\t<meta name=\"twitter:data2\" content=\"3 minutos\" \/>\n<script type=\"application\/ld+json\" class=\"yoast-schema-graph\">{\"@context\":\"https:\/\/schema.org\",\"@graph\":[{\"@type\":\"Article\",\"@id\":\"https:\/\/jcarchitect.com\/es\/la-injusta-ley-de-ocupacion-en-espana-y-su-impacto-en-el-mercado-inmobiliario\/#article\",\"isPartOf\":{\"@id\":\"https:\/\/jcarchitect.com\/es\/la-injusta-ley-de-ocupacion-en-espana-y-su-impacto-en-el-mercado-inmobiliario\/\"},\"author\":{\"name\":\"Jorge Camprecios\",\"@id\":\"https:\/\/jcarchitect.com\/es\/#\/schema\/person\/20907e3bb26e939ac9590141e116d16b\"},\"headline\":\"La injusta ley de ocupaci\u00f3n en Espa\u00f1a y su impacto en el mercado inmobiliario\",\"datePublished\":\"2023-07-13T10:59:44+00:00\",\"dateModified\":\"2023-07-13T11:16:11+00:00\",\"mainEntityOfPage\":{\"@id\":\"https:\/\/jcarchitect.com\/es\/la-injusta-ley-de-ocupacion-en-espana-y-su-impacto-en-el-mercado-inmobiliario\/\"},\"wordCount\":589,\"publisher\":{\"@id\":\"https:\/\/jcarchitect.com\/es\/#organization\"},\"image\":{\"@id\":\"https:\/\/jcarchitect.com\/es\/la-injusta-ley-de-ocupacion-en-espana-y-su-impacto-en-el-mercado-inmobiliario\/#primaryimage\"},\"thumbnailUrl\":\"https:\/\/jcarchitect.com\/jcarchitect\/wp-content\/uploads\/squatters-ge4233dc81_1280.jpg\",\"keywords\":[\"jcarchitect\",\"ocupacioninjusta\",\"reformalegislativaya\",\"respetoalapropiedad\"],\"articleSection\":[\"Noticias\"],\"inLanguage\":\"es\"},{\"@type\":\"WebPage\",\"@id\":\"https:\/\/jcarchitect.com\/es\/la-injusta-ley-de-ocupacion-en-espana-y-su-impacto-en-el-mercado-inmobiliario\/\",\"url\":\"https:\/\/jcarchitect.com\/es\/la-injusta-ley-de-ocupacion-en-espana-y-su-impacto-en-el-mercado-inmobiliario\/\",\"name\":\"La injusta ley de ocupaci\u00f3n en Espa\u00f1a y su impacto en el mercado inmobiliario - JC Architect\",\"isPartOf\":{\"@id\":\"https:\/\/jcarchitect.com\/es\/#website\"},\"primaryImageOfPage\":{\"@id\":\"https:\/\/jcarchitect.com\/es\/la-injusta-ley-de-ocupacion-en-espana-y-su-impacto-en-el-mercado-inmobiliario\/#primaryimage\"},\"image\":{\"@id\":\"https:\/\/jcarchitect.com\/es\/la-injusta-ley-de-ocupacion-en-espana-y-su-impacto-en-el-mercado-inmobiliario\/#primaryimage\"},\"thumbnailUrl\":\"https:\/\/jcarchitect.com\/jcarchitect\/wp-content\/uploads\/squatters-ge4233dc81_1280.jpg\",\"datePublished\":\"2023-07-13T10:59:44+00:00\",\"dateModified\":\"2023-07-13T11:16:11+00:00\",\"description\":\"Descubre c\u00f3mo la ocupaci\u00f3n ilegal afecta a los propietarios y desalienta la inversi\u00f3n en el sector inmobiliario. Ejemplos de casos particulares destacan la necesidad de una reforma legislativa para proteger los derechos de propiedad y garantizar la seguridad jur\u00eddica.\",\"breadcrumb\":{\"@id\":\"https:\/\/jcarchitect.com\/es\/la-injusta-ley-de-ocupacion-en-espana-y-su-impacto-en-el-mercado-inmobiliario\/#breadcrumb\"},\"inLanguage\":\"es\",\"potentialAction\":[{\"@type\":\"ReadAction\",\"target\":[\"https:\/\/jcarchitect.com\/es\/la-injusta-ley-de-ocupacion-en-espana-y-su-impacto-en-el-mercado-inmobiliario\/\"]}]},{\"@type\":\"ImageObject\",\"inLanguage\":\"es\",\"@id\":\"https:\/\/jcarchitect.com\/es\/la-injusta-ley-de-ocupacion-en-espana-y-su-impacto-en-el-mercado-inmobiliario\/#primaryimage\",\"url\":\"https:\/\/jcarchitect.com\/jcarchitect\/wp-content\/uploads\/squatters-ge4233dc81_1280.jpg\",\"contentUrl\":\"https:\/\/jcarchitect.com\/jcarchitect\/wp-content\/uploads\/squatters-ge4233dc81_1280.jpg\",\"width\":1280,\"height\":833},{\"@type\":\"BreadcrumbList\",\"@id\":\"https:\/\/jcarchitect.com\/es\/la-injusta-ley-de-ocupacion-en-espana-y-su-impacto-en-el-mercado-inmobiliario\/#breadcrumb\",\"itemListElement\":[{\"@type\":\"ListItem\",\"position\":1,\"name\":\"Home\",\"item\":\"https:\/\/jcarchitect.com\/es\/\"},{\"@type\":\"ListItem\",\"position\":2,\"name\":\"La injusta ley de ocupaci\u00f3n en Espa\u00f1a y su impacto en el mercado inmobiliario\"}]},{\"@type\":\"WebSite\",\"@id\":\"https:\/\/jcarchitect.com\/es\/#website\",\"url\":\"https:\/\/jcarchitect.com\/es\/\",\"name\":\"JC Architect\",\"description\":\"Real Estate consultancy\",\"publisher\":{\"@id\":\"https:\/\/jcarchitect.com\/es\/#organization\"},\"potentialAction\":[{\"@type\":\"SearchAction\",\"target\":{\"@type\":\"EntryPoint\",\"urlTemplate\":\"https:\/\/jcarchitect.com\/es\/?s={search_term_string}\"},\"query-input\":\"required name=search_term_string\"}],\"inLanguage\":\"es\"},{\"@type\":\"Organization\",\"@id\":\"https:\/\/jcarchitect.com\/es\/#organization\",\"name\":\"JC Architect\",\"url\":\"https:\/\/jcarchitect.com\/es\/\",\"logo\":{\"@type\":\"ImageObject\",\"inLanguage\":\"es\",\"@id\":\"https:\/\/jcarchitect.com\/es\/#\/schema\/logo\/image\/\",\"url\":\"https:\/\/jcarchitect.com\/jcarchitect\/wp-content\/uploads\/favicon-bg.png\",\"contentUrl\":\"https:\/\/jcarchitect.com\/jcarchitect\/wp-content\/uploads\/favicon-bg.png\",\"width\":144,\"height\":144,\"caption\":\"JC Architect\"},\"image\":{\"@id\":\"https:\/\/jcarchitect.com\/es\/#\/schema\/logo\/image\/\"}},{\"@type\":\"Person\",\"@id\":\"https:\/\/jcarchitect.com\/es\/#\/schema\/person\/20907e3bb26e939ac9590141e116d16b\",\"name\":\"Jorge Camprecios\",\"image\":{\"@type\":\"ImageObject\",\"inLanguage\":\"es\",\"@id\":\"https:\/\/jcarchitect.com\/es\/#\/schema\/person\/image\/\",\"url\":\"https:\/\/secure.gravatar.com\/avatar\/735d2ecd70608d792216ff82149b74fd?s=96&d=mm&r=g\",\"contentUrl\":\"https:\/\/secure.gravatar.com\/avatar\/735d2ecd70608d792216ff82149b74fd?s=96&d=mm&r=g\",\"caption\":\"Jorge Camprecios\"}}]}<\/script>\n<!-- \/ Yoast SEO plugin. -->","yoast_head_json":{"title":"La injusta ley de ocupaci\u00f3n en Espa\u00f1a y su impacto en el mercado inmobiliario - JC Architect","description":"Descubre c\u00f3mo la ocupaci\u00f3n ilegal afecta a los propietarios y desalienta la inversi\u00f3n en el sector inmobiliario. Ejemplos de casos particulares destacan la necesidad de una reforma legislativa para proteger los derechos de propiedad y garantizar la seguridad jur\u00eddica.","robots":{"index":"index","follow":"follow","max-snippet":"max-snippet:-1","max-image-preview":"max-image-preview:large","max-video-preview":"max-video-preview:-1"},"canonical":"https:\/\/jcarchitect.com\/es\/la-injusta-ley-de-ocupacion-en-espana-y-su-impacto-en-el-mercado-inmobiliario\/","og_locale":"es_ES","og_type":"article","og_title":"La injusta ley de ocupaci\u00f3n en Espa\u00f1a y su impacto en el mercado inmobiliario - JC Architect","og_description":"Descubre c\u00f3mo la ocupaci\u00f3n ilegal afecta a los propietarios y desalienta la inversi\u00f3n en el sector inmobiliario. Ejemplos de casos particulares destacan la necesidad de una reforma legislativa para proteger los derechos de propiedad y garantizar la seguridad jur\u00eddica.","og_url":"https:\/\/jcarchitect.com\/es\/la-injusta-ley-de-ocupacion-en-espana-y-su-impacto-en-el-mercado-inmobiliario\/","og_site_name":"JC Architect","article_published_time":"2023-07-13T10:59:44+00:00","article_modified_time":"2023-07-13T11:16:11+00:00","og_image":[{"width":1280,"height":833,"url":"https:\/\/jcarchitect.com\/jcarchitect\/wp-content\/uploads\/squatters-ge4233dc81_1280.jpg","type":"image\/jpeg"}],"author":"Jorge Camprecios","twitter_card":"summary_large_image","twitter_misc":{"Escrito por":"Jorge Camprecios","Tiempo de lectura":"3 minutos"},"schema":{"@context":"https:\/\/schema.org","@graph":[{"@type":"Article","@id":"https:\/\/jcarchitect.com\/es\/la-injusta-ley-de-ocupacion-en-espana-y-su-impacto-en-el-mercado-inmobiliario\/#article","isPartOf":{"@id":"https:\/\/jcarchitect.com\/es\/la-injusta-ley-de-ocupacion-en-espana-y-su-impacto-en-el-mercado-inmobiliario\/"},"author":{"name":"Jorge Camprecios","@id":"https:\/\/jcarchitect.com\/es\/#\/schema\/person\/20907e3bb26e939ac9590141e116d16b"},"headline":"La injusta ley de ocupaci\u00f3n en Espa\u00f1a y su impacto en el mercado inmobiliario","datePublished":"2023-07-13T10:59:44+00:00","dateModified":"2023-07-13T11:16:11+00:00","mainEntityOfPage":{"@id":"https:\/\/jcarchitect.com\/es\/la-injusta-ley-de-ocupacion-en-espana-y-su-impacto-en-el-mercado-inmobiliario\/"},"wordCount":589,"publisher":{"@id":"https:\/\/jcarchitect.com\/es\/#organization"},"image":{"@id":"https:\/\/jcarchitect.com\/es\/la-injusta-ley-de-ocupacion-en-espana-y-su-impacto-en-el-mercado-inmobiliario\/#primaryimage"},"thumbnailUrl":"https:\/\/jcarchitect.com\/jcarchitect\/wp-content\/uploads\/squatters-ge4233dc81_1280.jpg","keywords":["jcarchitect","ocupacioninjusta","reformalegislativaya","respetoalapropiedad"],"articleSection":["Noticias"],"inLanguage":"es"},{"@type":"WebPage","@id":"https:\/\/jcarchitect.com\/es\/la-injusta-ley-de-ocupacion-en-espana-y-su-impacto-en-el-mercado-inmobiliario\/","url":"https:\/\/jcarchitect.com\/es\/la-injusta-ley-de-ocupacion-en-espana-y-su-impacto-en-el-mercado-inmobiliario\/","name":"La injusta ley de ocupaci\u00f3n en Espa\u00f1a y su impacto en el mercado inmobiliario - JC Architect","isPartOf":{"@id":"https:\/\/jcarchitect.com\/es\/#website"},"primaryImageOfPage":{"@id":"https:\/\/jcarchitect.com\/es\/la-injusta-ley-de-ocupacion-en-espana-y-su-impacto-en-el-mercado-inmobiliario\/#primaryimage"},"image":{"@id":"https:\/\/jcarchitect.com\/es\/la-injusta-ley-de-ocupacion-en-espana-y-su-impacto-en-el-mercado-inmobiliario\/#primaryimage"},"thumbnailUrl":"https:\/\/jcarchitect.com\/jcarchitect\/wp-content\/uploads\/squatters-ge4233dc81_1280.jpg","datePublished":"2023-07-13T10:59:44+00:00","dateModified":"2023-07-13T11:16:11+00:00","description":"Descubre c\u00f3mo la ocupaci\u00f3n ilegal afecta a los propietarios y desalienta la inversi\u00f3n en el sector inmobiliario. Ejemplos de casos particulares destacan la necesidad de una reforma legislativa para proteger los derechos de propiedad y garantizar la seguridad jur\u00eddica.","breadcrumb":{"@id":"https:\/\/jcarchitect.com\/es\/la-injusta-ley-de-ocupacion-en-espana-y-su-impacto-en-el-mercado-inmobiliario\/#breadcrumb"},"inLanguage":"es","potentialAction":[{"@type":"ReadAction","target":["https:\/\/jcarchitect.com\/es\/la-injusta-ley-de-ocupacion-en-espana-y-su-impacto-en-el-mercado-inmobiliario\/"]}]},{"@type":"ImageObject","inLanguage":"es","@id":"https:\/\/jcarchitect.com\/es\/la-injusta-ley-de-ocupacion-en-espana-y-su-impacto-en-el-mercado-inmobiliario\/#primaryimage","url":"https:\/\/jcarchitect.com\/jcarchitect\/wp-content\/uploads\/squatters-ge4233dc81_1280.jpg","contentUrl":"https:\/\/jcarchitect.com\/jcarchitect\/wp-content\/uploads\/squatters-ge4233dc81_1280.jpg","width":1280,"height":833},{"@type":"BreadcrumbList","@id":"https:\/\/jcarchitect.com\/es\/la-injusta-ley-de-ocupacion-en-espana-y-su-impacto-en-el-mercado-inmobiliario\/#breadcrumb","itemListElement":[{"@type":"ListItem","position":1,"name":"Home","item":"https:\/\/jcarchitect.com\/es\/"},{"@type":"ListItem","position":2,"name":"La injusta ley de ocupaci\u00f3n en Espa\u00f1a y su impacto en el mercado inmobiliario"}]},{"@type":"WebSite","@id":"https:\/\/jcarchitect.com\/es\/#website","url":"https:\/\/jcarchitect.com\/es\/","name":"JC Architect","description":"Real Estate consultancy","publisher":{"@id":"https:\/\/jcarchitect.com\/es\/#organization"},"potentialAction":[{"@type":"SearchAction","target":{"@type":"EntryPoint","urlTemplate":"https:\/\/jcarchitect.com\/es\/?s={search_term_string}"},"query-input":"required name=search_term_string"}],"inLanguage":"es"},{"@type":"Organization","@id":"https:\/\/jcarchitect.com\/es\/#organization","name":"JC Architect","url":"https:\/\/jcarchitect.com\/es\/","logo":{"@type":"ImageObject","inLanguage":"es","@id":"https:\/\/jcarchitect.com\/es\/#\/schema\/logo\/image\/","url":"https:\/\/jcarchitect.com\/jcarchitect\/wp-content\/uploads\/favicon-bg.png","contentUrl":"https:\/\/jcarchitect.com\/jcarchitect\/wp-content\/uploads\/favicon-bg.png","width":144,"height":144,"caption":"JC Architect"},"image":{"@id":"https:\/\/jcarchitect.com\/es\/#\/schema\/logo\/image\/"}},{"@type":"Person","@id":"https:\/\/jcarchitect.com\/es\/#\/schema\/person\/20907e3bb26e939ac9590141e116d16b","name":"Jorge Camprecios","image":{"@type":"ImageObject","inLanguage":"es","@id":"https:\/\/jcarchitect.com\/es\/#\/schema\/person\/image\/","url":"https:\/\/secure.gravatar.com\/avatar\/735d2ecd70608d792216ff82149b74fd?s=96&d=mm&r=g","contentUrl":"https:\/\/secure.gravatar.com\/avatar\/735d2ecd70608d792216ff82149b74fd?s=96&d=mm&r=g","caption":"Jorge Camprecios"}}]}},"_links":{"self":[{"href":"https:\/\/jcarchitect.com\/es\/wp-json\/wp\/v2\/posts\/65341"}],"collection":[{"href":"https:\/\/jcarchitect.com\/es\/wp-json\/wp\/v2\/posts"}],"about":[{"href":"https:\/\/jcarchitect.com\/es\/wp-json\/wp\/v2\/types\/post"}],"author":[{"embeddable":true,"href":"https:\/\/jcarchitect.com\/es\/wp-json\/wp\/v2\/users\/2"}],"replies":[{"embeddable":true,"href":"https:\/\/jcarchitect.com\/es\/wp-json\/wp\/v2\/comments?post=65341"}],"version-history":[{"count":3,"href":"https:\/\/jcarchitect.com\/es\/wp-json\/wp\/v2\/posts\/65341\/revisions"}],"predecessor-version":[{"id":65349,"href":"https:\/\/jcarchitect.com\/es\/wp-json\/wp\/v2\/posts\/65341\/revisions\/65349"}],"wp:featuredmedia":[{"embeddable":true,"href":"https:\/\/jcarchitect.com\/es\/wp-json\/wp\/v2\/media\/65342"}],"wp:attachment":[{"href":"https:\/\/jcarchitect.com\/es\/wp-json\/wp\/v2\/media?parent=65341"}],"wp:term":[{"taxonomy":"category","embeddable":true,"href":"https:\/\/jcarchitect.com\/es\/wp-json\/wp\/v2\/categories?post=65341"},{"taxonomy":"post_tag","embeddable":true,"href":"https:\/\/jcarchitect.com\/es\/wp-json\/wp\/v2\/tags?post=65341"}],"curies":[{"name":"wp","href":"https:\/\/api.w.org\/{rel}","templated":true}]}}