{"id":94438,"date":"2026-01-08T14:02:40","date_gmt":"2026-01-08T13:02:40","guid":{"rendered":"https:\/\/jcarchitect.com\/?p=94438"},"modified":"2026-01-08T14:02:40","modified_gmt":"2026-01-08T13:02:40","slug":"per-que-el-teu-habitatge-no-es-ven-encara-que-el-preu-sigui-correcte","status":"publish","type":"post","link":"https:\/\/jcarchitect.com\/ca\/per-que-el-teu-habitatge-no-es-ven-encara-que-el-preu-sigui-correcte\/","title":{"rendered":"Per qu\u00e8 el teu habitatge no es ven (encara que el preu sigui \u201ccorrecte\u201d)"},"content":{"rendered":"<h1 data-start=\"244\" data-end=\"320\">Per qu\u00e8 el teu habitatge no es ven (encara que el preu sigui \u201ccorrecte\u201d)<\/h1>\n<p data-start=\"322\" data-end=\"530\">Hi ha propietats a <strong data-start=\"341\" data-end=\"382\"><span class=\"hover:entity-accent entity-underline inline cursor-pointer align-baseline\"><span class=\"whitespace-normal\">Barcelona<\/span><\/span><\/strong> que passen mesos \u2014fins i tot anys\u2014 publicades als portals immobiliaris.<br data-start=\"454\" data-end=\"457\" \/>Bones fotos. Bona zona. Un preu aparentment ajustat.<br data-start=\"509\" data-end=\"512\" \/>I tot i aix\u00ed\u2026 res.<\/p>\n<p data-start=\"532\" data-end=\"576\">Poques visites. Cap oferta seriosa. Silenci.<\/p>\n<p data-start=\"578\" data-end=\"640\">No \u00e9s mala sort.<br data-start=\"594\" data-end=\"597\" \/>\u00c9s <strong data-start=\"600\" data-end=\"639\">un problema d\u2019enfocament estrat\u00e8gic<\/strong>.<\/p>\n<h2 data-start=\"642\" data-end=\"729\">Error n\u00fam. 1: pensar que el teu habitatge nom\u00e9s competeix amb els del teu carrer<\/h2>\n<p data-start=\"730\" data-end=\"899\">El teu pis no competeix nom\u00e9s amb els del barri.<br data-start=\"778\" data-end=\"781\" \/>Competeix amb <strong data-start=\"795\" data-end=\"839\">tot el que el comprador ja ha vist abans<\/strong>: millors presentacions, millor relat, millor posicionament.<\/p>\n<p data-start=\"901\" data-end=\"969\">Avui no guanya el millor habitatge.<br data-start=\"936\" data-end=\"939\" \/>Guanya el <strong data-start=\"949\" data-end=\"968\">millor explicat<\/strong>.<\/p>\n<p data-start=\"971\" data-end=\"1044\">Si no destaca en els primers 20\u201330 segons, el comprador continua buscant.<\/p>\n<h2 data-start=\"1046\" data-end=\"1112\">Error n\u00fam. 2: confondre valor emocional amb valor de mercat<\/h2>\n<p data-start=\"1113\" data-end=\"1205\">\u201cVal m\u00e9s perqu\u00e8 aqu\u00ed hi he viscut moments importants.\u201d<br data-start=\"1167\" data-end=\"1170\" \/>Emocionalment, s\u00ed.<br data-start=\"1188\" data-end=\"1191\" \/>Al mercat, no.<\/p>\n<p data-start=\"1207\" data-end=\"1270\">El comprador no compra records. Compra <strong data-start=\"1246\" data-end=\"1269\">la seva vida futura<\/strong>.<\/p>\n<h2 data-start=\"1272\" data-end=\"1338\">Error n\u00fam. 3: preu correcte + comunicaci\u00f3 gen\u00e8rica = frac\u00e0s<\/h2>\n<p data-start=\"1339\" data-end=\"1386\">Hi ha habitatges ben valorats\u2026 per\u00f2 mal venuts.<\/p>\n<p data-start=\"1388\" data-end=\"1456\">El mercat no castiga els preus.<br data-start=\"1419\" data-end=\"1422\" \/>Castiga <strong data-start=\"1430\" data-end=\"1455\">la manca d\u2019estrat\u00e8gia<\/strong>.<\/p>\n<h4 data-start=\"1458\" data-end=\"1522\">Arquitectura, context i comprador ideal: el triangle clau<\/h4>\n<p data-start=\"1523\" data-end=\"1562\">Una propietat es ven quan s\u2019explica b\u00e9:<\/p>\n<ul data-start=\"1563\" data-end=\"1636\">\n<li data-start=\"1563\" data-end=\"1581\">\n<p data-start=\"1565\" data-end=\"1581\">l\u2019arquitectura<\/p>\n<\/li>\n<li data-start=\"1582\" data-end=\"1601\">\n<p data-start=\"1584\" data-end=\"1601\">el context urb\u00e0<\/p>\n<\/li>\n<li data-start=\"1602\" data-end=\"1636\">\n<p data-start=\"1604\" data-end=\"1636\">el perfil de comprador adequat<\/p>\n<\/li>\n<\/ul>\n<h2 data-start=\"1638\" data-end=\"1664\">La veritat inc\u00f2moda<\/h2>\n<p data-start=\"1665\" data-end=\"1747\">Molts habitatges no es venen perqu\u00e8 ning\u00fa s\u2019atreveix a prendre decisions valentes.<\/p>\n<p data-start=\"1749\" data-end=\"1817\">Un habitatge ben posicionat no s\u2019ha de justificar.<br data-start=\"1799\" data-end=\"1802\" \/><strong data-start=\"1802\" data-end=\"1817\">Es desitja.<\/strong><\/p>\n","protected":false},"excerpt":{"rendered":"<p>Per qu\u00e8 el teu habitatge no es ven (encara que el preu sigui \u201ccorrecte\u201d) Hi ha propietats a Barcelona que passen mesos \u2014fins i tot anys\u2014 publicades als portals immobiliaris.Bones fotos. Bona zona. Un preu aparentment ajustat.I tot i aix\u00ed\u2026 res. Poques visites. Cap oferta seriosa. Silenci. No \u00e9s mala sort.\u00c9s un problema d\u2019enfocament estrat\u00e8gic. [&hellip;]<\/p>\n","protected":false},"author":2,"featured_media":94437,"comment_status":"closed","ping_status":"closed","sticky":false,"template":"","format":"standard","meta":{"footnotes":""},"categories":[48],"tags":[1341,1342,314,1343,1340,315,1339],"yoast_head":"<!-- This site is optimized with the Yoast SEO plugin v22.6 - https:\/\/yoast.com\/wordpress\/plugins\/seo\/ -->\n<title>Per qu\u00e8 el teu habitatge no es ven (encara que el preu sigui \u201ccorrecte\u201d) - JC Architect<\/title>\n<meta name=\"description\" content=\"Per qu\u00e8 el teu habitatge no es ven encara que el preu sigui correcte? Descobreix els errors m\u00e9s habituals en vendre una propietat i com una bona estrat\u00e8gia marca la difer\u00e8ncia.\" \/>\n<meta name=\"robots\" content=\"index, follow, max-snippet:-1, max-image-preview:large, max-video-preview:-1\" \/>\n<link rel=\"canonical\" href=\"https:\/\/jcarchitect.com\/ca\/per-que-el-teu-habitatge-no-es-ven-encara-que-el-preu-sigui-correcte\/\" \/>\n<meta property=\"og:locale\" content=\"ca_ES\" \/>\n<meta property=\"og:type\" content=\"article\" \/>\n<meta property=\"og:title\" content=\"Per qu\u00e8 el teu habitatge no es ven (encara que el preu sigui \u201ccorrecte\u201d) - JC Architect\" \/>\n<meta property=\"og:description\" content=\"Per qu\u00e8 el teu habitatge no es ven encara que el preu sigui correcte? Descobreix els errors m\u00e9s habituals en vendre una propietat i com una bona estrat\u00e8gia marca la difer\u00e8ncia.\" \/>\n<meta property=\"og:url\" content=\"https:\/\/jcarchitect.com\/ca\/per-que-el-teu-habitatge-no-es-ven-encara-que-el-preu-sigui-correcte\/\" \/>\n<meta property=\"og:site_name\" content=\"JC Architect\" \/>\n<meta property=\"article:published_time\" content=\"2026-01-08T13:02:40+00:00\" \/>\n<meta property=\"og:image\" content=\"https:\/\/jcarchitect.com\/jcarchitect\/wp-content\/uploads\/old-house-2803804_1280.jpg\" \/>\n\t<meta property=\"og:image:width\" content=\"1280\" \/>\n\t<meta property=\"og:image:height\" content=\"853\" \/>\n\t<meta property=\"og:image:type\" content=\"image\/jpeg\" \/>\n<meta name=\"author\" content=\"Jorge Camprecios\" \/>\n<meta name=\"twitter:card\" content=\"summary_large_image\" \/>\n<meta name=\"twitter:label1\" content=\"Escrit per\" \/>\n\t<meta name=\"twitter:data1\" content=\"Jorge Camprecios\" \/>\n\t<meta name=\"twitter:label2\" content=\"Temps estimat de lectura\" \/>\n\t<meta name=\"twitter:data2\" content=\"2 minuts\" \/>\n<script type=\"application\/ld+json\" class=\"yoast-schema-graph\">{\"@context\":\"https:\/\/schema.org\",\"@graph\":[{\"@type\":\"Article\",\"@id\":\"https:\/\/jcarchitect.com\/ca\/per-que-el-teu-habitatge-no-es-ven-encara-que-el-preu-sigui-correcte\/#article\",\"isPartOf\":{\"@id\":\"https:\/\/jcarchitect.com\/ca\/per-que-el-teu-habitatge-no-es-ven-encara-que-el-preu-sigui-correcte\/\"},\"author\":{\"name\":\"Jorge Camprecios\",\"@id\":\"https:\/\/jcarchitect.com\/ca\/#\/schema\/person\/20907e3bb26e939ac9590141e116d16b\"},\"headline\":\"Per qu\u00e8 el teu habitatge no es ven (encara que el preu sigui \u201ccorrecte\u201d)\",\"datePublished\":\"2026-01-08T13:02:40+00:00\",\"dateModified\":\"2026-01-08T13:02:40+00:00\",\"mainEntityOfPage\":{\"@id\":\"https:\/\/jcarchitect.com\/ca\/per-que-el-teu-habitatge-no-es-ven-encara-que-el-preu-sigui-correcte\/\"},\"wordCount\":258,\"publisher\":{\"@id\":\"https:\/\/jcarchitect.com\/ca\/#organization\"},\"image\":{\"@id\":\"https:\/\/jcarchitect.com\/ca\/per-que-el-teu-habitatge-no-es-ven-encara-que-el-preu-sigui-correcte\/#primaryimage\"},\"thumbnailUrl\":\"https:\/\/jcarchitect.com\/jcarchitect\/wp-content\/uploads\/old-house-2803804_1280.jpg\",\"keywords\":[\"errors venda immobili\u00e0ria\",\"estrat\u00e8gia immobili\u00e0ria\",\"jcarchitect\",\"mercat immobiliari\",\"per qu\u00e8 no es ven el meu pis\",\"realestate\",\"venda habitatge Barcelona\"],\"inLanguage\":\"ca\"},{\"@type\":\"WebPage\",\"@id\":\"https:\/\/jcarchitect.com\/ca\/per-que-el-teu-habitatge-no-es-ven-encara-que-el-preu-sigui-correcte\/\",\"url\":\"https:\/\/jcarchitect.com\/ca\/per-que-el-teu-habitatge-no-es-ven-encara-que-el-preu-sigui-correcte\/\",\"name\":\"Per qu\u00e8 el teu habitatge no es ven (encara que el preu sigui \u201ccorrecte\u201d) - JC Architect\",\"isPartOf\":{\"@id\":\"https:\/\/jcarchitect.com\/ca\/#website\"},\"primaryImageOfPage\":{\"@id\":\"https:\/\/jcarchitect.com\/ca\/per-que-el-teu-habitatge-no-es-ven-encara-que-el-preu-sigui-correcte\/#primaryimage\"},\"image\":{\"@id\":\"https:\/\/jcarchitect.com\/ca\/per-que-el-teu-habitatge-no-es-ven-encara-que-el-preu-sigui-correcte\/#primaryimage\"},\"thumbnailUrl\":\"https:\/\/jcarchitect.com\/jcarchitect\/wp-content\/uploads\/old-house-2803804_1280.jpg\",\"datePublished\":\"2026-01-08T13:02:40+00:00\",\"dateModified\":\"2026-01-08T13:02:40+00:00\",\"description\":\"Per qu\u00e8 el teu habitatge no es ven encara que el preu sigui correcte? Descobreix els errors m\u00e9s habituals en vendre una propietat i com una bona estrat\u00e8gia marca la difer\u00e8ncia.\",\"breadcrumb\":{\"@id\":\"https:\/\/jcarchitect.com\/ca\/per-que-el-teu-habitatge-no-es-ven-encara-que-el-preu-sigui-correcte\/#breadcrumb\"},\"inLanguage\":\"ca\",\"potentialAction\":[{\"@type\":\"ReadAction\",\"target\":[\"https:\/\/jcarchitect.com\/ca\/per-que-el-teu-habitatge-no-es-ven-encara-que-el-preu-sigui-correcte\/\"]}]},{\"@type\":\"ImageObject\",\"inLanguage\":\"ca\",\"@id\":\"https:\/\/jcarchitect.com\/ca\/per-que-el-teu-habitatge-no-es-ven-encara-que-el-preu-sigui-correcte\/#primaryimage\",\"url\":\"https:\/\/jcarchitect.com\/jcarchitect\/wp-content\/uploads\/old-house-2803804_1280.jpg\",\"contentUrl\":\"https:\/\/jcarchitect.com\/jcarchitect\/wp-content\/uploads\/old-house-2803804_1280.jpg\",\"width\":1280,\"height\":853},{\"@type\":\"BreadcrumbList\",\"@id\":\"https:\/\/jcarchitect.com\/ca\/per-que-el-teu-habitatge-no-es-ven-encara-que-el-preu-sigui-correcte\/#breadcrumb\",\"itemListElement\":[{\"@type\":\"ListItem\",\"position\":1,\"name\":\"Home\",\"item\":\"https:\/\/jcarchitect.com\/ca\/\"},{\"@type\":\"ListItem\",\"position\":2,\"name\":\"Per qu\u00e8 el teu habitatge no es ven (encara que el preu sigui \u201ccorrecte\u201d)\"}]},{\"@type\":\"WebSite\",\"@id\":\"https:\/\/jcarchitect.com\/ca\/#website\",\"url\":\"https:\/\/jcarchitect.com\/ca\/\",\"name\":\"JC Architect\",\"description\":\"Real Estate consultancy Barcelona\",\"publisher\":{\"@id\":\"https:\/\/jcarchitect.com\/ca\/#organization\"},\"potentialAction\":[{\"@type\":\"SearchAction\",\"target\":{\"@type\":\"EntryPoint\",\"urlTemplate\":\"https:\/\/jcarchitect.com\/ca\/?s={search_term_string}\"},\"query-input\":\"required name=search_term_string\"}],\"inLanguage\":\"ca\"},{\"@type\":\"Organization\",\"@id\":\"https:\/\/jcarchitect.com\/ca\/#organization\",\"name\":\"JC Architect\",\"url\":\"https:\/\/jcarchitect.com\/ca\/\",\"logo\":{\"@type\":\"ImageObject\",\"inLanguage\":\"ca\",\"@id\":\"https:\/\/jcarchitect.com\/ca\/#\/schema\/logo\/image\/\",\"url\":\"https:\/\/jcarchitect.com\/jcarchitect\/wp-content\/uploads\/favicon-bg.png\",\"contentUrl\":\"https:\/\/jcarchitect.com\/jcarchitect\/wp-content\/uploads\/favicon-bg.png\",\"width\":144,\"height\":144,\"caption\":\"JC Architect\"},\"image\":{\"@id\":\"https:\/\/jcarchitect.com\/ca\/#\/schema\/logo\/image\/\"}},{\"@type\":\"Person\",\"@id\":\"https:\/\/jcarchitect.com\/ca\/#\/schema\/person\/20907e3bb26e939ac9590141e116d16b\",\"name\":\"Jorge Camprecios\",\"image\":{\"@type\":\"ImageObject\",\"inLanguage\":\"ca\",\"@id\":\"https:\/\/jcarchitect.com\/ca\/#\/schema\/person\/image\/\",\"url\":\"https:\/\/secure.gravatar.com\/avatar\/735d2ecd70608d792216ff82149b74fd?s=96&d=mm&r=g\",\"contentUrl\":\"https:\/\/secure.gravatar.com\/avatar\/735d2ecd70608d792216ff82149b74fd?s=96&d=mm&r=g\",\"caption\":\"Jorge Camprecios\"}}]}<\/script>\n<!-- \/ Yoast SEO plugin. -->","yoast_head_json":{"title":"Per qu\u00e8 el teu habitatge no es ven (encara que el preu sigui \u201ccorrecte\u201d) - JC Architect","description":"Per qu\u00e8 el teu habitatge no es ven encara que el preu sigui correcte? Descobreix els errors m\u00e9s habituals en vendre una propietat i com una bona estrat\u00e8gia marca la difer\u00e8ncia.","robots":{"index":"index","follow":"follow","max-snippet":"max-snippet:-1","max-image-preview":"max-image-preview:large","max-video-preview":"max-video-preview:-1"},"canonical":"https:\/\/jcarchitect.com\/ca\/per-que-el-teu-habitatge-no-es-ven-encara-que-el-preu-sigui-correcte\/","og_locale":"ca_ES","og_type":"article","og_title":"Per qu\u00e8 el teu habitatge no es ven (encara que el preu sigui \u201ccorrecte\u201d) - JC Architect","og_description":"Per qu\u00e8 el teu habitatge no es ven encara que el preu sigui correcte? Descobreix els errors m\u00e9s habituals en vendre una propietat i com una bona estrat\u00e8gia marca la difer\u00e8ncia.","og_url":"https:\/\/jcarchitect.com\/ca\/per-que-el-teu-habitatge-no-es-ven-encara-que-el-preu-sigui-correcte\/","og_site_name":"JC Architect","article_published_time":"2026-01-08T13:02:40+00:00","og_image":[{"width":1280,"height":853,"url":"https:\/\/jcarchitect.com\/jcarchitect\/wp-content\/uploads\/old-house-2803804_1280.jpg","type":"image\/jpeg"}],"author":"Jorge Camprecios","twitter_card":"summary_large_image","twitter_misc":{"Escrit per":"Jorge Camprecios","Temps estimat de lectura":"2 minuts"},"schema":{"@context":"https:\/\/schema.org","@graph":[{"@type":"Article","@id":"https:\/\/jcarchitect.com\/ca\/per-que-el-teu-habitatge-no-es-ven-encara-que-el-preu-sigui-correcte\/#article","isPartOf":{"@id":"https:\/\/jcarchitect.com\/ca\/per-que-el-teu-habitatge-no-es-ven-encara-que-el-preu-sigui-correcte\/"},"author":{"name":"Jorge Camprecios","@id":"https:\/\/jcarchitect.com\/ca\/#\/schema\/person\/20907e3bb26e939ac9590141e116d16b"},"headline":"Per qu\u00e8 el teu habitatge no es ven (encara que el preu sigui \u201ccorrecte\u201d)","datePublished":"2026-01-08T13:02:40+00:00","dateModified":"2026-01-08T13:02:40+00:00","mainEntityOfPage":{"@id":"https:\/\/jcarchitect.com\/ca\/per-que-el-teu-habitatge-no-es-ven-encara-que-el-preu-sigui-correcte\/"},"wordCount":258,"publisher":{"@id":"https:\/\/jcarchitect.com\/ca\/#organization"},"image":{"@id":"https:\/\/jcarchitect.com\/ca\/per-que-el-teu-habitatge-no-es-ven-encara-que-el-preu-sigui-correcte\/#primaryimage"},"thumbnailUrl":"https:\/\/jcarchitect.com\/jcarchitect\/wp-content\/uploads\/old-house-2803804_1280.jpg","keywords":["errors venda immobili\u00e0ria","estrat\u00e8gia immobili\u00e0ria","jcarchitect","mercat immobiliari","per qu\u00e8 no es ven el meu pis","realestate","venda habitatge Barcelona"],"inLanguage":"ca"},{"@type":"WebPage","@id":"https:\/\/jcarchitect.com\/ca\/per-que-el-teu-habitatge-no-es-ven-encara-que-el-preu-sigui-correcte\/","url":"https:\/\/jcarchitect.com\/ca\/per-que-el-teu-habitatge-no-es-ven-encara-que-el-preu-sigui-correcte\/","name":"Per qu\u00e8 el teu habitatge no es ven (encara que el preu sigui \u201ccorrecte\u201d) - JC Architect","isPartOf":{"@id":"https:\/\/jcarchitect.com\/ca\/#website"},"primaryImageOfPage":{"@id":"https:\/\/jcarchitect.com\/ca\/per-que-el-teu-habitatge-no-es-ven-encara-que-el-preu-sigui-correcte\/#primaryimage"},"image":{"@id":"https:\/\/jcarchitect.com\/ca\/per-que-el-teu-habitatge-no-es-ven-encara-que-el-preu-sigui-correcte\/#primaryimage"},"thumbnailUrl":"https:\/\/jcarchitect.com\/jcarchitect\/wp-content\/uploads\/old-house-2803804_1280.jpg","datePublished":"2026-01-08T13:02:40+00:00","dateModified":"2026-01-08T13:02:40+00:00","description":"Per qu\u00e8 el teu habitatge no es ven encara que el preu sigui correcte? Descobreix els errors m\u00e9s habituals en vendre una propietat i com una bona estrat\u00e8gia marca la difer\u00e8ncia.","breadcrumb":{"@id":"https:\/\/jcarchitect.com\/ca\/per-que-el-teu-habitatge-no-es-ven-encara-que-el-preu-sigui-correcte\/#breadcrumb"},"inLanguage":"ca","potentialAction":[{"@type":"ReadAction","target":["https:\/\/jcarchitect.com\/ca\/per-que-el-teu-habitatge-no-es-ven-encara-que-el-preu-sigui-correcte\/"]}]},{"@type":"ImageObject","inLanguage":"ca","@id":"https:\/\/jcarchitect.com\/ca\/per-que-el-teu-habitatge-no-es-ven-encara-que-el-preu-sigui-correcte\/#primaryimage","url":"https:\/\/jcarchitect.com\/jcarchitect\/wp-content\/uploads\/old-house-2803804_1280.jpg","contentUrl":"https:\/\/jcarchitect.com\/jcarchitect\/wp-content\/uploads\/old-house-2803804_1280.jpg","width":1280,"height":853},{"@type":"BreadcrumbList","@id":"https:\/\/jcarchitect.com\/ca\/per-que-el-teu-habitatge-no-es-ven-encara-que-el-preu-sigui-correcte\/#breadcrumb","itemListElement":[{"@type":"ListItem","position":1,"name":"Home","item":"https:\/\/jcarchitect.com\/ca\/"},{"@type":"ListItem","position":2,"name":"Per qu\u00e8 el teu habitatge no es ven (encara que el preu sigui \u201ccorrecte\u201d)"}]},{"@type":"WebSite","@id":"https:\/\/jcarchitect.com\/ca\/#website","url":"https:\/\/jcarchitect.com\/ca\/","name":"JC Architect","description":"Real Estate consultancy Barcelona","publisher":{"@id":"https:\/\/jcarchitect.com\/ca\/#organization"},"potentialAction":[{"@type":"SearchAction","target":{"@type":"EntryPoint","urlTemplate":"https:\/\/jcarchitect.com\/ca\/?s={search_term_string}"},"query-input":"required name=search_term_string"}],"inLanguage":"ca"},{"@type":"Organization","@id":"https:\/\/jcarchitect.com\/ca\/#organization","name":"JC Architect","url":"https:\/\/jcarchitect.com\/ca\/","logo":{"@type":"ImageObject","inLanguage":"ca","@id":"https:\/\/jcarchitect.com\/ca\/#\/schema\/logo\/image\/","url":"https:\/\/jcarchitect.com\/jcarchitect\/wp-content\/uploads\/favicon-bg.png","contentUrl":"https:\/\/jcarchitect.com\/jcarchitect\/wp-content\/uploads\/favicon-bg.png","width":144,"height":144,"caption":"JC Architect"},"image":{"@id":"https:\/\/jcarchitect.com\/ca\/#\/schema\/logo\/image\/"}},{"@type":"Person","@id":"https:\/\/jcarchitect.com\/ca\/#\/schema\/person\/20907e3bb26e939ac9590141e116d16b","name":"Jorge Camprecios","image":{"@type":"ImageObject","inLanguage":"ca","@id":"https:\/\/jcarchitect.com\/ca\/#\/schema\/person\/image\/","url":"https:\/\/secure.gravatar.com\/avatar\/735d2ecd70608d792216ff82149b74fd?s=96&d=mm&r=g","contentUrl":"https:\/\/secure.gravatar.com\/avatar\/735d2ecd70608d792216ff82149b74fd?s=96&d=mm&r=g","caption":"Jorge Camprecios"}}]}},"_links":{"self":[{"href":"https:\/\/jcarchitect.com\/ca\/wp-json\/wp\/v2\/posts\/94438"}],"collection":[{"href":"https:\/\/jcarchitect.com\/ca\/wp-json\/wp\/v2\/posts"}],"about":[{"href":"https:\/\/jcarchitect.com\/ca\/wp-json\/wp\/v2\/types\/post"}],"author":[{"embeddable":true,"href":"https:\/\/jcarchitect.com\/ca\/wp-json\/wp\/v2\/users\/2"}],"replies":[{"embeddable":true,"href":"https:\/\/jcarchitect.com\/ca\/wp-json\/wp\/v2\/comments?post=94438"}],"version-history":[{"count":1,"href":"https:\/\/jcarchitect.com\/ca\/wp-json\/wp\/v2\/posts\/94438\/revisions"}],"predecessor-version":[{"id":94439,"href":"https:\/\/jcarchitect.com\/ca\/wp-json\/wp\/v2\/posts\/94438\/revisions\/94439"}],"wp:featuredmedia":[{"embeddable":true,"href":"https:\/\/jcarchitect.com\/ca\/wp-json\/wp\/v2\/media\/94437"}],"wp:attachment":[{"href":"https:\/\/jcarchitect.com\/ca\/wp-json\/wp\/v2\/media?parent=94438"}],"wp:term":[{"taxonomy":"category","embeddable":true,"href":"https:\/\/jcarchitect.com\/ca\/wp-json\/wp\/v2\/categories?post=94438"},{"taxonomy":"post_tag","embeddable":true,"href":"https:\/\/jcarchitect.com\/ca\/wp-json\/wp\/v2\/tags?post=94438"}],"curies":[{"name":"wp","href":"https:\/\/api.w.org\/{rel}","templated":true}]}}