{"id":92473,"date":"2025-09-29T12:42:41","date_gmt":"2025-09-29T10:42:41","guid":{"rendered":"https:\/\/jcarchitect.com\/?p=92473"},"modified":"2025-09-29T12:42:41","modified_gmt":"2025-09-29T10:42:41","slug":"tendencies-immobiliaries-internacionals-que-veurem-a-barcelona-daqui-a-5-anys","status":"publish","type":"post","link":"https:\/\/jcarchitect.com\/ca\/tendencies-immobiliaries-internacionals-que-veurem-a-barcelona-daqui-a-5-anys\/","title":{"rendered":"Tend\u00e8ncies immobili\u00e0ries internacionals que veurem a Barcelona d\u2019aqu\u00ed a 5 anys"},"content":{"rendered":"<h1 data-start=\"267\" data-end=\"346\">Tend\u00e8ncies immobili\u00e0ries internacionals que veurem a Barcelona d\u2019aqu\u00ed a 5 anys<\/h1>\n<p data-start=\"4621\" data-end=\"5026\">El mercat immobiliari es transforma cada vegada m\u00e9s r\u00e0pid. Innovacions que avui semblen futuristes a ciutats com T\u00f2quio, Nova York o Berl\u00edn podrien convertir-se en la norma a Barcelona i la seva \u00e0rea metropolitana en els pr\u00f2xims 5 anys. Des d\u2019edificis modulars fins a comunitats de co-living, totes aquestes tend\u00e8ncies responen a la mateixa necessitat: viure millor, de manera m\u00e9s eficient i sostenible.<\/p>\n<p data-start=\"5028\" data-end=\"5195\">En aquest article analitzem <strong data-start=\"5056\" data-end=\"5115\">les principals innovacions immobili\u00e0ries internacionals<\/strong> que veurem aviat aqu\u00ed i com poden impactar compradors, inversors i promotors.<\/p>\n<hr data-start=\"5197\" data-end=\"5200\" \/>\n<h2 data-start=\"5202\" data-end=\"5256\">1. Edificis modulars: rapidesa i sostenibilitat<\/h2>\n<p data-start=\"5257\" data-end=\"5405\">A T\u00f2quio i Nova York, blocs sencers es construeixen amb m\u00f2duls prefabricats que s\u2019assemblen a l\u2019obra com si fossin peces de Lego.<br data-start=\"5386\" data-end=\"5389\" \/><strong data-start=\"5389\" data-end=\"5403\">Beneficis:<\/strong><\/p>\n<ul data-start=\"5406\" data-end=\"5532\">\n<li data-start=\"5406\" data-end=\"5453\">\n<p data-start=\"5408\" data-end=\"5453\">Temps de construcci\u00f3 fins a un 50% m\u00e9s curt<\/p>\n<\/li>\n<li data-start=\"5454\" data-end=\"5488\">\n<p data-start=\"5456\" data-end=\"5488\">Control de qualitat industrial<\/p>\n<\/li>\n<li data-start=\"5489\" data-end=\"5532\">\n<p data-start=\"5491\" data-end=\"5532\">Menys residus i menor impacte ambiental<\/p>\n<\/li>\n<\/ul>\n<p data-start=\"5534\" data-end=\"5683\"><strong data-start=\"5534\" data-end=\"5564\">El que veurem a Barcelona:<\/strong> projectes d\u2019habitatge assequible i rehabilitacions r\u00e0pides que redueixin terminis i ofereixin preus m\u00e9s competitius.<\/p>\n<hr data-start=\"5685\" data-end=\"5688\" \/>\n<h2 data-start=\"5690\" data-end=\"5740\">2. Co-living: l\u2019habitatge com a experi\u00e8ncia<\/h2>\n<p data-start=\"5741\" data-end=\"5909\">A Berl\u00edn i Nova York, el co-living combina <strong data-start=\"5784\" data-end=\"5819\">espais privats i serveis comuns<\/strong> com coworking, gimn\u00e0s, cuines compartides i esdeveniments socials.<br data-start=\"5886\" data-end=\"5889\" \/><strong data-start=\"5889\" data-end=\"5907\">Impacte local:<\/strong><\/p>\n<ul data-start=\"5910\" data-end=\"6058\">\n<li data-start=\"5910\" data-end=\"5939\">\n<p data-start=\"5912\" data-end=\"5939\">Major rendibilitat per m\u00b2<\/p>\n<\/li>\n<li data-start=\"5940\" data-end=\"6005\">\n<p data-start=\"5942\" data-end=\"6005\">Oferta atractiva per a professionals joves i teletreballadors<\/p>\n<\/li>\n<li data-start=\"6006\" data-end=\"6058\">\n<p data-start=\"6008\" data-end=\"6058\">Creaci\u00f3 de comunitats fortes en barris emergents<\/p>\n<\/li>\n<\/ul>\n<hr data-start=\"6060\" data-end=\"6063\" \/>\n<h2 data-start=\"6065\" data-end=\"6110\">3. Microapartaments + serveis de barri<\/h2>\n<p data-start=\"6111\" data-end=\"6391\">T\u00f2quio ha demostrat que un pis de 25 m\u00b2 pot ser funcional i c\u00f2mode. Nova York ha convertit aix\u00f2 en tend\u00e8ncia als barris densos.<br data-start=\"6238\" data-end=\"6241\" \/><strong data-start=\"6241\" data-end=\"6259\">El que arriba:<\/strong> m\u00e9s microapartaments a Barcelona i la seva corona metropolitana, amb serveis a la planta baixa (botigues, bugaderies, log\u00edstica).<\/p>\n<hr data-start=\"6393\" data-end=\"6396\" \/>\n<h2 data-start=\"6398\" data-end=\"6463\">4. Rehabilitaci\u00f3 energ\u00e8tica i edificis de consum quasi nul<\/h2>\n<p data-start=\"6464\" data-end=\"6530\">Berl\u00edn lidera la transici\u00f3 cap als edificis nZEB.<br data-start=\"6513\" data-end=\"6516\" \/><strong data-start=\"6516\" data-end=\"6528\">Impacte:<\/strong><\/p>\n<ul data-start=\"6531\" data-end=\"6671\">\n<li data-start=\"6531\" data-end=\"6572\">\n<p data-start=\"6533\" data-end=\"6572\">Revaloritzaci\u00f3 d\u2019habitatges eficients<\/p>\n<\/li>\n<li data-start=\"6573\" data-end=\"6613\">\n<p data-start=\"6575\" data-end=\"6613\">Creixent inter\u00e8s pels baixos consums<\/p>\n<\/li>\n<li data-start=\"6614\" data-end=\"6671\">\n<p data-start=\"6616\" data-end=\"6671\">Impuls a la rehabilitaci\u00f3 del parc antic de Barcelona<\/p>\n<\/li>\n<\/ul>\n<hr data-start=\"6673\" data-end=\"6676\" \/>\n<h2 data-start=\"6678\" data-end=\"6720\">5. Propietat flexible i fraccionada<\/h2>\n<p data-start=\"6721\" data-end=\"6926\">El <strong data-start=\"6724\" data-end=\"6740\">co-ownership<\/strong> permet a diversos compradors adquirir i utilitzar una mateixa propietat.<br data-start=\"6813\" data-end=\"6816\" \/><strong data-start=\"6816\" data-end=\"6839\">El que veurem aqu\u00ed:<\/strong> m\u00e9s accessibilitat a segones resid\u00e8ncies i noves oportunitats d\u2019inversi\u00f3 compartida.<\/p>\n<hr data-start=\"6928\" data-end=\"6931\" \/>\n<h4 data-start=\"6933\" data-end=\"6978\">6. Edificis intel\u00b7ligents i connectats<\/h4>\n<p data-start=\"6979\" data-end=\"7118\">Amb sensors i gesti\u00f3 energ\u00e8tica autom\u00e0tica, els smart buildings milloraran l\u2019experi\u00e8ncia dels residents i reduiran despeses comunit\u00e0ries.<\/p>\n<hr data-start=\"7120\" data-end=\"7123\" \/>\n<h2 data-start=\"7125\" data-end=\"7169\">7. Espais h\u00edbrids: habitatge + comer\u00e7<\/h2>\n<p data-start=\"7170\" data-end=\"7273\">M\u00e9s projectes d\u2019\u00fas mixt que revitalitzaran carrers i generaran ingressos addicionals als propietaris.<\/p>\n<h3 data-start=\"76\" data-end=\"95\"><strong data-start=\"80\" data-end=\"93\">Conclusi\u00f3<\/strong><\/h3>\n<p data-start=\"96\" data-end=\"423\">Aquestes tend\u00e8ncies no s\u00f3n una moda passatgera: s\u00f3n <strong data-start=\"148\" data-end=\"179\">solucions a problemes reals<\/strong> com l\u2019escassetat de s\u00f2l, l\u2019augment dels preus i la recerca de formes de vida sostenibles i comunit\u00e0ries.<br data-start=\"284\" data-end=\"287\" \/>Per als inversors, compradors i agents atents, els pr\u00f2xims cinc anys representen <strong data-start=\"368\" data-end=\"420\">una oportunitat \u00fanica per anticipar-se al mercat<\/strong>.<\/p>\n<p data-start=\"425\" data-end=\"666\">A JC Architect creiem que el futur del sector immobiliari resideix en projectes que combinen disseny, innovaci\u00f3 i sentit de comunitat.<br data-start=\"559\" data-end=\"562\" \/>Vols descobrir oportunitats d\u2019inversi\u00f3 alineades amb aquestes tend\u00e8ncies? <strong data-start=\"636\" data-end=\"664\">Contacta\u2019ns avui mateix.<\/strong><\/p>\n<h3 data-start=\"7280\" data-end=\"7306\"><\/h3>\n<p data-start=\"7471\" data-end=\"7687\">\n","protected":false},"excerpt":{"rendered":"<p>Tend\u00e8ncies immobili\u00e0ries internacionals que veurem a Barcelona d\u2019aqu\u00ed a 5 anys El mercat immobiliari es transforma cada vegada m\u00e9s r\u00e0pid. Innovacions que avui semblen futuristes a ciutats com T\u00f2quio, Nova York o Berl\u00edn podrien convertir-se en la norma a Barcelona i la seva \u00e0rea metropolitana en els pr\u00f2xims 5 anys. Des d\u2019edificis modulars fins a [&hellip;]<\/p>\n","protected":false},"author":2,"featured_media":92474,"comment_status":"closed","ping_status":"closed","sticky":false,"template":"","format":"standard","meta":{"footnotes":""},"categories":[48],"tags":[1161,1160,935,1165,1166,1159,1162,1164,1163,1158],"yoast_head":"<!-- This site is optimized with the Yoast SEO plugin v22.6 - https:\/\/yoast.com\/wordpress\/plugins\/seo\/ -->\n<title>Tend\u00e8ncies immobili\u00e0ries internacionals que veurem a Barcelona d\u2019aqu\u00ed a 5 anys - JC Architect<\/title>\n<meta name=\"description\" content=\"Tend\u00e8ncies immobili\u00e0ries que arribaran a Barcelona: edificis modulars, co-living, microapartaments i m\u00e9s. Descobreix el futur del sector\" \/>\n<meta name=\"robots\" content=\"index, follow, max-snippet:-1, max-image-preview:large, max-video-preview:-1\" \/>\n<link rel=\"canonical\" href=\"https:\/\/jcarchitect.com\/ca\/tendencies-immobiliaries-internacionals-que-veurem-a-barcelona-daqui-a-5-anys\/\" \/>\n<meta property=\"og:locale\" content=\"ca_ES\" \/>\n<meta property=\"og:type\" content=\"article\" \/>\n<meta property=\"og:title\" content=\"Tend\u00e8ncies immobili\u00e0ries internacionals que veurem a Barcelona d\u2019aqu\u00ed a 5 anys - JC Architect\" \/>\n<meta property=\"og:description\" content=\"Tend\u00e8ncies immobili\u00e0ries que arribaran a Barcelona: edificis modulars, co-living, microapartaments i m\u00e9s. Descobreix el futur del sector\" \/>\n<meta property=\"og:url\" content=\"https:\/\/jcarchitect.com\/ca\/tendencies-immobiliaries-internacionals-que-veurem-a-barcelona-daqui-a-5-anys\/\" \/>\n<meta property=\"og:site_name\" content=\"JC Architect\" \/>\n<meta property=\"article:published_time\" content=\"2025-09-29T10:42:41+00:00\" \/>\n<meta property=\"og:image\" content=\"https:\/\/jcarchitect.com\/jcarchitect\/wp-content\/uploads\/automobile-4101263_1280.jpg\" \/>\n\t<meta property=\"og:image:width\" content=\"1280\" \/>\n\t<meta property=\"og:image:height\" content=\"888\" \/>\n\t<meta property=\"og:image:type\" content=\"image\/jpeg\" \/>\n<meta name=\"author\" content=\"Jorge Camprecios\" \/>\n<meta name=\"twitter:card\" content=\"summary_large_image\" \/>\n<meta name=\"twitter:label1\" content=\"Escrit per\" \/>\n\t<meta name=\"twitter:data1\" content=\"Jorge Camprecios\" \/>\n\t<meta name=\"twitter:label2\" content=\"Temps estimat de lectura\" \/>\n\t<meta name=\"twitter:data2\" content=\"3 minuts\" \/>\n<script type=\"application\/ld+json\" class=\"yoast-schema-graph\">{\"@context\":\"https:\/\/schema.org\",\"@graph\":[{\"@type\":\"Article\",\"@id\":\"https:\/\/jcarchitect.com\/ca\/tendencies-immobiliaries-internacionals-que-veurem-a-barcelona-daqui-a-5-anys\/#article\",\"isPartOf\":{\"@id\":\"https:\/\/jcarchitect.com\/ca\/tendencies-immobiliaries-internacionals-que-veurem-a-barcelona-daqui-a-5-anys\/\"},\"author\":{\"name\":\"Jorge Camprecios\",\"@id\":\"https:\/\/jcarchitect.com\/ca\/#\/schema\/person\/20907e3bb26e939ac9590141e116d16b\"},\"headline\":\"Tend\u00e8ncies immobili\u00e0ries internacionals que veurem a Barcelona d\u2019aqu\u00ed a 5 anys\",\"datePublished\":\"2025-09-29T10:42:41+00:00\",\"dateModified\":\"2025-09-29T10:42:41+00:00\",\"mainEntityOfPage\":{\"@id\":\"https:\/\/jcarchitect.com\/ca\/tendencies-immobiliaries-internacionals-que-veurem-a-barcelona-daqui-a-5-anys\/\"},\"wordCount\":505,\"publisher\":{\"@id\":\"https:\/\/jcarchitect.com\/ca\/#organization\"},\"image\":{\"@id\":\"https:\/\/jcarchitect.com\/ca\/tendencies-immobiliaries-internacionals-que-veurem-a-barcelona-daqui-a-5-anys\/#primaryimage\"},\"thumbnailUrl\":\"https:\/\/jcarchitect.com\/jcarchitect\/wp-content\/uploads\/automobile-4101263_1280.jpg\",\"keywords\":[\"co-living\",\"edificios modulares\",\"eficiencia energ\u00e9tica\",\"futuro del real estate\",\"inversi\u00f3n inmobiliaria\",\"mercado inmobiliario Barcelona\",\"micro-apartamentos\",\"rehabilitaci\u00f3n de edificios\",\"smart buildings\",\"tendencias inmobiliarias\"],\"inLanguage\":\"ca\"},{\"@type\":\"WebPage\",\"@id\":\"https:\/\/jcarchitect.com\/ca\/tendencies-immobiliaries-internacionals-que-veurem-a-barcelona-daqui-a-5-anys\/\",\"url\":\"https:\/\/jcarchitect.com\/ca\/tendencies-immobiliaries-internacionals-que-veurem-a-barcelona-daqui-a-5-anys\/\",\"name\":\"Tend\u00e8ncies immobili\u00e0ries internacionals que veurem a Barcelona d\u2019aqu\u00ed a 5 anys - JC Architect\",\"isPartOf\":{\"@id\":\"https:\/\/jcarchitect.com\/ca\/#website\"},\"primaryImageOfPage\":{\"@id\":\"https:\/\/jcarchitect.com\/ca\/tendencies-immobiliaries-internacionals-que-veurem-a-barcelona-daqui-a-5-anys\/#primaryimage\"},\"image\":{\"@id\":\"https:\/\/jcarchitect.com\/ca\/tendencies-immobiliaries-internacionals-que-veurem-a-barcelona-daqui-a-5-anys\/#primaryimage\"},\"thumbnailUrl\":\"https:\/\/jcarchitect.com\/jcarchitect\/wp-content\/uploads\/automobile-4101263_1280.jpg\",\"datePublished\":\"2025-09-29T10:42:41+00:00\",\"dateModified\":\"2025-09-29T10:42:41+00:00\",\"description\":\"Tend\u00e8ncies immobili\u00e0ries que arribaran a Barcelona: edificis modulars, co-living, microapartaments i m\u00e9s. Descobreix el futur del sector\",\"breadcrumb\":{\"@id\":\"https:\/\/jcarchitect.com\/ca\/tendencies-immobiliaries-internacionals-que-veurem-a-barcelona-daqui-a-5-anys\/#breadcrumb\"},\"inLanguage\":\"ca\",\"potentialAction\":[{\"@type\":\"ReadAction\",\"target\":[\"https:\/\/jcarchitect.com\/ca\/tendencies-immobiliaries-internacionals-que-veurem-a-barcelona-daqui-a-5-anys\/\"]}]},{\"@type\":\"ImageObject\",\"inLanguage\":\"ca\",\"@id\":\"https:\/\/jcarchitect.com\/ca\/tendencies-immobiliaries-internacionals-que-veurem-a-barcelona-daqui-a-5-anys\/#primaryimage\",\"url\":\"https:\/\/jcarchitect.com\/jcarchitect\/wp-content\/uploads\/automobile-4101263_1280.jpg\",\"contentUrl\":\"https:\/\/jcarchitect.com\/jcarchitect\/wp-content\/uploads\/automobile-4101263_1280.jpg\",\"width\":1280,\"height\":888},{\"@type\":\"BreadcrumbList\",\"@id\":\"https:\/\/jcarchitect.com\/ca\/tendencies-immobiliaries-internacionals-que-veurem-a-barcelona-daqui-a-5-anys\/#breadcrumb\",\"itemListElement\":[{\"@type\":\"ListItem\",\"position\":1,\"name\":\"Home\",\"item\":\"https:\/\/jcarchitect.com\/ca\/\"},{\"@type\":\"ListItem\",\"position\":2,\"name\":\"Tend\u00e8ncies immobili\u00e0ries internacionals que veurem a Barcelona d\u2019aqu\u00ed a 5 anys\"}]},{\"@type\":\"WebSite\",\"@id\":\"https:\/\/jcarchitect.com\/ca\/#website\",\"url\":\"https:\/\/jcarchitect.com\/ca\/\",\"name\":\"JC Architect\",\"description\":\"Real Estate consultancy Barcelona\",\"publisher\":{\"@id\":\"https:\/\/jcarchitect.com\/ca\/#organization\"},\"potentialAction\":[{\"@type\":\"SearchAction\",\"target\":{\"@type\":\"EntryPoint\",\"urlTemplate\":\"https:\/\/jcarchitect.com\/ca\/?s={search_term_string}\"},\"query-input\":\"required name=search_term_string\"}],\"inLanguage\":\"ca\"},{\"@type\":\"Organization\",\"@id\":\"https:\/\/jcarchitect.com\/ca\/#organization\",\"name\":\"JC Architect\",\"url\":\"https:\/\/jcarchitect.com\/ca\/\",\"logo\":{\"@type\":\"ImageObject\",\"inLanguage\":\"ca\",\"@id\":\"https:\/\/jcarchitect.com\/ca\/#\/schema\/logo\/image\/\",\"url\":\"https:\/\/jcarchitect.com\/jcarchitect\/wp-content\/uploads\/favicon-bg.png\",\"contentUrl\":\"https:\/\/jcarchitect.com\/jcarchitect\/wp-content\/uploads\/favicon-bg.png\",\"width\":144,\"height\":144,\"caption\":\"JC Architect\"},\"image\":{\"@id\":\"https:\/\/jcarchitect.com\/ca\/#\/schema\/logo\/image\/\"}},{\"@type\":\"Person\",\"@id\":\"https:\/\/jcarchitect.com\/ca\/#\/schema\/person\/20907e3bb26e939ac9590141e116d16b\",\"name\":\"Jorge Camprecios\",\"image\":{\"@type\":\"ImageObject\",\"inLanguage\":\"ca\",\"@id\":\"https:\/\/jcarchitect.com\/ca\/#\/schema\/person\/image\/\",\"url\":\"https:\/\/secure.gravatar.com\/avatar\/735d2ecd70608d792216ff82149b74fd?s=96&d=mm&r=g\",\"contentUrl\":\"https:\/\/secure.gravatar.com\/avatar\/735d2ecd70608d792216ff82149b74fd?s=96&d=mm&r=g\",\"caption\":\"Jorge Camprecios\"}}]}<\/script>\n<!-- \/ Yoast SEO plugin. -->","yoast_head_json":{"title":"Tend\u00e8ncies immobili\u00e0ries internacionals que veurem a Barcelona d\u2019aqu\u00ed a 5 anys - JC Architect","description":"Tend\u00e8ncies immobili\u00e0ries que arribaran a Barcelona: edificis modulars, co-living, microapartaments i m\u00e9s. Descobreix el futur del sector","robots":{"index":"index","follow":"follow","max-snippet":"max-snippet:-1","max-image-preview":"max-image-preview:large","max-video-preview":"max-video-preview:-1"},"canonical":"https:\/\/jcarchitect.com\/ca\/tendencies-immobiliaries-internacionals-que-veurem-a-barcelona-daqui-a-5-anys\/","og_locale":"ca_ES","og_type":"article","og_title":"Tend\u00e8ncies immobili\u00e0ries internacionals que veurem a Barcelona d\u2019aqu\u00ed a 5 anys - JC Architect","og_description":"Tend\u00e8ncies immobili\u00e0ries que arribaran a Barcelona: edificis modulars, co-living, microapartaments i m\u00e9s. Descobreix el futur del sector","og_url":"https:\/\/jcarchitect.com\/ca\/tendencies-immobiliaries-internacionals-que-veurem-a-barcelona-daqui-a-5-anys\/","og_site_name":"JC Architect","article_published_time":"2025-09-29T10:42:41+00:00","og_image":[{"width":1280,"height":888,"url":"https:\/\/jcarchitect.com\/jcarchitect\/wp-content\/uploads\/automobile-4101263_1280.jpg","type":"image\/jpeg"}],"author":"Jorge Camprecios","twitter_card":"summary_large_image","twitter_misc":{"Escrit per":"Jorge Camprecios","Temps estimat de lectura":"3 minuts"},"schema":{"@context":"https:\/\/schema.org","@graph":[{"@type":"Article","@id":"https:\/\/jcarchitect.com\/ca\/tendencies-immobiliaries-internacionals-que-veurem-a-barcelona-daqui-a-5-anys\/#article","isPartOf":{"@id":"https:\/\/jcarchitect.com\/ca\/tendencies-immobiliaries-internacionals-que-veurem-a-barcelona-daqui-a-5-anys\/"},"author":{"name":"Jorge Camprecios","@id":"https:\/\/jcarchitect.com\/ca\/#\/schema\/person\/20907e3bb26e939ac9590141e116d16b"},"headline":"Tend\u00e8ncies immobili\u00e0ries internacionals que veurem a Barcelona d\u2019aqu\u00ed a 5 anys","datePublished":"2025-09-29T10:42:41+00:00","dateModified":"2025-09-29T10:42:41+00:00","mainEntityOfPage":{"@id":"https:\/\/jcarchitect.com\/ca\/tendencies-immobiliaries-internacionals-que-veurem-a-barcelona-daqui-a-5-anys\/"},"wordCount":505,"publisher":{"@id":"https:\/\/jcarchitect.com\/ca\/#organization"},"image":{"@id":"https:\/\/jcarchitect.com\/ca\/tendencies-immobiliaries-internacionals-que-veurem-a-barcelona-daqui-a-5-anys\/#primaryimage"},"thumbnailUrl":"https:\/\/jcarchitect.com\/jcarchitect\/wp-content\/uploads\/automobile-4101263_1280.jpg","keywords":["co-living","edificios modulares","eficiencia energ\u00e9tica","futuro del real estate","inversi\u00f3n inmobiliaria","mercado inmobiliario Barcelona","micro-apartamentos","rehabilitaci\u00f3n de edificios","smart buildings","tendencias inmobiliarias"],"inLanguage":"ca"},{"@type":"WebPage","@id":"https:\/\/jcarchitect.com\/ca\/tendencies-immobiliaries-internacionals-que-veurem-a-barcelona-daqui-a-5-anys\/","url":"https:\/\/jcarchitect.com\/ca\/tendencies-immobiliaries-internacionals-que-veurem-a-barcelona-daqui-a-5-anys\/","name":"Tend\u00e8ncies immobili\u00e0ries internacionals que veurem a Barcelona d\u2019aqu\u00ed a 5 anys - JC Architect","isPartOf":{"@id":"https:\/\/jcarchitect.com\/ca\/#website"},"primaryImageOfPage":{"@id":"https:\/\/jcarchitect.com\/ca\/tendencies-immobiliaries-internacionals-que-veurem-a-barcelona-daqui-a-5-anys\/#primaryimage"},"image":{"@id":"https:\/\/jcarchitect.com\/ca\/tendencies-immobiliaries-internacionals-que-veurem-a-barcelona-daqui-a-5-anys\/#primaryimage"},"thumbnailUrl":"https:\/\/jcarchitect.com\/jcarchitect\/wp-content\/uploads\/automobile-4101263_1280.jpg","datePublished":"2025-09-29T10:42:41+00:00","dateModified":"2025-09-29T10:42:41+00:00","description":"Tend\u00e8ncies immobili\u00e0ries que arribaran a Barcelona: edificis modulars, co-living, microapartaments i m\u00e9s. Descobreix el futur del sector","breadcrumb":{"@id":"https:\/\/jcarchitect.com\/ca\/tendencies-immobiliaries-internacionals-que-veurem-a-barcelona-daqui-a-5-anys\/#breadcrumb"},"inLanguage":"ca","potentialAction":[{"@type":"ReadAction","target":["https:\/\/jcarchitect.com\/ca\/tendencies-immobiliaries-internacionals-que-veurem-a-barcelona-daqui-a-5-anys\/"]}]},{"@type":"ImageObject","inLanguage":"ca","@id":"https:\/\/jcarchitect.com\/ca\/tendencies-immobiliaries-internacionals-que-veurem-a-barcelona-daqui-a-5-anys\/#primaryimage","url":"https:\/\/jcarchitect.com\/jcarchitect\/wp-content\/uploads\/automobile-4101263_1280.jpg","contentUrl":"https:\/\/jcarchitect.com\/jcarchitect\/wp-content\/uploads\/automobile-4101263_1280.jpg","width":1280,"height":888},{"@type":"BreadcrumbList","@id":"https:\/\/jcarchitect.com\/ca\/tendencies-immobiliaries-internacionals-que-veurem-a-barcelona-daqui-a-5-anys\/#breadcrumb","itemListElement":[{"@type":"ListItem","position":1,"name":"Home","item":"https:\/\/jcarchitect.com\/ca\/"},{"@type":"ListItem","position":2,"name":"Tend\u00e8ncies immobili\u00e0ries internacionals que veurem a Barcelona d\u2019aqu\u00ed a 5 anys"}]},{"@type":"WebSite","@id":"https:\/\/jcarchitect.com\/ca\/#website","url":"https:\/\/jcarchitect.com\/ca\/","name":"JC Architect","description":"Real Estate consultancy Barcelona","publisher":{"@id":"https:\/\/jcarchitect.com\/ca\/#organization"},"potentialAction":[{"@type":"SearchAction","target":{"@type":"EntryPoint","urlTemplate":"https:\/\/jcarchitect.com\/ca\/?s={search_term_string}"},"query-input":"required name=search_term_string"}],"inLanguage":"ca"},{"@type":"Organization","@id":"https:\/\/jcarchitect.com\/ca\/#organization","name":"JC Architect","url":"https:\/\/jcarchitect.com\/ca\/","logo":{"@type":"ImageObject","inLanguage":"ca","@id":"https:\/\/jcarchitect.com\/ca\/#\/schema\/logo\/image\/","url":"https:\/\/jcarchitect.com\/jcarchitect\/wp-content\/uploads\/favicon-bg.png","contentUrl":"https:\/\/jcarchitect.com\/jcarchitect\/wp-content\/uploads\/favicon-bg.png","width":144,"height":144,"caption":"JC Architect"},"image":{"@id":"https:\/\/jcarchitect.com\/ca\/#\/schema\/logo\/image\/"}},{"@type":"Person","@id":"https:\/\/jcarchitect.com\/ca\/#\/schema\/person\/20907e3bb26e939ac9590141e116d16b","name":"Jorge Camprecios","image":{"@type":"ImageObject","inLanguage":"ca","@id":"https:\/\/jcarchitect.com\/ca\/#\/schema\/person\/image\/","url":"https:\/\/secure.gravatar.com\/avatar\/735d2ecd70608d792216ff82149b74fd?s=96&d=mm&r=g","contentUrl":"https:\/\/secure.gravatar.com\/avatar\/735d2ecd70608d792216ff82149b74fd?s=96&d=mm&r=g","caption":"Jorge Camprecios"}}]}},"_links":{"self":[{"href":"https:\/\/jcarchitect.com\/ca\/wp-json\/wp\/v2\/posts\/92473"}],"collection":[{"href":"https:\/\/jcarchitect.com\/ca\/wp-json\/wp\/v2\/posts"}],"about":[{"href":"https:\/\/jcarchitect.com\/ca\/wp-json\/wp\/v2\/types\/post"}],"author":[{"embeddable":true,"href":"https:\/\/jcarchitect.com\/ca\/wp-json\/wp\/v2\/users\/2"}],"replies":[{"embeddable":true,"href":"https:\/\/jcarchitect.com\/ca\/wp-json\/wp\/v2\/comments?post=92473"}],"version-history":[{"count":3,"href":"https:\/\/jcarchitect.com\/ca\/wp-json\/wp\/v2\/posts\/92473\/revisions"}],"predecessor-version":[{"id":92489,"href":"https:\/\/jcarchitect.com\/ca\/wp-json\/wp\/v2\/posts\/92473\/revisions\/92489"}],"wp:featuredmedia":[{"embeddable":true,"href":"https:\/\/jcarchitect.com\/ca\/wp-json\/wp\/v2\/media\/92474"}],"wp:attachment":[{"href":"https:\/\/jcarchitect.com\/ca\/wp-json\/wp\/v2\/media?parent=92473"}],"wp:term":[{"taxonomy":"category","embeddable":true,"href":"https:\/\/jcarchitect.com\/ca\/wp-json\/wp\/v2\/categories?post=92473"},{"taxonomy":"post_tag","embeddable":true,"href":"https:\/\/jcarchitect.com\/ca\/wp-json\/wp\/v2\/tags?post=92473"}],"curies":[{"name":"wp","href":"https:\/\/api.w.org\/{rel}","templated":true}]}}