{"id":92300,"date":"2025-09-18T18:33:21","date_gmt":"2025-09-18T16:33:21","guid":{"rendered":"https:\/\/jcarchitect.com\/?p=92300"},"modified":"2025-09-18T18:33:21","modified_gmt":"2025-09-18T16:33:21","slug":"la-historia-secreta-del-teu-edifici-via-laietana-i-el-noucentisme-de-puig-i-cadafalch","status":"publish","type":"post","link":"https:\/\/jcarchitect.com\/ca\/la-historia-secreta-del-teu-edifici-via-laietana-i-el-noucentisme-de-puig-i-cadafalch\/","title":{"rendered":"La hist\u00f2ria secreta del teu edifici: Via Laietana i el Noucentisme de Puig i Cadafalch"},"content":{"rendered":"<h2 data-start=\"46\" data-end=\"138\"><strong data-start=\"46\" data-end=\"136\">La hist\u00f2ria secreta del teu edifici: Via Laietana i el Noucentisme de Puig i Cadafalch<\/strong><\/h2>\n<p data-start=\"140\" data-end=\"563\">Quan puges les escales del teu edifici, t\u2019has preguntat mai qui les va pujar abans que tu? Les parets que avui et reben han vist passar generacions senceres, i cada una hi ha deixat la seva empremta. Avui et convido a descobrir la hist\u00f2ria d\u2019un edifici que no nom\u00e9s forma part de l\u2019skyline de Barcelona, sin\u00f3 tamb\u00e9 de la seva \u00e0nima: una joia noucentista de la Via Laietana signada pel c\u00e8lebre arquitecte Puig i Cadafalch.<\/p>\n<p data-start=\"565\" data-end=\"607\"><strong data-start=\"565\" data-end=\"605\">Un projecte que va canviar la ciutat<\/strong><\/p>\n<p data-start=\"609\" data-end=\"1009\">A principis del segle XX, Barcelona vivia una profunda transformaci\u00f3. La Via Laietana, tal com la coneixem avui, no existia: en el seu lloc hi havia un laberint de carrerons medievals que connectaven el Born amb la Catedral. La decisi\u00f3 d\u2019obrir aquesta gran avinguda va ser pol\u00e8mica \u2014es van enderrocar m\u00e9s de 85 edificis hist\u00f2rics\u2014, per\u00f2 el projecte simbolitzava l\u2019impuls de modernitat de la ciutat.<\/p>\n<p data-start=\"1011\" data-end=\"1300\">Va ser en aquest context que Puig i Cadafalch, un dels grans noms del Noucentisme, va dissenyar aquesta finca. El seu estil sobri, elegant i carregat de detalls geom\u00e8trics representava l\u2019ideal d\u2019ordre i racionalitat que el moviment promovia, un contrapunt al Modernisme colorit de Gaud\u00ed.<\/p>\n<p data-start=\"1302\" data-end=\"1348\"><strong data-start=\"1302\" data-end=\"1346\">De fam\u00edlies burgeses a oficines modernes<\/strong><\/p>\n<p data-start=\"1350\" data-end=\"1641\">En el seu origen, l\u2019edifici va ser resid\u00e8ncia de fam\u00edlies burgeses que volien viure a prop dels nous eixos d\u2019activitat econ\u00f2mica de la ciutat. Les plantes altes eren habitatges amplis, amb sostres alts, mosaics hidr\u00e0ulics i balcons amb baranes de ferro forjat que encara avui es conserven.<\/p>\n<p data-start=\"1643\" data-end=\"1838\">Amb el pas del temps, l\u2019edifici ha vist canvis d\u2019\u00fas: des de despatxos d\u2019advocats fins a oficines d\u2019empreses tecnol\u00f2giques, reflectint l\u2019evoluci\u00f3 de la ciutat cap a un centre financer i creatiu.<\/p>\n<p data-start=\"1840\" data-end=\"1878\"><strong data-start=\"1840\" data-end=\"1876\">Curiositats que potser no sabies<\/strong><\/p>\n<ul data-start=\"1880\" data-end=\"2237\">\n<li data-start=\"1880\" data-end=\"1982\">\n<p data-start=\"1882\" data-end=\"1982\">Sota l\u2019edifici es van trobar restes de murs medievals que avui es conserven als arxius municipals.<\/p>\n<\/li>\n<li data-start=\"1983\" data-end=\"2101\">\n<p data-start=\"1985\" data-end=\"2101\">Durant la Guerra Civil, la planta baixa es va utilitzar com a magatzem d\u2019aliments per proveir els ve\u00efns del barri.<\/p>\n<\/li>\n<li data-start=\"2102\" data-end=\"2237\">\n<p data-start=\"2104\" data-end=\"2237\">La fa\u00e7ana ha estat recentment restaurada, respectant els colors originals de l\u2019estuc per tornar-li l\u2019aspecte dels inicis del segle.<\/p>\n<\/li>\n<\/ul>\n<p data-start=\"2239\" data-end=\"2283\"><strong data-start=\"2239\" data-end=\"2281\">Avui: un edifici que continua bategant<\/strong><\/p>\n<p data-start=\"2285\" data-end=\"2560\">Viure o treballar en aquest edifici no \u00e9s nom\u00e9s gaudir d\u2019una ubicaci\u00f3 privilegiada: \u00e9s formar part de la hist\u00f2ria de Barcelona. Cada detall arquitect\u00f2nic \u2014des del portal fins a les motllures del sostre\u2014 ens recorda que la ciutat es reinventa, per\u00f2 mai oblida el seu passat.<\/p>\n<p data-start=\"2562\" data-end=\"2595\">I tu, qu\u00e8 saps del teu edifici?<\/p>\n<p data-start=\"2597\" data-end=\"2900\">Aquesta \u00e9s la primera entrega de la s\u00e8rie \u201cLa hist\u00f2ria secreta del teu edifici\u201d, on mes a mes explorarem els or\u00edgens i an\u00e8cdotes d\u2019espais que ens envolten. Si el teu edifici t\u00e9 alguna hist\u00f2ria curiosa o coneixes alg\u00fa que hi hagi viscut fa anys, escriu-me! Potser casa teva ser\u00e0 el proper protagonista.<\/p>\n","protected":false},"excerpt":{"rendered":"<p>La hist\u00f2ria secreta del teu edifici: Via Laietana i el Noucentisme de Puig i Cadafalch Quan puges les escales del teu edifici, t\u2019has preguntat mai qui les va pujar abans que tu? Les parets que avui et reben han vist passar generacions senceres, i cada una hi ha deixat la seva empremta. Avui et convido [&hellip;]<\/p>\n","protected":false},"author":2,"featured_media":92292,"comment_status":"closed","ping_status":"closed","sticky":false,"template":"","format":"standard","meta":{"footnotes":""},"categories":[48],"tags":[],"yoast_head":"<!-- This site is optimized with the Yoast SEO plugin v22.6 - https:\/\/yoast.com\/wordpress\/plugins\/seo\/ -->\n<title>La hist\u00f2ria secreta del teu edifici: Via Laietana i el Noucentisme de Puig i Cadafalch - JC Architect<\/title>\n<meta name=\"description\" content=\"Descobreix la hist\u00f2ria secreta del teu edifici a la Via Laietana: una joia noucentista de Puig i Cadafalch, des de fam\u00edlies burgeses fins a oficines modernes.\" \/>\n<meta name=\"robots\" content=\"index, follow, max-snippet:-1, max-image-preview:large, max-video-preview:-1\" \/>\n<link rel=\"canonical\" href=\"https:\/\/jcarchitect.com\/ca\/la-historia-secreta-del-teu-edifici-via-laietana-i-el-noucentisme-de-puig-i-cadafalch\/\" \/>\n<meta property=\"og:locale\" content=\"ca_ES\" \/>\n<meta property=\"og:type\" content=\"article\" \/>\n<meta property=\"og:title\" content=\"La hist\u00f2ria secreta del teu edifici: Via Laietana i el Noucentisme de Puig i Cadafalch - JC Architect\" \/>\n<meta property=\"og:description\" content=\"Descobreix la hist\u00f2ria secreta del teu edifici a la Via Laietana: una joia noucentista de Puig i Cadafalch, des de fam\u00edlies burgeses fins a oficines modernes.\" \/>\n<meta property=\"og:url\" content=\"https:\/\/jcarchitect.com\/ca\/la-historia-secreta-del-teu-edifici-via-laietana-i-el-noucentisme-de-puig-i-cadafalch\/\" \/>\n<meta property=\"og:site_name\" content=\"JC Architect\" \/>\n<meta property=\"article:published_time\" content=\"2025-09-18T16:33:21+00:00\" \/>\n<meta property=\"og:image\" content=\"https:\/\/jcarchitect.com\/jcarchitect\/wp-content\/uploads\/Facade-Noucentista-en-Via-Laietana-853x1280.png\" \/>\n\t<meta property=\"og:image:width\" content=\"853\" \/>\n\t<meta property=\"og:image:height\" content=\"1280\" \/>\n\t<meta property=\"og:image:type\" content=\"image\/png\" \/>\n<meta name=\"author\" content=\"Jorge Camprecios\" \/>\n<meta name=\"twitter:card\" content=\"summary_large_image\" \/>\n<meta name=\"twitter:label1\" content=\"Escrit per\" \/>\n\t<meta name=\"twitter:data1\" content=\"Jorge Camprecios\" \/>\n\t<meta name=\"twitter:label2\" content=\"Temps estimat de lectura\" \/>\n\t<meta name=\"twitter:data2\" content=\"3 minuts\" \/>\n<script type=\"application\/ld+json\" class=\"yoast-schema-graph\">{\"@context\":\"https:\/\/schema.org\",\"@graph\":[{\"@type\":\"Article\",\"@id\":\"https:\/\/jcarchitect.com\/ca\/la-historia-secreta-del-teu-edifici-via-laietana-i-el-noucentisme-de-puig-i-cadafalch\/#article\",\"isPartOf\":{\"@id\":\"https:\/\/jcarchitect.com\/ca\/la-historia-secreta-del-teu-edifici-via-laietana-i-el-noucentisme-de-puig-i-cadafalch\/\"},\"author\":{\"name\":\"Jorge Camprecios\",\"@id\":\"https:\/\/jcarchitect.com\/ca\/#\/schema\/person\/20907e3bb26e939ac9590141e116d16b\"},\"headline\":\"La hist\u00f2ria secreta del teu edifici: Via Laietana i el Noucentisme de Puig i Cadafalch\",\"datePublished\":\"2025-09-18T16:33:21+00:00\",\"dateModified\":\"2025-09-18T16:33:21+00:00\",\"mainEntityOfPage\":{\"@id\":\"https:\/\/jcarchitect.com\/ca\/la-historia-secreta-del-teu-edifici-via-laietana-i-el-noucentisme-de-puig-i-cadafalch\/\"},\"wordCount\":521,\"publisher\":{\"@id\":\"https:\/\/jcarchitect.com\/ca\/#organization\"},\"image\":{\"@id\":\"https:\/\/jcarchitect.com\/ca\/la-historia-secreta-del-teu-edifici-via-laietana-i-el-noucentisme-de-puig-i-cadafalch\/#primaryimage\"},\"thumbnailUrl\":\"https:\/\/jcarchitect.com\/jcarchitect\/wp-content\/uploads\/Facade-Noucentista-en-Via-Laietana.png\",\"inLanguage\":\"ca\"},{\"@type\":\"WebPage\",\"@id\":\"https:\/\/jcarchitect.com\/ca\/la-historia-secreta-del-teu-edifici-via-laietana-i-el-noucentisme-de-puig-i-cadafalch\/\",\"url\":\"https:\/\/jcarchitect.com\/ca\/la-historia-secreta-del-teu-edifici-via-laietana-i-el-noucentisme-de-puig-i-cadafalch\/\",\"name\":\"La hist\u00f2ria secreta del teu edifici: Via Laietana i el Noucentisme de Puig i Cadafalch - JC Architect\",\"isPartOf\":{\"@id\":\"https:\/\/jcarchitect.com\/ca\/#website\"},\"primaryImageOfPage\":{\"@id\":\"https:\/\/jcarchitect.com\/ca\/la-historia-secreta-del-teu-edifici-via-laietana-i-el-noucentisme-de-puig-i-cadafalch\/#primaryimage\"},\"image\":{\"@id\":\"https:\/\/jcarchitect.com\/ca\/la-historia-secreta-del-teu-edifici-via-laietana-i-el-noucentisme-de-puig-i-cadafalch\/#primaryimage\"},\"thumbnailUrl\":\"https:\/\/jcarchitect.com\/jcarchitect\/wp-content\/uploads\/Facade-Noucentista-en-Via-Laietana.png\",\"datePublished\":\"2025-09-18T16:33:21+00:00\",\"dateModified\":\"2025-09-18T16:33:21+00:00\",\"description\":\"Descobreix la hist\u00f2ria secreta del teu edifici a la Via Laietana: una joia noucentista de Puig i Cadafalch, des de fam\u00edlies burgeses fins a oficines modernes.\",\"breadcrumb\":{\"@id\":\"https:\/\/jcarchitect.com\/ca\/la-historia-secreta-del-teu-edifici-via-laietana-i-el-noucentisme-de-puig-i-cadafalch\/#breadcrumb\"},\"inLanguage\":\"ca\",\"potentialAction\":[{\"@type\":\"ReadAction\",\"target\":[\"https:\/\/jcarchitect.com\/ca\/la-historia-secreta-del-teu-edifici-via-laietana-i-el-noucentisme-de-puig-i-cadafalch\/\"]}]},{\"@type\":\"ImageObject\",\"inLanguage\":\"ca\",\"@id\":\"https:\/\/jcarchitect.com\/ca\/la-historia-secreta-del-teu-edifici-via-laietana-i-el-noucentisme-de-puig-i-cadafalch\/#primaryimage\",\"url\":\"https:\/\/jcarchitect.com\/jcarchitect\/wp-content\/uploads\/Facade-Noucentista-en-Via-Laietana.png\",\"contentUrl\":\"https:\/\/jcarchitect.com\/jcarchitect\/wp-content\/uploads\/Facade-Noucentista-en-Via-Laietana.png\",\"width\":1024,\"height\":1536},{\"@type\":\"BreadcrumbList\",\"@id\":\"https:\/\/jcarchitect.com\/ca\/la-historia-secreta-del-teu-edifici-via-laietana-i-el-noucentisme-de-puig-i-cadafalch\/#breadcrumb\",\"itemListElement\":[{\"@type\":\"ListItem\",\"position\":1,\"name\":\"Home\",\"item\":\"https:\/\/jcarchitect.com\/ca\/\"},{\"@type\":\"ListItem\",\"position\":2,\"name\":\"La hist\u00f2ria secreta del teu edifici: Via Laietana i el Noucentisme de Puig i Cadafalch\"}]},{\"@type\":\"WebSite\",\"@id\":\"https:\/\/jcarchitect.com\/ca\/#website\",\"url\":\"https:\/\/jcarchitect.com\/ca\/\",\"name\":\"JC Architect\",\"description\":\"Real Estate consultancy Barcelona\",\"publisher\":{\"@id\":\"https:\/\/jcarchitect.com\/ca\/#organization\"},\"potentialAction\":[{\"@type\":\"SearchAction\",\"target\":{\"@type\":\"EntryPoint\",\"urlTemplate\":\"https:\/\/jcarchitect.com\/ca\/?s={search_term_string}\"},\"query-input\":\"required name=search_term_string\"}],\"inLanguage\":\"ca\"},{\"@type\":\"Organization\",\"@id\":\"https:\/\/jcarchitect.com\/ca\/#organization\",\"name\":\"JC Architect\",\"url\":\"https:\/\/jcarchitect.com\/ca\/\",\"logo\":{\"@type\":\"ImageObject\",\"inLanguage\":\"ca\",\"@id\":\"https:\/\/jcarchitect.com\/ca\/#\/schema\/logo\/image\/\",\"url\":\"https:\/\/jcarchitect.com\/jcarchitect\/wp-content\/uploads\/favicon-bg.png\",\"contentUrl\":\"https:\/\/jcarchitect.com\/jcarchitect\/wp-content\/uploads\/favicon-bg.png\",\"width\":144,\"height\":144,\"caption\":\"JC Architect\"},\"image\":{\"@id\":\"https:\/\/jcarchitect.com\/ca\/#\/schema\/logo\/image\/\"}},{\"@type\":\"Person\",\"@id\":\"https:\/\/jcarchitect.com\/ca\/#\/schema\/person\/20907e3bb26e939ac9590141e116d16b\",\"name\":\"Jorge Camprecios\",\"image\":{\"@type\":\"ImageObject\",\"inLanguage\":\"ca\",\"@id\":\"https:\/\/jcarchitect.com\/ca\/#\/schema\/person\/image\/\",\"url\":\"https:\/\/secure.gravatar.com\/avatar\/735d2ecd70608d792216ff82149b74fd?s=96&d=mm&r=g\",\"contentUrl\":\"https:\/\/secure.gravatar.com\/avatar\/735d2ecd70608d792216ff82149b74fd?s=96&d=mm&r=g\",\"caption\":\"Jorge Camprecios\"}}]}<\/script>\n<!-- \/ Yoast SEO plugin. -->","yoast_head_json":{"title":"La hist\u00f2ria secreta del teu edifici: Via Laietana i el Noucentisme de Puig i Cadafalch - JC Architect","description":"Descobreix la hist\u00f2ria secreta del teu edifici a la Via Laietana: una joia noucentista de Puig i Cadafalch, des de fam\u00edlies burgeses fins a oficines modernes.","robots":{"index":"index","follow":"follow","max-snippet":"max-snippet:-1","max-image-preview":"max-image-preview:large","max-video-preview":"max-video-preview:-1"},"canonical":"https:\/\/jcarchitect.com\/ca\/la-historia-secreta-del-teu-edifici-via-laietana-i-el-noucentisme-de-puig-i-cadafalch\/","og_locale":"ca_ES","og_type":"article","og_title":"La hist\u00f2ria secreta del teu edifici: Via Laietana i el Noucentisme de Puig i Cadafalch - JC Architect","og_description":"Descobreix la hist\u00f2ria secreta del teu edifici a la Via Laietana: una joia noucentista de Puig i Cadafalch, des de fam\u00edlies burgeses fins a oficines modernes.","og_url":"https:\/\/jcarchitect.com\/ca\/la-historia-secreta-del-teu-edifici-via-laietana-i-el-noucentisme-de-puig-i-cadafalch\/","og_site_name":"JC Architect","article_published_time":"2025-09-18T16:33:21+00:00","og_image":[{"width":853,"height":1280,"url":"https:\/\/jcarchitect.com\/jcarchitect\/wp-content\/uploads\/Facade-Noucentista-en-Via-Laietana-853x1280.png","type":"image\/png"}],"author":"Jorge Camprecios","twitter_card":"summary_large_image","twitter_misc":{"Escrit per":"Jorge Camprecios","Temps estimat de lectura":"3 minuts"},"schema":{"@context":"https:\/\/schema.org","@graph":[{"@type":"Article","@id":"https:\/\/jcarchitect.com\/ca\/la-historia-secreta-del-teu-edifici-via-laietana-i-el-noucentisme-de-puig-i-cadafalch\/#article","isPartOf":{"@id":"https:\/\/jcarchitect.com\/ca\/la-historia-secreta-del-teu-edifici-via-laietana-i-el-noucentisme-de-puig-i-cadafalch\/"},"author":{"name":"Jorge Camprecios","@id":"https:\/\/jcarchitect.com\/ca\/#\/schema\/person\/20907e3bb26e939ac9590141e116d16b"},"headline":"La hist\u00f2ria secreta del teu edifici: Via Laietana i el Noucentisme de Puig i Cadafalch","datePublished":"2025-09-18T16:33:21+00:00","dateModified":"2025-09-18T16:33:21+00:00","mainEntityOfPage":{"@id":"https:\/\/jcarchitect.com\/ca\/la-historia-secreta-del-teu-edifici-via-laietana-i-el-noucentisme-de-puig-i-cadafalch\/"},"wordCount":521,"publisher":{"@id":"https:\/\/jcarchitect.com\/ca\/#organization"},"image":{"@id":"https:\/\/jcarchitect.com\/ca\/la-historia-secreta-del-teu-edifici-via-laietana-i-el-noucentisme-de-puig-i-cadafalch\/#primaryimage"},"thumbnailUrl":"https:\/\/jcarchitect.com\/jcarchitect\/wp-content\/uploads\/Facade-Noucentista-en-Via-Laietana.png","inLanguage":"ca"},{"@type":"WebPage","@id":"https:\/\/jcarchitect.com\/ca\/la-historia-secreta-del-teu-edifici-via-laietana-i-el-noucentisme-de-puig-i-cadafalch\/","url":"https:\/\/jcarchitect.com\/ca\/la-historia-secreta-del-teu-edifici-via-laietana-i-el-noucentisme-de-puig-i-cadafalch\/","name":"La hist\u00f2ria secreta del teu edifici: Via Laietana i el Noucentisme de Puig i Cadafalch - JC Architect","isPartOf":{"@id":"https:\/\/jcarchitect.com\/ca\/#website"},"primaryImageOfPage":{"@id":"https:\/\/jcarchitect.com\/ca\/la-historia-secreta-del-teu-edifici-via-laietana-i-el-noucentisme-de-puig-i-cadafalch\/#primaryimage"},"image":{"@id":"https:\/\/jcarchitect.com\/ca\/la-historia-secreta-del-teu-edifici-via-laietana-i-el-noucentisme-de-puig-i-cadafalch\/#primaryimage"},"thumbnailUrl":"https:\/\/jcarchitect.com\/jcarchitect\/wp-content\/uploads\/Facade-Noucentista-en-Via-Laietana.png","datePublished":"2025-09-18T16:33:21+00:00","dateModified":"2025-09-18T16:33:21+00:00","description":"Descobreix la hist\u00f2ria secreta del teu edifici a la Via Laietana: una joia noucentista de Puig i Cadafalch, des de fam\u00edlies burgeses fins a oficines modernes.","breadcrumb":{"@id":"https:\/\/jcarchitect.com\/ca\/la-historia-secreta-del-teu-edifici-via-laietana-i-el-noucentisme-de-puig-i-cadafalch\/#breadcrumb"},"inLanguage":"ca","potentialAction":[{"@type":"ReadAction","target":["https:\/\/jcarchitect.com\/ca\/la-historia-secreta-del-teu-edifici-via-laietana-i-el-noucentisme-de-puig-i-cadafalch\/"]}]},{"@type":"ImageObject","inLanguage":"ca","@id":"https:\/\/jcarchitect.com\/ca\/la-historia-secreta-del-teu-edifici-via-laietana-i-el-noucentisme-de-puig-i-cadafalch\/#primaryimage","url":"https:\/\/jcarchitect.com\/jcarchitect\/wp-content\/uploads\/Facade-Noucentista-en-Via-Laietana.png","contentUrl":"https:\/\/jcarchitect.com\/jcarchitect\/wp-content\/uploads\/Facade-Noucentista-en-Via-Laietana.png","width":1024,"height":1536},{"@type":"BreadcrumbList","@id":"https:\/\/jcarchitect.com\/ca\/la-historia-secreta-del-teu-edifici-via-laietana-i-el-noucentisme-de-puig-i-cadafalch\/#breadcrumb","itemListElement":[{"@type":"ListItem","position":1,"name":"Home","item":"https:\/\/jcarchitect.com\/ca\/"},{"@type":"ListItem","position":2,"name":"La hist\u00f2ria secreta del teu edifici: Via Laietana i el Noucentisme de Puig i Cadafalch"}]},{"@type":"WebSite","@id":"https:\/\/jcarchitect.com\/ca\/#website","url":"https:\/\/jcarchitect.com\/ca\/","name":"JC Architect","description":"Real Estate consultancy Barcelona","publisher":{"@id":"https:\/\/jcarchitect.com\/ca\/#organization"},"potentialAction":[{"@type":"SearchAction","target":{"@type":"EntryPoint","urlTemplate":"https:\/\/jcarchitect.com\/ca\/?s={search_term_string}"},"query-input":"required name=search_term_string"}],"inLanguage":"ca"},{"@type":"Organization","@id":"https:\/\/jcarchitect.com\/ca\/#organization","name":"JC Architect","url":"https:\/\/jcarchitect.com\/ca\/","logo":{"@type":"ImageObject","inLanguage":"ca","@id":"https:\/\/jcarchitect.com\/ca\/#\/schema\/logo\/image\/","url":"https:\/\/jcarchitect.com\/jcarchitect\/wp-content\/uploads\/favicon-bg.png","contentUrl":"https:\/\/jcarchitect.com\/jcarchitect\/wp-content\/uploads\/favicon-bg.png","width":144,"height":144,"caption":"JC Architect"},"image":{"@id":"https:\/\/jcarchitect.com\/ca\/#\/schema\/logo\/image\/"}},{"@type":"Person","@id":"https:\/\/jcarchitect.com\/ca\/#\/schema\/person\/20907e3bb26e939ac9590141e116d16b","name":"Jorge Camprecios","image":{"@type":"ImageObject","inLanguage":"ca","@id":"https:\/\/jcarchitect.com\/ca\/#\/schema\/person\/image\/","url":"https:\/\/secure.gravatar.com\/avatar\/735d2ecd70608d792216ff82149b74fd?s=96&d=mm&r=g","contentUrl":"https:\/\/secure.gravatar.com\/avatar\/735d2ecd70608d792216ff82149b74fd?s=96&d=mm&r=g","caption":"Jorge Camprecios"}}]}},"_links":{"self":[{"href":"https:\/\/jcarchitect.com\/ca\/wp-json\/wp\/v2\/posts\/92300"}],"collection":[{"href":"https:\/\/jcarchitect.com\/ca\/wp-json\/wp\/v2\/posts"}],"about":[{"href":"https:\/\/jcarchitect.com\/ca\/wp-json\/wp\/v2\/types\/post"}],"author":[{"embeddable":true,"href":"https:\/\/jcarchitect.com\/ca\/wp-json\/wp\/v2\/users\/2"}],"replies":[{"embeddable":true,"href":"https:\/\/jcarchitect.com\/ca\/wp-json\/wp\/v2\/comments?post=92300"}],"version-history":[{"count":1,"href":"https:\/\/jcarchitect.com\/ca\/wp-json\/wp\/v2\/posts\/92300\/revisions"}],"predecessor-version":[{"id":92301,"href":"https:\/\/jcarchitect.com\/ca\/wp-json\/wp\/v2\/posts\/92300\/revisions\/92301"}],"wp:featuredmedia":[{"embeddable":true,"href":"https:\/\/jcarchitect.com\/ca\/wp-json\/wp\/v2\/media\/92292"}],"wp:attachment":[{"href":"https:\/\/jcarchitect.com\/ca\/wp-json\/wp\/v2\/media?parent=92300"}],"wp:term":[{"taxonomy":"category","embeddable":true,"href":"https:\/\/jcarchitect.com\/ca\/wp-json\/wp\/v2\/categories?post=92300"},{"taxonomy":"post_tag","embeddable":true,"href":"https:\/\/jcarchitect.com\/ca\/wp-json\/wp\/v2\/tags?post=92300"}],"curies":[{"name":"wp","href":"https:\/\/api.w.org\/{rel}","templated":true}]}}