{"id":85161,"date":"2025-02-10T16:06:33","date_gmt":"2025-02-10T15:06:33","guid":{"rendered":"https:\/\/jcarchitect.com\/?p=85161"},"modified":"2025-02-10T16:25:22","modified_gmt":"2025-02-10T15:25:22","slug":"barcelona-el-2025-innovacio-sostenibilitat-i-els-grans-canvis-que-ens-esperen","status":"publish","type":"post","link":"https:\/\/jcarchitect.com\/ca\/barcelona-el-2025-innovacio-sostenibilitat-i-els-grans-canvis-que-ens-esperen\/","title":{"rendered":"Barcelona el 2025: Innovaci\u00f3, Sostenibilitat i els Grans Canvis que Ens Esperen"},"content":{"rendered":"<h1><strong>Barcelona el 2025: Innovaci\u00f3, Sostenibilitat i els Grans Canvis que Ens Esperen<\/strong><\/h1>\n<p>Barcelona sempre ha estat una ciutat en constant evoluci\u00f3, per\u00f2 el 2025 els canvis s\u00f3n m\u00e9s evidents que mai. Des dels aven\u00e7os en mobilitat sostenible fins a l\u2019arribada de noves normatives urban\u00edstiques, la ciutat continua apostant per la innovaci\u00f3 sense perdre la seva ess\u00e8ncia mediterr\u00e0nia.<\/p>\n<p>Si vius a Barcelona o est\u00e0s pensant a invertir a la ciutat, aquests s\u00f3n els principals canvis i tend\u00e8ncies que marcaran el 2025.<\/p>\n<h2><strong>1. Mobilitat: Ad\u00e9u als Cotxes al Centre<\/strong><\/h2>\n<p>Barcelona ha intensificat la seva aposta per la mobilitat sostenible. El 2025, les noves restriccions de la <strong>Zona de Baixes Emissions (ZBE)<\/strong> s\u2019han endurit, reduint dr\u00e0sticament la pres\u00e8ncia de vehicles contaminants. A m\u00e9s, l\u2019Ajuntament ha continuat amb l\u2019expansi\u00f3 de les <strong>superilles<\/strong>, amb l\u2019objectiu de pacificar el tr\u00e0nsit a barris com l\u2019Eixample, Gr\u00e0cia i Sant Antoni.<\/p>\n<p>Les principals novetats en mobilitat inclouen:<\/p>\n<ul>\n<li><strong>Expansi\u00f3 dels carrils bici:<\/strong> S\u2019han afegit m\u00e9s de 30 km de noves rutes ciclistes a la ciutat.<\/li>\n<li><strong>M\u00e9s carrers per a vianants:<\/strong> Passeig de Gr\u00e0cia i Rambla Catalunya han vist restriccions de tr\u00e0nsit els caps de setmana.<\/li>\n<li><strong>Autobusos i taxis el\u00e8ctrics:<\/strong> El transport p\u00fablic ha fet un gir cap a l\u2019electrificaci\u00f3, amb una flota m\u00e9s ecol\u00f2gica.<\/li>\n<\/ul>\n<p>Els residents s\u2019enfronten a un canvi de mentalitat: cada cop \u00e9s m\u00e9s dif\u00edcil moure\u2019s en cotxe per la ciutat, cosa que ha impulsat la demanda d\u2019habitatges prop del transport p\u00fablic i dels carrils bici.<\/p>\n<h2><strong>2. La Intel\u00b7lig\u00e8ncia Artificial Transforma Barcelona<\/strong><\/h2>\n<p>La IA ja no \u00e9s nom\u00e9s una eina del futur, sin\u00f3 una realitat en la vida quotidiana de Barcelona. El 2025, la ciutat ha integrat la intel\u00b7lig\u00e8ncia artificial en m\u00faltiples aspectes:<\/p>\n<ul>\n<li><strong>Atenci\u00f3 ciutadana automatitzada:<\/strong> Xatbots i assistents virtuals agiliten els tr\u00e0mits municipals.<\/li>\n<li><strong>IA en seguretat i tr\u00e0nsit:<\/strong> C\u00e0meres intel\u00b7ligents i an\u00e0lisi de dades ajuden a reduir la congesti\u00f3 i millorar la seguretat als carrers.<\/li>\n<li><strong>Turisme personalitzat:<\/strong> Aplicacions amb IA ofereixen rutes adaptades als gustos i prefer\u00e8ncies de cada visitant.<\/li>\n<\/ul>\n<p>La implementaci\u00f3 de la intel\u00b7lig\u00e8ncia artificial ha generat debat. Mentre que alguns la veuen com un aven\u00e7 necessari, altres temen per la privacitat i la possible reducci\u00f3 d\u2019ocupaci\u00f3 en alguns sectors.<\/p>\n<h2><strong>3. Habitatge i Urbanisme: L\u2019Auge del Coliving i la Sostenibilitat<\/strong><\/h2>\n<p>El mercat immobiliari a Barcelona continua evolucionant. El 2025, dues tend\u00e8ncies han pres for\u00e7a:<\/p>\n<ul>\n<li><strong>Coliving i habitatges compartits:<\/strong> La dificultat per accedir a l\u2019habitatge ha impulsat models de vida flexibles, on els joves professionals opten per espais compartits amb serveis inclosos.<\/li>\n<li><strong>Edificis sostenibles:<\/strong> Les normatives europees han accelerat la construcci\u00f3 d\u2019edificis amb certificacions energ\u00e8tiques A++ i sistemes d\u2019energia renovable.<\/li>\n<\/ul>\n<p>A m\u00e9s, alguns barris com el Poblenou i la Zona Franca han viscut una transformaci\u00f3 amb l\u2019arribada de m\u00e9s espais de coworking i resid\u00e8ncies per a emprenedors.<\/p>\n<h2><strong>4. Barcelona, Capital dels Grans Esdeveniments el 2025<\/strong><\/h2>\n<p>Aquest any, Barcelona torna a ser l\u2019epicentre d\u2019esdeveniments internacionals de gran impacte:<\/p>\n<ul>\n<li><strong>Expo IA &amp; Innovaci\u00f3 2025:<\/strong> Una fira global sobre intel\u00b7lig\u00e8ncia artificial, amb pon\u00e8ncies d\u2019experts en tecnologia i startups disruptives.<\/li>\n<li><strong>Festival Grec i Primavera Sound:<\/strong> L\u2019oferta cultural de la ciutat segueix sent un referent mundial.<\/li>\n<li><a href=\"https:\/\/www.diariodesevilla.es\/tecnologia\/mobile-world-congress-2025-inteligencia-artificial_0_2003271754.html?utm_source=chatgpt.com\"><strong>El Mobile World Congress 2025 reflectir\u00e0 la cursa global per la intel\u00b7lig\u00e8ncia artificial:<\/strong><\/a> L'esdeveniment destacar\u00e0 la r\u00e0pida evoluci\u00f3 de la intel\u00b7lig\u00e8ncia artificial i el seu impacte en diverses ind\u00fastries.<\/li>\n<\/ul>\n<p>Aquests esdeveniments no nom\u00e9s generen turisme, sin\u00f3 que tamb\u00e9 impulsen l\u2019economia local, atraient inversors i professionals d\u2019arreu del m\u00f3n.<\/p>\n<h2><strong>Conclusi\u00f3: Un Any Clau per a la Transformaci\u00f3 de Barcelona<\/strong><\/h2>\n<p>El 2025 \u00e9s un any de canvis importants per a Barcelona. La sostenibilitat, la intel\u00b7lig\u00e8ncia artificial i els nous models de mobilitat estan redefinint la vida a la ciutat.<\/p>\n<p>Si vius a Barcelona o est\u00e0s pensant a mudar-t\u2019hi, aquests canvis poden influir en el teu dia a dia. Ser\u00e0 aquest l\u2019any en qu\u00e8 la ciutat es converteixi en un referent global d\u2019innovaci\u00f3 i sostenibilitat? Nom\u00e9s el temps ho dir\u00e0, per\u00f2 el que est\u00e0 clar \u00e9s que Barcelona segueix sent una ciutat en constant evoluci\u00f3.<\/p>\n","protected":false},"excerpt":{"rendered":"<p>Barcelona el 2025: Innovaci\u00f3, Sostenibilitat i els Grans Canvis que Ens Esperen Barcelona sempre ha estat una ciutat en constant evoluci\u00f3, per\u00f2 el 2025 els canvis s\u00f3n m\u00e9s evidents que mai. Des dels aven\u00e7os en mobilitat sostenible fins a l\u2019arribada de noves normatives urban\u00edstiques, la ciutat continua apostant per la innovaci\u00f3 sense perdre la seva [&hellip;]<\/p>\n","protected":false},"author":2,"featured_media":85154,"comment_status":"closed","ping_status":"closed","sticky":false,"template":"","format":"standard","meta":{"footnotes":""},"categories":[48],"tags":[],"yoast_head":"<!-- This site is optimized with the Yoast SEO plugin v22.6 - https:\/\/yoast.com\/wordpress\/plugins\/seo\/ -->\n<title>Barcelona el 2025: Innovaci\u00f3, Sostenibilitat i els Grans Canvis que Ens Esperen - JC Architect<\/title>\n<meta name=\"robots\" content=\"index, follow, max-snippet:-1, max-image-preview:large, max-video-preview:-1\" \/>\n<link rel=\"canonical\" href=\"https:\/\/jcarchitect.com\/ca\/barcelona-el-2025-innovacio-sostenibilitat-i-els-grans-canvis-que-ens-esperen\/\" \/>\n<meta property=\"og:locale\" content=\"ca_ES\" \/>\n<meta property=\"og:type\" content=\"article\" \/>\n<meta property=\"og:title\" content=\"Barcelona el 2025: Innovaci\u00f3, Sostenibilitat i els Grans Canvis que Ens Esperen - JC Architect\" \/>\n<meta property=\"og:description\" content=\"Barcelona el 2025: Innovaci\u00f3, Sostenibilitat i els Grans Canvis que Ens Esperen Barcelona sempre ha estat una ciutat en constant evoluci\u00f3, per\u00f2 el 2025 els canvis s\u00f3n m\u00e9s evidents que mai. Des dels aven\u00e7os en mobilitat sostenible fins a l\u2019arribada de noves normatives urban\u00edstiques, la ciutat continua apostant per la innovaci\u00f3 sense perdre la seva [&hellip;]\" \/>\n<meta property=\"og:url\" content=\"https:\/\/jcarchitect.com\/ca\/barcelona-el-2025-innovacio-sostenibilitat-i-els-grans-canvis-que-ens-esperen\/\" \/>\n<meta property=\"og:site_name\" content=\"JC Architect\" \/>\n<meta property=\"article:published_time\" content=\"2025-02-10T15:06:33+00:00\" \/>\n<meta property=\"article:modified_time\" content=\"2025-02-10T15:25:22+00:00\" \/>\n<meta property=\"og:image\" content=\"https:\/\/jcarchitect.com\/jcarchitect\/wp-content\/uploads\/barcelona-3901449_1280.jpg\" \/>\n\t<meta property=\"og:image:width\" content=\"1280\" \/>\n\t<meta property=\"og:image:height\" content=\"853\" \/>\n\t<meta property=\"og:image:type\" content=\"image\/jpeg\" \/>\n<meta name=\"author\" content=\"Jorge Camprecios\" \/>\n<meta name=\"twitter:card\" content=\"summary_large_image\" \/>\n<meta name=\"twitter:label1\" content=\"Escrit per\" \/>\n\t<meta name=\"twitter:data1\" content=\"Jorge Camprecios\" \/>\n\t<meta name=\"twitter:label2\" content=\"Temps estimat de lectura\" \/>\n\t<meta name=\"twitter:data2\" content=\"4 minuts\" \/>\n<script type=\"application\/ld+json\" class=\"yoast-schema-graph\">{\"@context\":\"https:\/\/schema.org\",\"@graph\":[{\"@type\":\"Article\",\"@id\":\"https:\/\/jcarchitect.com\/ca\/barcelona-el-2025-innovacio-sostenibilitat-i-els-grans-canvis-que-ens-esperen\/#article\",\"isPartOf\":{\"@id\":\"https:\/\/jcarchitect.com\/ca\/barcelona-el-2025-innovacio-sostenibilitat-i-els-grans-canvis-que-ens-esperen\/\"},\"author\":{\"name\":\"Jorge Camprecios\",\"@id\":\"https:\/\/jcarchitect.com\/ca\/#\/schema\/person\/20907e3bb26e939ac9590141e116d16b\"},\"headline\":\"Barcelona el 2025: Innovaci\u00f3, Sostenibilitat i els Grans Canvis que Ens Esperen\",\"datePublished\":\"2025-02-10T15:06:33+00:00\",\"dateModified\":\"2025-02-10T15:25:22+00:00\",\"mainEntityOfPage\":{\"@id\":\"https:\/\/jcarchitect.com\/ca\/barcelona-el-2025-innovacio-sostenibilitat-i-els-grans-canvis-que-ens-esperen\/\"},\"wordCount\":730,\"publisher\":{\"@id\":\"https:\/\/jcarchitect.com\/ca\/#organization\"},\"image\":{\"@id\":\"https:\/\/jcarchitect.com\/ca\/barcelona-el-2025-innovacio-sostenibilitat-i-els-grans-canvis-que-ens-esperen\/#primaryimage\"},\"thumbnailUrl\":\"https:\/\/jcarchitect.com\/jcarchitect\/wp-content\/uploads\/barcelona-3901449_1280.jpg\",\"inLanguage\":\"ca\"},{\"@type\":\"WebPage\",\"@id\":\"https:\/\/jcarchitect.com\/ca\/barcelona-el-2025-innovacio-sostenibilitat-i-els-grans-canvis-que-ens-esperen\/\",\"url\":\"https:\/\/jcarchitect.com\/ca\/barcelona-el-2025-innovacio-sostenibilitat-i-els-grans-canvis-que-ens-esperen\/\",\"name\":\"Barcelona el 2025: Innovaci\u00f3, Sostenibilitat i els Grans Canvis que Ens Esperen - JC Architect\",\"isPartOf\":{\"@id\":\"https:\/\/jcarchitect.com\/ca\/#website\"},\"primaryImageOfPage\":{\"@id\":\"https:\/\/jcarchitect.com\/ca\/barcelona-el-2025-innovacio-sostenibilitat-i-els-grans-canvis-que-ens-esperen\/#primaryimage\"},\"image\":{\"@id\":\"https:\/\/jcarchitect.com\/ca\/barcelona-el-2025-innovacio-sostenibilitat-i-els-grans-canvis-que-ens-esperen\/#primaryimage\"},\"thumbnailUrl\":\"https:\/\/jcarchitect.com\/jcarchitect\/wp-content\/uploads\/barcelona-3901449_1280.jpg\",\"datePublished\":\"2025-02-10T15:06:33+00:00\",\"dateModified\":\"2025-02-10T15:25:22+00:00\",\"breadcrumb\":{\"@id\":\"https:\/\/jcarchitect.com\/ca\/barcelona-el-2025-innovacio-sostenibilitat-i-els-grans-canvis-que-ens-esperen\/#breadcrumb\"},\"inLanguage\":\"ca\",\"potentialAction\":[{\"@type\":\"ReadAction\",\"target\":[\"https:\/\/jcarchitect.com\/ca\/barcelona-el-2025-innovacio-sostenibilitat-i-els-grans-canvis-que-ens-esperen\/\"]}]},{\"@type\":\"ImageObject\",\"inLanguage\":\"ca\",\"@id\":\"https:\/\/jcarchitect.com\/ca\/barcelona-el-2025-innovacio-sostenibilitat-i-els-grans-canvis-que-ens-esperen\/#primaryimage\",\"url\":\"https:\/\/jcarchitect.com\/jcarchitect\/wp-content\/uploads\/barcelona-3901449_1280.jpg\",\"contentUrl\":\"https:\/\/jcarchitect.com\/jcarchitect\/wp-content\/uploads\/barcelona-3901449_1280.jpg\",\"width\":1280,\"height\":853,\"caption\":\"barcelona\"},{\"@type\":\"BreadcrumbList\",\"@id\":\"https:\/\/jcarchitect.com\/ca\/barcelona-el-2025-innovacio-sostenibilitat-i-els-grans-canvis-que-ens-esperen\/#breadcrumb\",\"itemListElement\":[{\"@type\":\"ListItem\",\"position\":1,\"name\":\"Home\",\"item\":\"https:\/\/jcarchitect.com\/ca\/\"},{\"@type\":\"ListItem\",\"position\":2,\"name\":\"Barcelona el 2025: Innovaci\u00f3, Sostenibilitat i els Grans Canvis que Ens Esperen\"}]},{\"@type\":\"WebSite\",\"@id\":\"https:\/\/jcarchitect.com\/ca\/#website\",\"url\":\"https:\/\/jcarchitect.com\/ca\/\",\"name\":\"JC Architect\",\"description\":\"Real Estate consultancy Barcelona\",\"publisher\":{\"@id\":\"https:\/\/jcarchitect.com\/ca\/#organization\"},\"potentialAction\":[{\"@type\":\"SearchAction\",\"target\":{\"@type\":\"EntryPoint\",\"urlTemplate\":\"https:\/\/jcarchitect.com\/ca\/?s={search_term_string}\"},\"query-input\":\"required name=search_term_string\"}],\"inLanguage\":\"ca\"},{\"@type\":\"Organization\",\"@id\":\"https:\/\/jcarchitect.com\/ca\/#organization\",\"name\":\"JC Architect\",\"url\":\"https:\/\/jcarchitect.com\/ca\/\",\"logo\":{\"@type\":\"ImageObject\",\"inLanguage\":\"ca\",\"@id\":\"https:\/\/jcarchitect.com\/ca\/#\/schema\/logo\/image\/\",\"url\":\"https:\/\/jcarchitect.com\/jcarchitect\/wp-content\/uploads\/favicon-bg.png\",\"contentUrl\":\"https:\/\/jcarchitect.com\/jcarchitect\/wp-content\/uploads\/favicon-bg.png\",\"width\":144,\"height\":144,\"caption\":\"JC Architect\"},\"image\":{\"@id\":\"https:\/\/jcarchitect.com\/ca\/#\/schema\/logo\/image\/\"}},{\"@type\":\"Person\",\"@id\":\"https:\/\/jcarchitect.com\/ca\/#\/schema\/person\/20907e3bb26e939ac9590141e116d16b\",\"name\":\"Jorge Camprecios\",\"image\":{\"@type\":\"ImageObject\",\"inLanguage\":\"ca\",\"@id\":\"https:\/\/jcarchitect.com\/ca\/#\/schema\/person\/image\/\",\"url\":\"https:\/\/secure.gravatar.com\/avatar\/735d2ecd70608d792216ff82149b74fd?s=96&d=mm&r=g\",\"contentUrl\":\"https:\/\/secure.gravatar.com\/avatar\/735d2ecd70608d792216ff82149b74fd?s=96&d=mm&r=g\",\"caption\":\"Jorge Camprecios\"}}]}<\/script>\n<!-- \/ Yoast SEO plugin. -->","yoast_head_json":{"title":"Barcelona el 2025: Innovaci\u00f3, Sostenibilitat i els Grans Canvis que Ens Esperen - JC Architect","robots":{"index":"index","follow":"follow","max-snippet":"max-snippet:-1","max-image-preview":"max-image-preview:large","max-video-preview":"max-video-preview:-1"},"canonical":"https:\/\/jcarchitect.com\/ca\/barcelona-el-2025-innovacio-sostenibilitat-i-els-grans-canvis-que-ens-esperen\/","og_locale":"ca_ES","og_type":"article","og_title":"Barcelona el 2025: Innovaci\u00f3, Sostenibilitat i els Grans Canvis que Ens Esperen - JC Architect","og_description":"Barcelona el 2025: Innovaci\u00f3, Sostenibilitat i els Grans Canvis que Ens Esperen Barcelona sempre ha estat una ciutat en constant evoluci\u00f3, per\u00f2 el 2025 els canvis s\u00f3n m\u00e9s evidents que mai. Des dels aven\u00e7os en mobilitat sostenible fins a l\u2019arribada de noves normatives urban\u00edstiques, la ciutat continua apostant per la innovaci\u00f3 sense perdre la seva [&hellip;]","og_url":"https:\/\/jcarchitect.com\/ca\/barcelona-el-2025-innovacio-sostenibilitat-i-els-grans-canvis-que-ens-esperen\/","og_site_name":"JC Architect","article_published_time":"2025-02-10T15:06:33+00:00","article_modified_time":"2025-02-10T15:25:22+00:00","og_image":[{"width":1280,"height":853,"url":"https:\/\/jcarchitect.com\/jcarchitect\/wp-content\/uploads\/barcelona-3901449_1280.jpg","type":"image\/jpeg"}],"author":"Jorge Camprecios","twitter_card":"summary_large_image","twitter_misc":{"Escrit per":"Jorge Camprecios","Temps estimat de lectura":"4 minuts"},"schema":{"@context":"https:\/\/schema.org","@graph":[{"@type":"Article","@id":"https:\/\/jcarchitect.com\/ca\/barcelona-el-2025-innovacio-sostenibilitat-i-els-grans-canvis-que-ens-esperen\/#article","isPartOf":{"@id":"https:\/\/jcarchitect.com\/ca\/barcelona-el-2025-innovacio-sostenibilitat-i-els-grans-canvis-que-ens-esperen\/"},"author":{"name":"Jorge Camprecios","@id":"https:\/\/jcarchitect.com\/ca\/#\/schema\/person\/20907e3bb26e939ac9590141e116d16b"},"headline":"Barcelona el 2025: Innovaci\u00f3, Sostenibilitat i els Grans Canvis que Ens Esperen","datePublished":"2025-02-10T15:06:33+00:00","dateModified":"2025-02-10T15:25:22+00:00","mainEntityOfPage":{"@id":"https:\/\/jcarchitect.com\/ca\/barcelona-el-2025-innovacio-sostenibilitat-i-els-grans-canvis-que-ens-esperen\/"},"wordCount":730,"publisher":{"@id":"https:\/\/jcarchitect.com\/ca\/#organization"},"image":{"@id":"https:\/\/jcarchitect.com\/ca\/barcelona-el-2025-innovacio-sostenibilitat-i-els-grans-canvis-que-ens-esperen\/#primaryimage"},"thumbnailUrl":"https:\/\/jcarchitect.com\/jcarchitect\/wp-content\/uploads\/barcelona-3901449_1280.jpg","inLanguage":"ca"},{"@type":"WebPage","@id":"https:\/\/jcarchitect.com\/ca\/barcelona-el-2025-innovacio-sostenibilitat-i-els-grans-canvis-que-ens-esperen\/","url":"https:\/\/jcarchitect.com\/ca\/barcelona-el-2025-innovacio-sostenibilitat-i-els-grans-canvis-que-ens-esperen\/","name":"Barcelona el 2025: Innovaci\u00f3, Sostenibilitat i els Grans Canvis que Ens Esperen - JC Architect","isPartOf":{"@id":"https:\/\/jcarchitect.com\/ca\/#website"},"primaryImageOfPage":{"@id":"https:\/\/jcarchitect.com\/ca\/barcelona-el-2025-innovacio-sostenibilitat-i-els-grans-canvis-que-ens-esperen\/#primaryimage"},"image":{"@id":"https:\/\/jcarchitect.com\/ca\/barcelona-el-2025-innovacio-sostenibilitat-i-els-grans-canvis-que-ens-esperen\/#primaryimage"},"thumbnailUrl":"https:\/\/jcarchitect.com\/jcarchitect\/wp-content\/uploads\/barcelona-3901449_1280.jpg","datePublished":"2025-02-10T15:06:33+00:00","dateModified":"2025-02-10T15:25:22+00:00","breadcrumb":{"@id":"https:\/\/jcarchitect.com\/ca\/barcelona-el-2025-innovacio-sostenibilitat-i-els-grans-canvis-que-ens-esperen\/#breadcrumb"},"inLanguage":"ca","potentialAction":[{"@type":"ReadAction","target":["https:\/\/jcarchitect.com\/ca\/barcelona-el-2025-innovacio-sostenibilitat-i-els-grans-canvis-que-ens-esperen\/"]}]},{"@type":"ImageObject","inLanguage":"ca","@id":"https:\/\/jcarchitect.com\/ca\/barcelona-el-2025-innovacio-sostenibilitat-i-els-grans-canvis-que-ens-esperen\/#primaryimage","url":"https:\/\/jcarchitect.com\/jcarchitect\/wp-content\/uploads\/barcelona-3901449_1280.jpg","contentUrl":"https:\/\/jcarchitect.com\/jcarchitect\/wp-content\/uploads\/barcelona-3901449_1280.jpg","width":1280,"height":853,"caption":"barcelona"},{"@type":"BreadcrumbList","@id":"https:\/\/jcarchitect.com\/ca\/barcelona-el-2025-innovacio-sostenibilitat-i-els-grans-canvis-que-ens-esperen\/#breadcrumb","itemListElement":[{"@type":"ListItem","position":1,"name":"Home","item":"https:\/\/jcarchitect.com\/ca\/"},{"@type":"ListItem","position":2,"name":"Barcelona el 2025: Innovaci\u00f3, Sostenibilitat i els Grans Canvis que Ens Esperen"}]},{"@type":"WebSite","@id":"https:\/\/jcarchitect.com\/ca\/#website","url":"https:\/\/jcarchitect.com\/ca\/","name":"JC Architect","description":"Real Estate consultancy Barcelona","publisher":{"@id":"https:\/\/jcarchitect.com\/ca\/#organization"},"potentialAction":[{"@type":"SearchAction","target":{"@type":"EntryPoint","urlTemplate":"https:\/\/jcarchitect.com\/ca\/?s={search_term_string}"},"query-input":"required name=search_term_string"}],"inLanguage":"ca"},{"@type":"Organization","@id":"https:\/\/jcarchitect.com\/ca\/#organization","name":"JC Architect","url":"https:\/\/jcarchitect.com\/ca\/","logo":{"@type":"ImageObject","inLanguage":"ca","@id":"https:\/\/jcarchitect.com\/ca\/#\/schema\/logo\/image\/","url":"https:\/\/jcarchitect.com\/jcarchitect\/wp-content\/uploads\/favicon-bg.png","contentUrl":"https:\/\/jcarchitect.com\/jcarchitect\/wp-content\/uploads\/favicon-bg.png","width":144,"height":144,"caption":"JC Architect"},"image":{"@id":"https:\/\/jcarchitect.com\/ca\/#\/schema\/logo\/image\/"}},{"@type":"Person","@id":"https:\/\/jcarchitect.com\/ca\/#\/schema\/person\/20907e3bb26e939ac9590141e116d16b","name":"Jorge Camprecios","image":{"@type":"ImageObject","inLanguage":"ca","@id":"https:\/\/jcarchitect.com\/ca\/#\/schema\/person\/image\/","url":"https:\/\/secure.gravatar.com\/avatar\/735d2ecd70608d792216ff82149b74fd?s=96&d=mm&r=g","contentUrl":"https:\/\/secure.gravatar.com\/avatar\/735d2ecd70608d792216ff82149b74fd?s=96&d=mm&r=g","caption":"Jorge Camprecios"}}]}},"_links":{"self":[{"href":"https:\/\/jcarchitect.com\/ca\/wp-json\/wp\/v2\/posts\/85161"}],"collection":[{"href":"https:\/\/jcarchitect.com\/ca\/wp-json\/wp\/v2\/posts"}],"about":[{"href":"https:\/\/jcarchitect.com\/ca\/wp-json\/wp\/v2\/types\/post"}],"author":[{"embeddable":true,"href":"https:\/\/jcarchitect.com\/ca\/wp-json\/wp\/v2\/users\/2"}],"replies":[{"embeddable":true,"href":"https:\/\/jcarchitect.com\/ca\/wp-json\/wp\/v2\/comments?post=85161"}],"version-history":[{"count":3,"href":"https:\/\/jcarchitect.com\/ca\/wp-json\/wp\/v2\/posts\/85161\/revisions"}],"predecessor-version":[{"id":85174,"href":"https:\/\/jcarchitect.com\/ca\/wp-json\/wp\/v2\/posts\/85161\/revisions\/85174"}],"wp:featuredmedia":[{"embeddable":true,"href":"https:\/\/jcarchitect.com\/ca\/wp-json\/wp\/v2\/media\/85154"}],"wp:attachment":[{"href":"https:\/\/jcarchitect.com\/ca\/wp-json\/wp\/v2\/media?parent=85161"}],"wp:term":[{"taxonomy":"category","embeddable":true,"href":"https:\/\/jcarchitect.com\/ca\/wp-json\/wp\/v2\/categories?post=85161"},{"taxonomy":"post_tag","embeddable":true,"href":"https:\/\/jcarchitect.com\/ca\/wp-json\/wp\/v2\/tags?post=85161"}],"curies":[{"name":"wp","href":"https:\/\/api.w.org\/{rel}","templated":true}]}}