{"id":82064,"date":"2024-11-11T14:25:07","date_gmt":"2024-11-11T13:25:07","guid":{"rendered":"https:\/\/jcarchitect.com\/?p=82064"},"modified":"2024-11-11T14:25:07","modified_gmt":"2024-11-11T13:25:07","slug":"arquitectura-sensible-dissenyant-espais-que-expliquen-histories","status":"publish","type":"post","link":"https:\/\/jcarchitect.com\/ca\/arquitectura-sensible-dissenyant-espais-que-expliquen-histories\/","title":{"rendered":"Arquitectura Sensible: Dissenyant Espais que Expliquen Hist\u00f2ries"},"content":{"rendered":"<h2><strong>Arquitectura Sensible: Dissenyant Espais que Expliquen Hist\u00f2ries<\/strong><\/h2>\n<p>L'arquitectura no tracta nom\u00e9s de materials, estructures o pl\u00e0nols. Per damunt de tot, \u00e9s una disciplina profundament connectada amb les emocions, les percepcions i les hist\u00f2ries que volem explicar a trav\u00e9s dels espais. Cada projecte t\u00e9 el seu propi ritme, el seu propi xiuxiueig, teixit al llarg del temps i amb les experi\u00e8ncies de qui els habita. \u00c9s com una obra d\u2019art que cobra vida, adaptant-se als moviments de les persones, al fluir de la llum i als canvis de les estacions.<\/p>\n<p>A <a href=\"https:\/\/jcarchitect.com\/\"><em>JC Architect<\/em><\/a>, creiem que l'arquitectura t\u00e9 el poder de transformar no nom\u00e9s els espais, sin\u00f3 tamb\u00e9 la vida de les persones que hi viuen. Cada disseny comen\u00e7a amb una conversa, no nom\u00e9s amb el client, sin\u00f3 tamb\u00e9 amb l\u2019espai mateix. Aquest \"di\u00e0leg\" guia cada elecci\u00f3, des dels materials que utilitzem fins a l'orientaci\u00f3 de les finestres, per tal que el lloc sigui m\u00e9s que funcional\u2014sigui inspirador.<\/p>\n<h3><strong><a href=\"https:\/\/jcarchitect.com\/es\/project\/una-casa-de-vistas-increibles-en-barcelona\/\" target=\"_new\" rel=\"noopener\">Una Casa amb Vistes Incre\u00efbles a Barcelona: Fusionant Interior i Exterior<\/a><\/strong><\/h3>\n<p>Aquest projecte va ser una oportunitat per connectar l'interior amb l'entorn. Situada en una ubicaci\u00f3 privilegiada, la casa ofereix unes vistes impressionants de Barcelona i el mar Mediterrani. L\u2019estructura i el disseny d\u2019interiors estan orientats a maximitzar aquestes vistes, amb grans finestrals que permeten que la llum i el paisatge omplin cada rac\u00f3 de l\u2019espai. Els materials i els acabats es van escollir per complementar l'entorn natural i crear una atmosfera que convida a la tranquil\u00b7litat, permetent que el paisatge esdevingui una extensi\u00f3 natural de la vida di\u00e0ria.<\/p>\n<h3><strong><a href=\"https:\/\/jcarchitect.com\/project\/rehabilitation-of-house-in-ruins-in-the-pyrenees\/\" target=\"_new\" rel=\"noopener\">Rehabilitaci\u00f3 d\u2019una Casa en Ru\u00efnes als Pirineus: Revivint la Mem\u00f2ria<\/a><\/strong><\/h3>\n<p>Treballar en la rehabilitaci\u00f3 d\u2019una casa en ru\u00efnes als Pirineus va ser un viatge per revifar la mem\u00f2ria del lloc. Preservar l\u2019estructura original i utilitzar pedra i fusta local van ser maneres de connectar la hist\u00f2ria amb la modernitat. Cada rac\u00f3 i cada element expliquen una hist\u00f2ria antiga que ara es transforma en un refugi modern enmig de la natura. Aquesta barreja de r\u00fastic i modern crea un espai on l\u2019autenticitat i la bellesa natural s\u00f3n protagonistes.<\/p>\n<h3><strong><a href=\"https:\/\/jcarchitect.com\/project\/notary-inbarcelona\/\" target=\"_new\" rel=\"noopener\">Notaria a Barcelona: Formalitat amb Calidesa<\/a><\/strong><\/h3>\n<p>Per al projecte de la Notaria a Barcelona, l\u2019objectiu era crear un espai que transmet\u00e9s tant professionalitat com comoditat. Mitjan\u00e7ant una distribuci\u00f3 estrat\u00e8gica i l'\u00fas de materials nobles com la fusta i el marbre, vam aconseguir que l\u2019espai no nom\u00e9s serv\u00eds com a entorn de treball, sin\u00f3 que tamb\u00e9 se sent\u00eds acollidor. En aquest projecte, l'arquitectura i el disseny d'interiors convergeixen per oferir un ambient en el qual la formalitat es suavitza i es fa propera, portant confort tant als clients com als treballadors.<\/p>\n<h3><strong><a href=\"https:\/\/jcarchitect.com\/project\/retrome-hotel\/\" target=\"_new\" rel=\"noopener\">Retrome Hotel: Un Tribut a la Nost\u00e0lgia<\/a><\/strong><\/h3>\n<p>El <em>Retrome Hotel<\/em> \u00e9s una reinterpretaci\u00f3 moderna d\u2019un estil retro, pensada per transportar els seus hostes als anys 60 i 70 sense perdre les comoditats actuals. Cada habitaci\u00f3 compta amb detalls i patrons que evoquen una altra \u00e8poca, convidant els visitants a viure una experi\u00e8ncia diferent a Barcelona. El disseny, ple de colors vibrants i textures nost\u00e0lgiques, barreja elements vintage amb confort contemporani, creant una atmosfera \u00fanica i envoltant.<\/p>\n<h3><strong>L\u2019Arquitectura com a Experi\u00e8ncia Sensorial<\/strong><\/h3>\n<p>Cada projecte \u00e9s una oportunitat per experimentar l\u2019arquitectura de manera sensorial. Els detalls que semblen insignificants, com la textura d'una paret o la temperatura d'un s\u00f2l de pedra, tenen el poder d\u2019impactar profundament la nostra percepci\u00f3 de l\u2019espai. Per a nosaltres, cada projecte \u00e9s una experi\u00e8ncia on cada element, des de la forma fins al color, t\u00e9 un prop\u00f2sit m\u00e9s enll\u00e0 de la funcionalitat: crear un lloc que t\u2019envolti, que t\u2019inspiri i que et faci sentir com a casa.<\/p>\n<p>A <em>JC Architect<\/em>, no constru\u00efm nom\u00e9s edificis; dissenyem hist\u00f2ries que hi habiten. Ens emociona pensar que cada espai creat porta amb ell una part de la nostra visi\u00f3 i, al mateix temps, esdev\u00e9 l'escenari de les vides de qui l'habiten. Aquest \u00e9s el veritable prop\u00f2sit de l'arquitectura: no nom\u00e9s projectar, sin\u00f3 transformar la manera en qu\u00e8 vivim.<\/p>\n","protected":false},"excerpt":{"rendered":"<p>Arquitectura Sensible: Dissenyant Espais que Expliquen Hist\u00f2ries L'arquitectura no tracta nom\u00e9s de materials, estructures o pl\u00e0nols. Per damunt de tot, \u00e9s una disciplina profundament connectada amb les emocions, les percepcions i les hist\u00f2ries que volem explicar a trav\u00e9s dels espais. Cada projecte t\u00e9 el seu propi ritme, el seu propi xiuxiueig, teixit al llarg del [&hellip;]<\/p>\n","protected":false},"author":2,"featured_media":82079,"comment_status":"closed","ping_status":"closed","sticky":false,"template":"","format":"standard","meta":{"footnotes":""},"categories":[48],"tags":[],"yoast_head":"<!-- This site is optimized with the Yoast SEO plugin v22.6 - https:\/\/yoast.com\/wordpress\/plugins\/seo\/ -->\n<title>Arquitectura Sensible: Dissenyant Espais que Expliquen Hist\u00f2ries - JC Architect<\/title>\n<meta name=\"robots\" content=\"index, follow, max-snippet:-1, max-image-preview:large, max-video-preview:-1\" \/>\n<link rel=\"canonical\" href=\"https:\/\/jcarchitect.com\/ca\/arquitectura-sensible-dissenyant-espais-que-expliquen-histories\/\" \/>\n<meta property=\"og:locale\" content=\"ca_ES\" \/>\n<meta property=\"og:type\" content=\"article\" \/>\n<meta property=\"og:title\" content=\"Arquitectura Sensible: Dissenyant Espais que Expliquen Hist\u00f2ries - JC Architect\" \/>\n<meta property=\"og:description\" content=\"Arquitectura Sensible: Dissenyant Espais que Expliquen Hist\u00f2ries L&#039;arquitectura no tracta nom\u00e9s de materials, estructures o pl\u00e0nols. Per damunt de tot, \u00e9s una disciplina profundament connectada amb les emocions, les percepcions i les hist\u00f2ries que volem explicar a trav\u00e9s dels espais. Cada projecte t\u00e9 el seu propi ritme, el seu propi xiuxiueig, teixit al llarg del [&hellip;]\" \/>\n<meta property=\"og:url\" content=\"https:\/\/jcarchitect.com\/ca\/arquitectura-sensible-dissenyant-espais-que-expliquen-histories\/\" \/>\n<meta property=\"og:site_name\" content=\"JC Architect\" \/>\n<meta property=\"article:published_time\" content=\"2024-11-11T13:25:07+00:00\" \/>\n<meta property=\"og:image\" content=\"https:\/\/jcarchitect.com\/jcarchitect\/wp-content\/uploads\/3e16a1ba-23fc-450e-bcf8-35d166f9264a.jpg-scaled.webp\" \/>\n\t<meta property=\"og:image:width\" content=\"2560\" \/>\n\t<meta property=\"og:image:height\" content=\"1430\" \/>\n\t<meta property=\"og:image:type\" content=\"image\/webp\" \/>\n<meta name=\"author\" content=\"Jorge Camprecios\" \/>\n<meta name=\"twitter:card\" content=\"summary_large_image\" \/>\n<meta name=\"twitter:label1\" content=\"Escrit per\" \/>\n\t<meta name=\"twitter:data1\" content=\"Jorge Camprecios\" \/>\n\t<meta name=\"twitter:label2\" content=\"Temps estimat de lectura\" \/>\n\t<meta name=\"twitter:data2\" content=\"4 minuts\" \/>\n<script type=\"application\/ld+json\" class=\"yoast-schema-graph\">{\"@context\":\"https:\/\/schema.org\",\"@graph\":[{\"@type\":\"Article\",\"@id\":\"https:\/\/jcarchitect.com\/ca\/arquitectura-sensible-dissenyant-espais-que-expliquen-histories\/#article\",\"isPartOf\":{\"@id\":\"https:\/\/jcarchitect.com\/ca\/arquitectura-sensible-dissenyant-espais-que-expliquen-histories\/\"},\"author\":{\"name\":\"Jorge Camprecios\",\"@id\":\"https:\/\/jcarchitect.com\/ca\/#\/schema\/person\/20907e3bb26e939ac9590141e116d16b\"},\"headline\":\"Arquitectura Sensible: Dissenyant Espais que Expliquen Hist\u00f2ries\",\"datePublished\":\"2024-11-11T13:25:07+00:00\",\"dateModified\":\"2024-11-11T13:25:07+00:00\",\"mainEntityOfPage\":{\"@id\":\"https:\/\/jcarchitect.com\/ca\/arquitectura-sensible-dissenyant-espais-que-expliquen-histories\/\"},\"wordCount\":729,\"publisher\":{\"@id\":\"https:\/\/jcarchitect.com\/ca\/#organization\"},\"image\":{\"@id\":\"https:\/\/jcarchitect.com\/ca\/arquitectura-sensible-dissenyant-espais-que-expliquen-histories\/#primaryimage\"},\"thumbnailUrl\":\"https:\/\/jcarchitect.com\/jcarchitect\/wp-content\/uploads\/3e16a1ba-23fc-450e-bcf8-35d166f9264a.jpg-scaled.webp\",\"inLanguage\":\"ca\"},{\"@type\":\"WebPage\",\"@id\":\"https:\/\/jcarchitect.com\/ca\/arquitectura-sensible-dissenyant-espais-que-expliquen-histories\/\",\"url\":\"https:\/\/jcarchitect.com\/ca\/arquitectura-sensible-dissenyant-espais-que-expliquen-histories\/\",\"name\":\"Arquitectura Sensible: Dissenyant Espais que Expliquen Hist\u00f2ries - JC Architect\",\"isPartOf\":{\"@id\":\"https:\/\/jcarchitect.com\/ca\/#website\"},\"primaryImageOfPage\":{\"@id\":\"https:\/\/jcarchitect.com\/ca\/arquitectura-sensible-dissenyant-espais-que-expliquen-histories\/#primaryimage\"},\"image\":{\"@id\":\"https:\/\/jcarchitect.com\/ca\/arquitectura-sensible-dissenyant-espais-que-expliquen-histories\/#primaryimage\"},\"thumbnailUrl\":\"https:\/\/jcarchitect.com\/jcarchitect\/wp-content\/uploads\/3e16a1ba-23fc-450e-bcf8-35d166f9264a.jpg-scaled.webp\",\"datePublished\":\"2024-11-11T13:25:07+00:00\",\"dateModified\":\"2024-11-11T13:25:07+00:00\",\"breadcrumb\":{\"@id\":\"https:\/\/jcarchitect.com\/ca\/arquitectura-sensible-dissenyant-espais-que-expliquen-histories\/#breadcrumb\"},\"inLanguage\":\"ca\",\"potentialAction\":[{\"@type\":\"ReadAction\",\"target\":[\"https:\/\/jcarchitect.com\/ca\/arquitectura-sensible-dissenyant-espais-que-expliquen-histories\/\"]}]},{\"@type\":\"ImageObject\",\"inLanguage\":\"ca\",\"@id\":\"https:\/\/jcarchitect.com\/ca\/arquitectura-sensible-dissenyant-espais-que-expliquen-histories\/#primaryimage\",\"url\":\"https:\/\/jcarchitect.com\/jcarchitect\/wp-content\/uploads\/3e16a1ba-23fc-450e-bcf8-35d166f9264a.jpg-scaled.webp\",\"contentUrl\":\"https:\/\/jcarchitect.com\/jcarchitect\/wp-content\/uploads\/3e16a1ba-23fc-450e-bcf8-35d166f9264a.jpg-scaled.webp\",\"width\":2560,\"height\":1430,\"caption\":\"ARQUITECTURA SENSIBLE\"},{\"@type\":\"BreadcrumbList\",\"@id\":\"https:\/\/jcarchitect.com\/ca\/arquitectura-sensible-dissenyant-espais-que-expliquen-histories\/#breadcrumb\",\"itemListElement\":[{\"@type\":\"ListItem\",\"position\":1,\"name\":\"Home\",\"item\":\"https:\/\/jcarchitect.com\/ca\/\"},{\"@type\":\"ListItem\",\"position\":2,\"name\":\"Arquitectura Sensible: Dissenyant Espais que Expliquen Hist\u00f2ries\"}]},{\"@type\":\"WebSite\",\"@id\":\"https:\/\/jcarchitect.com\/ca\/#website\",\"url\":\"https:\/\/jcarchitect.com\/ca\/\",\"name\":\"JC Architect\",\"description\":\"Real Estate consultancy Barcelona\",\"publisher\":{\"@id\":\"https:\/\/jcarchitect.com\/ca\/#organization\"},\"potentialAction\":[{\"@type\":\"SearchAction\",\"target\":{\"@type\":\"EntryPoint\",\"urlTemplate\":\"https:\/\/jcarchitect.com\/ca\/?s={search_term_string}\"},\"query-input\":\"required name=search_term_string\"}],\"inLanguage\":\"ca\"},{\"@type\":\"Organization\",\"@id\":\"https:\/\/jcarchitect.com\/ca\/#organization\",\"name\":\"JC Architect\",\"url\":\"https:\/\/jcarchitect.com\/ca\/\",\"logo\":{\"@type\":\"ImageObject\",\"inLanguage\":\"ca\",\"@id\":\"https:\/\/jcarchitect.com\/ca\/#\/schema\/logo\/image\/\",\"url\":\"https:\/\/jcarchitect.com\/jcarchitect\/wp-content\/uploads\/favicon-bg.png\",\"contentUrl\":\"https:\/\/jcarchitect.com\/jcarchitect\/wp-content\/uploads\/favicon-bg.png\",\"width\":144,\"height\":144,\"caption\":\"JC Architect\"},\"image\":{\"@id\":\"https:\/\/jcarchitect.com\/ca\/#\/schema\/logo\/image\/\"}},{\"@type\":\"Person\",\"@id\":\"https:\/\/jcarchitect.com\/ca\/#\/schema\/person\/20907e3bb26e939ac9590141e116d16b\",\"name\":\"Jorge Camprecios\",\"image\":{\"@type\":\"ImageObject\",\"inLanguage\":\"ca\",\"@id\":\"https:\/\/jcarchitect.com\/ca\/#\/schema\/person\/image\/\",\"url\":\"https:\/\/secure.gravatar.com\/avatar\/735d2ecd70608d792216ff82149b74fd?s=96&d=mm&r=g\",\"contentUrl\":\"https:\/\/secure.gravatar.com\/avatar\/735d2ecd70608d792216ff82149b74fd?s=96&d=mm&r=g\",\"caption\":\"Jorge Camprecios\"}}]}<\/script>\n<!-- \/ Yoast SEO plugin. -->","yoast_head_json":{"title":"Arquitectura Sensible: Dissenyant Espais que Expliquen Hist\u00f2ries - JC Architect","robots":{"index":"index","follow":"follow","max-snippet":"max-snippet:-1","max-image-preview":"max-image-preview:large","max-video-preview":"max-video-preview:-1"},"canonical":"https:\/\/jcarchitect.com\/ca\/arquitectura-sensible-dissenyant-espais-que-expliquen-histories\/","og_locale":"ca_ES","og_type":"article","og_title":"Arquitectura Sensible: Dissenyant Espais que Expliquen Hist\u00f2ries - JC Architect","og_description":"Arquitectura Sensible: Dissenyant Espais que Expliquen Hist\u00f2ries L'arquitectura no tracta nom\u00e9s de materials, estructures o pl\u00e0nols. Per damunt de tot, \u00e9s una disciplina profundament connectada amb les emocions, les percepcions i les hist\u00f2ries que volem explicar a trav\u00e9s dels espais. Cada projecte t\u00e9 el seu propi ritme, el seu propi xiuxiueig, teixit al llarg del [&hellip;]","og_url":"https:\/\/jcarchitect.com\/ca\/arquitectura-sensible-dissenyant-espais-que-expliquen-histories\/","og_site_name":"JC Architect","article_published_time":"2024-11-11T13:25:07+00:00","og_image":[{"width":2560,"height":1430,"url":"https:\/\/jcarchitect.com\/jcarchitect\/wp-content\/uploads\/3e16a1ba-23fc-450e-bcf8-35d166f9264a.jpg-scaled.webp","type":"image\/webp"}],"author":"Jorge Camprecios","twitter_card":"summary_large_image","twitter_misc":{"Escrit per":"Jorge Camprecios","Temps estimat de lectura":"4 minuts"},"schema":{"@context":"https:\/\/schema.org","@graph":[{"@type":"Article","@id":"https:\/\/jcarchitect.com\/ca\/arquitectura-sensible-dissenyant-espais-que-expliquen-histories\/#article","isPartOf":{"@id":"https:\/\/jcarchitect.com\/ca\/arquitectura-sensible-dissenyant-espais-que-expliquen-histories\/"},"author":{"name":"Jorge Camprecios","@id":"https:\/\/jcarchitect.com\/ca\/#\/schema\/person\/20907e3bb26e939ac9590141e116d16b"},"headline":"Arquitectura Sensible: Dissenyant Espais que Expliquen Hist\u00f2ries","datePublished":"2024-11-11T13:25:07+00:00","dateModified":"2024-11-11T13:25:07+00:00","mainEntityOfPage":{"@id":"https:\/\/jcarchitect.com\/ca\/arquitectura-sensible-dissenyant-espais-que-expliquen-histories\/"},"wordCount":729,"publisher":{"@id":"https:\/\/jcarchitect.com\/ca\/#organization"},"image":{"@id":"https:\/\/jcarchitect.com\/ca\/arquitectura-sensible-dissenyant-espais-que-expliquen-histories\/#primaryimage"},"thumbnailUrl":"https:\/\/jcarchitect.com\/jcarchitect\/wp-content\/uploads\/3e16a1ba-23fc-450e-bcf8-35d166f9264a.jpg-scaled.webp","inLanguage":"ca"},{"@type":"WebPage","@id":"https:\/\/jcarchitect.com\/ca\/arquitectura-sensible-dissenyant-espais-que-expliquen-histories\/","url":"https:\/\/jcarchitect.com\/ca\/arquitectura-sensible-dissenyant-espais-que-expliquen-histories\/","name":"Arquitectura Sensible: Dissenyant Espais que Expliquen Hist\u00f2ries - JC Architect","isPartOf":{"@id":"https:\/\/jcarchitect.com\/ca\/#website"},"primaryImageOfPage":{"@id":"https:\/\/jcarchitect.com\/ca\/arquitectura-sensible-dissenyant-espais-que-expliquen-histories\/#primaryimage"},"image":{"@id":"https:\/\/jcarchitect.com\/ca\/arquitectura-sensible-dissenyant-espais-que-expliquen-histories\/#primaryimage"},"thumbnailUrl":"https:\/\/jcarchitect.com\/jcarchitect\/wp-content\/uploads\/3e16a1ba-23fc-450e-bcf8-35d166f9264a.jpg-scaled.webp","datePublished":"2024-11-11T13:25:07+00:00","dateModified":"2024-11-11T13:25:07+00:00","breadcrumb":{"@id":"https:\/\/jcarchitect.com\/ca\/arquitectura-sensible-dissenyant-espais-que-expliquen-histories\/#breadcrumb"},"inLanguage":"ca","potentialAction":[{"@type":"ReadAction","target":["https:\/\/jcarchitect.com\/ca\/arquitectura-sensible-dissenyant-espais-que-expliquen-histories\/"]}]},{"@type":"ImageObject","inLanguage":"ca","@id":"https:\/\/jcarchitect.com\/ca\/arquitectura-sensible-dissenyant-espais-que-expliquen-histories\/#primaryimage","url":"https:\/\/jcarchitect.com\/jcarchitect\/wp-content\/uploads\/3e16a1ba-23fc-450e-bcf8-35d166f9264a.jpg-scaled.webp","contentUrl":"https:\/\/jcarchitect.com\/jcarchitect\/wp-content\/uploads\/3e16a1ba-23fc-450e-bcf8-35d166f9264a.jpg-scaled.webp","width":2560,"height":1430,"caption":"ARQUITECTURA SENSIBLE"},{"@type":"BreadcrumbList","@id":"https:\/\/jcarchitect.com\/ca\/arquitectura-sensible-dissenyant-espais-que-expliquen-histories\/#breadcrumb","itemListElement":[{"@type":"ListItem","position":1,"name":"Home","item":"https:\/\/jcarchitect.com\/ca\/"},{"@type":"ListItem","position":2,"name":"Arquitectura Sensible: Dissenyant Espais que Expliquen Hist\u00f2ries"}]},{"@type":"WebSite","@id":"https:\/\/jcarchitect.com\/ca\/#website","url":"https:\/\/jcarchitect.com\/ca\/","name":"JC Architect","description":"Real Estate consultancy Barcelona","publisher":{"@id":"https:\/\/jcarchitect.com\/ca\/#organization"},"potentialAction":[{"@type":"SearchAction","target":{"@type":"EntryPoint","urlTemplate":"https:\/\/jcarchitect.com\/ca\/?s={search_term_string}"},"query-input":"required name=search_term_string"}],"inLanguage":"ca"},{"@type":"Organization","@id":"https:\/\/jcarchitect.com\/ca\/#organization","name":"JC Architect","url":"https:\/\/jcarchitect.com\/ca\/","logo":{"@type":"ImageObject","inLanguage":"ca","@id":"https:\/\/jcarchitect.com\/ca\/#\/schema\/logo\/image\/","url":"https:\/\/jcarchitect.com\/jcarchitect\/wp-content\/uploads\/favicon-bg.png","contentUrl":"https:\/\/jcarchitect.com\/jcarchitect\/wp-content\/uploads\/favicon-bg.png","width":144,"height":144,"caption":"JC Architect"},"image":{"@id":"https:\/\/jcarchitect.com\/ca\/#\/schema\/logo\/image\/"}},{"@type":"Person","@id":"https:\/\/jcarchitect.com\/ca\/#\/schema\/person\/20907e3bb26e939ac9590141e116d16b","name":"Jorge Camprecios","image":{"@type":"ImageObject","inLanguage":"ca","@id":"https:\/\/jcarchitect.com\/ca\/#\/schema\/person\/image\/","url":"https:\/\/secure.gravatar.com\/avatar\/735d2ecd70608d792216ff82149b74fd?s=96&d=mm&r=g","contentUrl":"https:\/\/secure.gravatar.com\/avatar\/735d2ecd70608d792216ff82149b74fd?s=96&d=mm&r=g","caption":"Jorge Camprecios"}}]}},"_links":{"self":[{"href":"https:\/\/jcarchitect.com\/ca\/wp-json\/wp\/v2\/posts\/82064"}],"collection":[{"href":"https:\/\/jcarchitect.com\/ca\/wp-json\/wp\/v2\/posts"}],"about":[{"href":"https:\/\/jcarchitect.com\/ca\/wp-json\/wp\/v2\/types\/post"}],"author":[{"embeddable":true,"href":"https:\/\/jcarchitect.com\/ca\/wp-json\/wp\/v2\/users\/2"}],"replies":[{"embeddable":true,"href":"https:\/\/jcarchitect.com\/ca\/wp-json\/wp\/v2\/comments?post=82064"}],"version-history":[{"count":2,"href":"https:\/\/jcarchitect.com\/ca\/wp-json\/wp\/v2\/posts\/82064\/revisions"}],"predecessor-version":[{"id":82066,"href":"https:\/\/jcarchitect.com\/ca\/wp-json\/wp\/v2\/posts\/82064\/revisions\/82066"}],"wp:featuredmedia":[{"embeddable":true,"href":"https:\/\/jcarchitect.com\/ca\/wp-json\/wp\/v2\/media\/82079"}],"wp:attachment":[{"href":"https:\/\/jcarchitect.com\/ca\/wp-json\/wp\/v2\/media?parent=82064"}],"wp:term":[{"taxonomy":"category","embeddable":true,"href":"https:\/\/jcarchitect.com\/ca\/wp-json\/wp\/v2\/categories?post=82064"},{"taxonomy":"post_tag","embeddable":true,"href":"https:\/\/jcarchitect.com\/ca\/wp-json\/wp\/v2\/tags?post=82064"}],"curies":[{"name":"wp","href":"https:\/\/api.w.org\/{rel}","templated":true}]}}