{"id":82031,"date":"2024-10-28T12:33:36","date_gmt":"2024-10-28T11:33:36","guid":{"rendered":"https:\/\/jcarchitect.com\/?p=82031"},"modified":"2024-10-28T12:33:36","modified_gmt":"2024-10-28T11:33:36","slug":"un-estil-de-vida-complet-lauge-de-les-propietats-amb-serveis-comunitaris-exclusius","status":"publish","type":"post","link":"https:\/\/jcarchitect.com\/ca\/un-estil-de-vida-complet-lauge-de-les-propietats-amb-serveis-comunitaris-exclusius\/","title":{"rendered":"Un Estil de Vida Complet: L\u2019Auge de les Propietats amb Serveis Comunitaris Exclusius"},"content":{"rendered":"<h3><strong>Un Estil de Vida Complet: L\u2019Auge de les Propietats amb Serveis Comunitaris Exclusius<\/strong><\/h3>\n<p>El sector immobiliari ha evolucionat cap a un concepte d\u2019habitatge en qu\u00e8 la comoditat, la qualitat i el benestar del dia a dia es converteixen en el centre d\u2019atenci\u00f3. Avui dia, viure en un espai d\u2019alt standing va m\u00e9s enll\u00e0 del disseny interior o d\u2019una ubicaci\u00f3 privilegiada; es tracta d\u2019un estil de vida integral. Els complexos residencials que ofereixen serveis comunitaris exclusius, com gimnasos, piscines, pistes de p\u00e0del, spa i zones de coworking, estan transformant l\u2019experi\u00e8ncia de viure, integrant els residents en un ambient \u00fanic que fomenta tant el benestar com la comunitat.<\/p>\n<p><strong>Un Nou Estil de Vida: Qu\u00e8 ofereixen aquests espais?<\/strong><\/p>\n<p>Aquest tipus de propietats estan dissenyades per a aquells que valoren la comoditat de tenir tot el que necessiten a prop, sense renunciar al luxe. Aquests serveis es presenten com una extensi\u00f3 de la llar, fent que els residents puguin desenvolupar les seves activitats quotidianes en un entorn que complementa el seu estil de vida. Des d\u2019entrenar en un gimn\u00e0s d\u2019\u00faltima generaci\u00f3 fins a relaxar-se en una piscina envoltada de jardins, els serveis comunitaris de luxe estan enfocats a oferir una experi\u00e8ncia completa.<\/p>\n<ol>\n<li><strong>Benestar f\u00edsic i mental<\/strong><br \/>\nComptar amb un gimn\u00e0s privat dins del propi complex no nom\u00e9s facilita una rutina d\u2019exercici constant, sin\u00f3 que tamb\u00e9 permet als residents gaudir d\u2019un espai exclusiu que normalment ofereix un club privat. Les \u00e0rees de benestar i spa, que inclouen zones de massatges, saunes i banys de vapor, creen una atmosfera ideal per reduir l\u2019estr\u00e8s, ajudant els residents a desconnectar i recarregar energies sense sortir de casa.<\/li>\n<li><strong>Connectivitat i Comunitat<\/strong><br \/>\nM\u00e9s enll\u00e0 dels serveis, aquests complexos estan pensats per crear vincles entre els residents. Espais com les \u00e0rees de coworking i zones d\u2019esbarjo fomenten les connexions, transformant aquests edificis en comunitats de persones amb interessos afins. Els residents poden establir vincles valuosos, compartir idees i, sovint, trobar en els seus ve\u00efns persones amb qui col\u00b7laborar o gaudir d\u2019activitats compartides.<\/li>\n<li><strong>Qualitat de vida en cada detall<\/strong><br \/>\nUn dels grans atractius de les propietats de luxe \u00e9s la seva capacitat per oferir una vida sense preocupacions. Serveis com vigil\u00e0ncia 24 hores, acc\u00e9s controlat i consergeria milloren significativament l\u2019experi\u00e8ncia di\u00e0ria, donant als residents la tranquil\u00b7litat de saber que el seu entorn est\u00e0 protegit. Els jardins paisatg\u00edstics i les \u00e0rees de passeig, moltes vegades pet-friendly, tamb\u00e9 permeten gaudir de la natura sense haver de sortir del complex.<\/li>\n<\/ol>\n<p><strong>Avantatges Econ\u00f2miques i Revaloritzaci\u00f3<\/strong><\/p>\n<p>A m\u00e9s del confort i l\u2019exclusivitat, les propietats que integren serveis comunitaris d\u2019alt nivell solen ser vistes com una inversi\u00f3 segura i d\u2019alta revaloritzaci\u00f3. Aquests serveis exclusius s\u00f3n un atractiu poder\u00f3s que afegeix valor a la propietat, cosa que es tradueix en un retorn de la inversi\u00f3 a llarg termini, tant per l\u2019augment del seu valor al mercat com per la creixent demanda de compradors que busquen aquest tipus de caracter\u00edstiques.<\/p>\n<p><strong>Exemple: L\u2019exclusivitat de Pedralbes<\/strong><\/p>\n<p>Un dels exemples destacats d\u2019aquesta tend\u00e8ncia a Barcelona \u00e9s el nostre espectacular apartament a Pedralbes, situat en un dels complexos residencials m\u00e9s prestigiosos de la ciutat. Aquest apartament ofereix una gamma de serveis de luxe: gimn\u00e0s equipat, una piscina amb vistes a l\u2019entorn natural, jardins privats i seguretat privada 24\/7. Aquest immoble combina una qualitat arquitect\u00f2nica impecable amb totes les facilitats que transformen una llar en un estil de vida. <a href=\"https:\/\/jcarchitect.com\/ca\/propietat\/espectacular-apartament-al-millor-complex-residencial-de-pedralbes\/\" target=\"_new\" rel=\"noopener\">Potsveure m\u00e9s detalls d\u2019aquesta propietat aqu\u00ed<\/a>.<\/p>\n<p><strong>Una nova manera de viure i d\u2019invertir<\/strong><\/p>\n<p>Optar per una propietat d\u2019alt standing amb serveis comunitaris \u00e9s triar un estil de vida que posa el benestar, l\u2019exclusivitat i la comunitat al centre. Aquesta tend\u00e8ncia va molt m\u00e9s enll\u00e0 d\u2019una simple moda: est\u00e0 redefinint el concepte de llar. En un m\u00f3n cada cop m\u00e9s accelerat, tenir tot el necessari per a una vida plena i equilibrada a l\u2019abast de la m\u00e0 \u00e9s un luxe molt valorat, que no nom\u00e9s millora la qualitat de vida, sin\u00f3 que enforteix els vincles amb els ve\u00efns, convertint el complex en una comunitat on tothom se sent part.<\/p>\n<p>En conclusi\u00f3, viure en una propietat amb serveis comunitaris de luxe representa no nom\u00e9s una excel\u00b7lent inversi\u00f3 econ\u00f2mica, sin\u00f3 tamb\u00e9 una inversi\u00f3 en una manera de viure plena, saludable i plena de possibilitats per al gaudi, la connexi\u00f3 i el creixement personal i professional.<\/p>\n","protected":false},"excerpt":{"rendered":"<p>Un Estil de Vida Complet: L\u2019Auge de les Propietats amb Serveis Comunitaris Exclusius El sector immobiliari ha evolucionat cap a un concepte d\u2019habitatge en qu\u00e8 la comoditat, la qualitat i el benestar del dia a dia es converteixen en el centre d\u2019atenci\u00f3. Avui dia, viure en un espai d\u2019alt standing va m\u00e9s enll\u00e0 del disseny [&hellip;]<\/p>\n","protected":false},"author":2,"featured_media":82021,"comment_status":"closed","ping_status":"closed","sticky":false,"template":"","format":"standard","meta":{"footnotes":""},"categories":[48],"tags":[],"yoast_head":"<!-- This site is optimized with the Yoast SEO plugin v22.6 - https:\/\/yoast.com\/wordpress\/plugins\/seo\/ -->\n<title>Un Estil de Vida Complet: L\u2019Auge de les Propietats amb Serveis Comunitaris Exclusius - JC Architect<\/title>\n<meta name=\"robots\" content=\"index, follow, max-snippet:-1, max-image-preview:large, max-video-preview:-1\" \/>\n<link rel=\"canonical\" href=\"https:\/\/jcarchitect.com\/ca\/un-estil-de-vida-complet-lauge-de-les-propietats-amb-serveis-comunitaris-exclusius\/\" \/>\n<meta property=\"og:locale\" content=\"ca_ES\" \/>\n<meta property=\"og:type\" content=\"article\" \/>\n<meta property=\"og:title\" content=\"Un Estil de Vida Complet: L\u2019Auge de les Propietats amb Serveis Comunitaris Exclusius - JC Architect\" \/>\n<meta property=\"og:description\" content=\"Un Estil de Vida Complet: L\u2019Auge de les Propietats amb Serveis Comunitaris Exclusius El sector immobiliari ha evolucionat cap a un concepte d\u2019habitatge en qu\u00e8 la comoditat, la qualitat i el benestar del dia a dia es converteixen en el centre d\u2019atenci\u00f3. Avui dia, viure en un espai d\u2019alt standing va m\u00e9s enll\u00e0 del disseny [&hellip;]\" \/>\n<meta property=\"og:url\" content=\"https:\/\/jcarchitect.com\/ca\/un-estil-de-vida-complet-lauge-de-les-propietats-amb-serveis-comunitaris-exclusius\/\" \/>\n<meta property=\"og:site_name\" content=\"JC Architect\" \/>\n<meta property=\"article:published_time\" content=\"2024-10-28T11:33:36+00:00\" \/>\n<meta property=\"og:image\" content=\"https:\/\/jcarchitect.com\/jcarchitect\/wp-content\/uploads\/chill-out-noche.jpg\" \/>\n\t<meta property=\"og:image:width\" content=\"1150\" \/>\n\t<meta property=\"og:image:height\" content=\"426\" \/>\n\t<meta property=\"og:image:type\" content=\"image\/jpeg\" \/>\n<meta name=\"author\" content=\"Jorge Camprecios\" \/>\n<meta name=\"twitter:card\" content=\"summary_large_image\" \/>\n<meta name=\"twitter:label1\" content=\"Escrit per\" \/>\n\t<meta name=\"twitter:data1\" content=\"Jorge Camprecios\" \/>\n\t<meta name=\"twitter:label2\" content=\"Temps estimat de lectura\" \/>\n\t<meta name=\"twitter:data2\" content=\"4 minuts\" \/>\n<script type=\"application\/ld+json\" class=\"yoast-schema-graph\">{\"@context\":\"https:\/\/schema.org\",\"@graph\":[{\"@type\":\"Article\",\"@id\":\"https:\/\/jcarchitect.com\/ca\/un-estil-de-vida-complet-lauge-de-les-propietats-amb-serveis-comunitaris-exclusius\/#article\",\"isPartOf\":{\"@id\":\"https:\/\/jcarchitect.com\/ca\/un-estil-de-vida-complet-lauge-de-les-propietats-amb-serveis-comunitaris-exclusius\/\"},\"author\":{\"name\":\"Jorge Camprecios\",\"@id\":\"https:\/\/jcarchitect.com\/ca\/#\/schema\/person\/20907e3bb26e939ac9590141e116d16b\"},\"headline\":\"Un Estil de Vida Complet: L\u2019Auge de les Propietats amb Serveis Comunitaris Exclusius\",\"datePublished\":\"2024-10-28T11:33:36+00:00\",\"dateModified\":\"2024-10-28T11:33:36+00:00\",\"mainEntityOfPage\":{\"@id\":\"https:\/\/jcarchitect.com\/ca\/un-estil-de-vida-complet-lauge-de-les-propietats-amb-serveis-comunitaris-exclusius\/\"},\"wordCount\":783,\"publisher\":{\"@id\":\"https:\/\/jcarchitect.com\/ca\/#organization\"},\"image\":{\"@id\":\"https:\/\/jcarchitect.com\/ca\/un-estil-de-vida-complet-lauge-de-les-propietats-amb-serveis-comunitaris-exclusius\/#primaryimage\"},\"thumbnailUrl\":\"https:\/\/jcarchitect.com\/jcarchitect\/wp-content\/uploads\/chill-out-noche.jpg\",\"inLanguage\":\"ca\"},{\"@type\":\"WebPage\",\"@id\":\"https:\/\/jcarchitect.com\/ca\/un-estil-de-vida-complet-lauge-de-les-propietats-amb-serveis-comunitaris-exclusius\/\",\"url\":\"https:\/\/jcarchitect.com\/ca\/un-estil-de-vida-complet-lauge-de-les-propietats-amb-serveis-comunitaris-exclusius\/\",\"name\":\"Un Estil de Vida Complet: L\u2019Auge de les Propietats amb Serveis Comunitaris Exclusius - JC Architect\",\"isPartOf\":{\"@id\":\"https:\/\/jcarchitect.com\/ca\/#website\"},\"primaryImageOfPage\":{\"@id\":\"https:\/\/jcarchitect.com\/ca\/un-estil-de-vida-complet-lauge-de-les-propietats-amb-serveis-comunitaris-exclusius\/#primaryimage\"},\"image\":{\"@id\":\"https:\/\/jcarchitect.com\/ca\/un-estil-de-vida-complet-lauge-de-les-propietats-amb-serveis-comunitaris-exclusius\/#primaryimage\"},\"thumbnailUrl\":\"https:\/\/jcarchitect.com\/jcarchitect\/wp-content\/uploads\/chill-out-noche.jpg\",\"datePublished\":\"2024-10-28T11:33:36+00:00\",\"dateModified\":\"2024-10-28T11:33:36+00:00\",\"breadcrumb\":{\"@id\":\"https:\/\/jcarchitect.com\/ca\/un-estil-de-vida-complet-lauge-de-les-propietats-amb-serveis-comunitaris-exclusius\/#breadcrumb\"},\"inLanguage\":\"ca\",\"potentialAction\":[{\"@type\":\"ReadAction\",\"target\":[\"https:\/\/jcarchitect.com\/ca\/un-estil-de-vida-complet-lauge-de-les-propietats-amb-serveis-comunitaris-exclusius\/\"]}]},{\"@type\":\"ImageObject\",\"inLanguage\":\"ca\",\"@id\":\"https:\/\/jcarchitect.com\/ca\/un-estil-de-vida-complet-lauge-de-les-propietats-amb-serveis-comunitaris-exclusius\/#primaryimage\",\"url\":\"https:\/\/jcarchitect.com\/jcarchitect\/wp-content\/uploads\/chill-out-noche.jpg\",\"contentUrl\":\"https:\/\/jcarchitect.com\/jcarchitect\/wp-content\/uploads\/chill-out-noche.jpg\",\"width\":1150,\"height\":426,\"caption\":\"estilo de vida completo_Pedralbes\"},{\"@type\":\"BreadcrumbList\",\"@id\":\"https:\/\/jcarchitect.com\/ca\/un-estil-de-vida-complet-lauge-de-les-propietats-amb-serveis-comunitaris-exclusius\/#breadcrumb\",\"itemListElement\":[{\"@type\":\"ListItem\",\"position\":1,\"name\":\"Home\",\"item\":\"https:\/\/jcarchitect.com\/ca\/\"},{\"@type\":\"ListItem\",\"position\":2,\"name\":\"Un Estil de Vida Complet: L\u2019Auge de les Propietats amb Serveis Comunitaris Exclusius\"}]},{\"@type\":\"WebSite\",\"@id\":\"https:\/\/jcarchitect.com\/ca\/#website\",\"url\":\"https:\/\/jcarchitect.com\/ca\/\",\"name\":\"JC Architect\",\"description\":\"Real Estate consultancy Barcelona\",\"publisher\":{\"@id\":\"https:\/\/jcarchitect.com\/ca\/#organization\"},\"potentialAction\":[{\"@type\":\"SearchAction\",\"target\":{\"@type\":\"EntryPoint\",\"urlTemplate\":\"https:\/\/jcarchitect.com\/ca\/?s={search_term_string}\"},\"query-input\":\"required name=search_term_string\"}],\"inLanguage\":\"ca\"},{\"@type\":\"Organization\",\"@id\":\"https:\/\/jcarchitect.com\/ca\/#organization\",\"name\":\"JC Architect\",\"url\":\"https:\/\/jcarchitect.com\/ca\/\",\"logo\":{\"@type\":\"ImageObject\",\"inLanguage\":\"ca\",\"@id\":\"https:\/\/jcarchitect.com\/ca\/#\/schema\/logo\/image\/\",\"url\":\"https:\/\/jcarchitect.com\/jcarchitect\/wp-content\/uploads\/favicon-bg.png\",\"contentUrl\":\"https:\/\/jcarchitect.com\/jcarchitect\/wp-content\/uploads\/favicon-bg.png\",\"width\":144,\"height\":144,\"caption\":\"JC Architect\"},\"image\":{\"@id\":\"https:\/\/jcarchitect.com\/ca\/#\/schema\/logo\/image\/\"}},{\"@type\":\"Person\",\"@id\":\"https:\/\/jcarchitect.com\/ca\/#\/schema\/person\/20907e3bb26e939ac9590141e116d16b\",\"name\":\"Jorge Camprecios\",\"image\":{\"@type\":\"ImageObject\",\"inLanguage\":\"ca\",\"@id\":\"https:\/\/jcarchitect.com\/ca\/#\/schema\/person\/image\/\",\"url\":\"https:\/\/secure.gravatar.com\/avatar\/735d2ecd70608d792216ff82149b74fd?s=96&d=mm&r=g\",\"contentUrl\":\"https:\/\/secure.gravatar.com\/avatar\/735d2ecd70608d792216ff82149b74fd?s=96&d=mm&r=g\",\"caption\":\"Jorge Camprecios\"}}]}<\/script>\n<!-- \/ Yoast SEO plugin. -->","yoast_head_json":{"title":"Un Estil de Vida Complet: L\u2019Auge de les Propietats amb Serveis Comunitaris Exclusius - JC Architect","robots":{"index":"index","follow":"follow","max-snippet":"max-snippet:-1","max-image-preview":"max-image-preview:large","max-video-preview":"max-video-preview:-1"},"canonical":"https:\/\/jcarchitect.com\/ca\/un-estil-de-vida-complet-lauge-de-les-propietats-amb-serveis-comunitaris-exclusius\/","og_locale":"ca_ES","og_type":"article","og_title":"Un Estil de Vida Complet: L\u2019Auge de les Propietats amb Serveis Comunitaris Exclusius - JC Architect","og_description":"Un Estil de Vida Complet: L\u2019Auge de les Propietats amb Serveis Comunitaris Exclusius El sector immobiliari ha evolucionat cap a un concepte d\u2019habitatge en qu\u00e8 la comoditat, la qualitat i el benestar del dia a dia es converteixen en el centre d\u2019atenci\u00f3. Avui dia, viure en un espai d\u2019alt standing va m\u00e9s enll\u00e0 del disseny [&hellip;]","og_url":"https:\/\/jcarchitect.com\/ca\/un-estil-de-vida-complet-lauge-de-les-propietats-amb-serveis-comunitaris-exclusius\/","og_site_name":"JC Architect","article_published_time":"2024-10-28T11:33:36+00:00","og_image":[{"width":1150,"height":426,"url":"https:\/\/jcarchitect.com\/jcarchitect\/wp-content\/uploads\/chill-out-noche.jpg","type":"image\/jpeg"}],"author":"Jorge Camprecios","twitter_card":"summary_large_image","twitter_misc":{"Escrit per":"Jorge Camprecios","Temps estimat de lectura":"4 minuts"},"schema":{"@context":"https:\/\/schema.org","@graph":[{"@type":"Article","@id":"https:\/\/jcarchitect.com\/ca\/un-estil-de-vida-complet-lauge-de-les-propietats-amb-serveis-comunitaris-exclusius\/#article","isPartOf":{"@id":"https:\/\/jcarchitect.com\/ca\/un-estil-de-vida-complet-lauge-de-les-propietats-amb-serveis-comunitaris-exclusius\/"},"author":{"name":"Jorge Camprecios","@id":"https:\/\/jcarchitect.com\/ca\/#\/schema\/person\/20907e3bb26e939ac9590141e116d16b"},"headline":"Un Estil de Vida Complet: L\u2019Auge de les Propietats amb Serveis Comunitaris Exclusius","datePublished":"2024-10-28T11:33:36+00:00","dateModified":"2024-10-28T11:33:36+00:00","mainEntityOfPage":{"@id":"https:\/\/jcarchitect.com\/ca\/un-estil-de-vida-complet-lauge-de-les-propietats-amb-serveis-comunitaris-exclusius\/"},"wordCount":783,"publisher":{"@id":"https:\/\/jcarchitect.com\/ca\/#organization"},"image":{"@id":"https:\/\/jcarchitect.com\/ca\/un-estil-de-vida-complet-lauge-de-les-propietats-amb-serveis-comunitaris-exclusius\/#primaryimage"},"thumbnailUrl":"https:\/\/jcarchitect.com\/jcarchitect\/wp-content\/uploads\/chill-out-noche.jpg","inLanguage":"ca"},{"@type":"WebPage","@id":"https:\/\/jcarchitect.com\/ca\/un-estil-de-vida-complet-lauge-de-les-propietats-amb-serveis-comunitaris-exclusius\/","url":"https:\/\/jcarchitect.com\/ca\/un-estil-de-vida-complet-lauge-de-les-propietats-amb-serveis-comunitaris-exclusius\/","name":"Un Estil de Vida Complet: L\u2019Auge de les Propietats amb Serveis Comunitaris Exclusius - JC Architect","isPartOf":{"@id":"https:\/\/jcarchitect.com\/ca\/#website"},"primaryImageOfPage":{"@id":"https:\/\/jcarchitect.com\/ca\/un-estil-de-vida-complet-lauge-de-les-propietats-amb-serveis-comunitaris-exclusius\/#primaryimage"},"image":{"@id":"https:\/\/jcarchitect.com\/ca\/un-estil-de-vida-complet-lauge-de-les-propietats-amb-serveis-comunitaris-exclusius\/#primaryimage"},"thumbnailUrl":"https:\/\/jcarchitect.com\/jcarchitect\/wp-content\/uploads\/chill-out-noche.jpg","datePublished":"2024-10-28T11:33:36+00:00","dateModified":"2024-10-28T11:33:36+00:00","breadcrumb":{"@id":"https:\/\/jcarchitect.com\/ca\/un-estil-de-vida-complet-lauge-de-les-propietats-amb-serveis-comunitaris-exclusius\/#breadcrumb"},"inLanguage":"ca","potentialAction":[{"@type":"ReadAction","target":["https:\/\/jcarchitect.com\/ca\/un-estil-de-vida-complet-lauge-de-les-propietats-amb-serveis-comunitaris-exclusius\/"]}]},{"@type":"ImageObject","inLanguage":"ca","@id":"https:\/\/jcarchitect.com\/ca\/un-estil-de-vida-complet-lauge-de-les-propietats-amb-serveis-comunitaris-exclusius\/#primaryimage","url":"https:\/\/jcarchitect.com\/jcarchitect\/wp-content\/uploads\/chill-out-noche.jpg","contentUrl":"https:\/\/jcarchitect.com\/jcarchitect\/wp-content\/uploads\/chill-out-noche.jpg","width":1150,"height":426,"caption":"estilo de vida completo_Pedralbes"},{"@type":"BreadcrumbList","@id":"https:\/\/jcarchitect.com\/ca\/un-estil-de-vida-complet-lauge-de-les-propietats-amb-serveis-comunitaris-exclusius\/#breadcrumb","itemListElement":[{"@type":"ListItem","position":1,"name":"Home","item":"https:\/\/jcarchitect.com\/ca\/"},{"@type":"ListItem","position":2,"name":"Un Estil de Vida Complet: L\u2019Auge de les Propietats amb Serveis Comunitaris Exclusius"}]},{"@type":"WebSite","@id":"https:\/\/jcarchitect.com\/ca\/#website","url":"https:\/\/jcarchitect.com\/ca\/","name":"JC Architect","description":"Real Estate consultancy Barcelona","publisher":{"@id":"https:\/\/jcarchitect.com\/ca\/#organization"},"potentialAction":[{"@type":"SearchAction","target":{"@type":"EntryPoint","urlTemplate":"https:\/\/jcarchitect.com\/ca\/?s={search_term_string}"},"query-input":"required name=search_term_string"}],"inLanguage":"ca"},{"@type":"Organization","@id":"https:\/\/jcarchitect.com\/ca\/#organization","name":"JC Architect","url":"https:\/\/jcarchitect.com\/ca\/","logo":{"@type":"ImageObject","inLanguage":"ca","@id":"https:\/\/jcarchitect.com\/ca\/#\/schema\/logo\/image\/","url":"https:\/\/jcarchitect.com\/jcarchitect\/wp-content\/uploads\/favicon-bg.png","contentUrl":"https:\/\/jcarchitect.com\/jcarchitect\/wp-content\/uploads\/favicon-bg.png","width":144,"height":144,"caption":"JC Architect"},"image":{"@id":"https:\/\/jcarchitect.com\/ca\/#\/schema\/logo\/image\/"}},{"@type":"Person","@id":"https:\/\/jcarchitect.com\/ca\/#\/schema\/person\/20907e3bb26e939ac9590141e116d16b","name":"Jorge Camprecios","image":{"@type":"ImageObject","inLanguage":"ca","@id":"https:\/\/jcarchitect.com\/ca\/#\/schema\/person\/image\/","url":"https:\/\/secure.gravatar.com\/avatar\/735d2ecd70608d792216ff82149b74fd?s=96&d=mm&r=g","contentUrl":"https:\/\/secure.gravatar.com\/avatar\/735d2ecd70608d792216ff82149b74fd?s=96&d=mm&r=g","caption":"Jorge Camprecios"}}]}},"_links":{"self":[{"href":"https:\/\/jcarchitect.com\/ca\/wp-json\/wp\/v2\/posts\/82031"}],"collection":[{"href":"https:\/\/jcarchitect.com\/ca\/wp-json\/wp\/v2\/posts"}],"about":[{"href":"https:\/\/jcarchitect.com\/ca\/wp-json\/wp\/v2\/types\/post"}],"author":[{"embeddable":true,"href":"https:\/\/jcarchitect.com\/ca\/wp-json\/wp\/v2\/users\/2"}],"replies":[{"embeddable":true,"href":"https:\/\/jcarchitect.com\/ca\/wp-json\/wp\/v2\/comments?post=82031"}],"version-history":[{"count":3,"href":"https:\/\/jcarchitect.com\/ca\/wp-json\/wp\/v2\/posts\/82031\/revisions"}],"predecessor-version":[{"id":82042,"href":"https:\/\/jcarchitect.com\/ca\/wp-json\/wp\/v2\/posts\/82031\/revisions\/82042"}],"wp:featuredmedia":[{"embeddable":true,"href":"https:\/\/jcarchitect.com\/ca\/wp-json\/wp\/v2\/media\/82021"}],"wp:attachment":[{"href":"https:\/\/jcarchitect.com\/ca\/wp-json\/wp\/v2\/media?parent=82031"}],"wp:term":[{"taxonomy":"category","embeddable":true,"href":"https:\/\/jcarchitect.com\/ca\/wp-json\/wp\/v2\/categories?post=82031"},{"taxonomy":"post_tag","embeddable":true,"href":"https:\/\/jcarchitect.com\/ca\/wp-json\/wp\/v2\/tags?post=82031"}],"curies":[{"name":"wp","href":"https:\/\/api.w.org\/{rel}","templated":true}]}}