{"id":81688,"date":"2024-10-18T13:52:07","date_gmt":"2024-10-18T11:52:07","guid":{"rendered":"https:\/\/jcarchitect.com\/?p=81688"},"modified":"2024-10-18T14:02:35","modified_gmt":"2024-10-18T12:02:35","slug":"inversions-intel%c2%b7ligents-en-obra-nova-una-historia-de-creixement-a-badalona-i-mes-enlla","status":"publish","type":"post","link":"https:\/\/jcarchitect.com\/ca\/inversions-intel%c2%b7ligents-en-obra-nova-una-historia-de-creixement-a-badalona-i-mes-enlla\/","title":{"rendered":"Inversions Intel\u00b7ligents en Obra Nova: Una Hist\u00f2ria de Creixement a Badalona i M\u00e9s Enll\u00e0"},"content":{"rendered":"<p><strong>Inversions Intel\u00b7ligents en Obra Nova: Una Hist\u00f2ria de Creixement a <a href=\"https:\/\/www.badalona.cat\/\">Badalona<\/a> i M\u00e9s Enll\u00e0<\/strong><\/p>\n<p>La compra d\u2019un habitatge \u00e9s una de les decisions m\u00e9s importants que prenem, tant des d\u2019un punt de vista personal com financer. Com a assessor immobili\u00e0ri, he vist com l\u2019obra nova s\u2019ha consolidat com una de les millors formes d\u2019inversi\u00f3 a llarg termini. Avui vull compartir amb vosaltres la meva experi\u00e8ncia personal amb la reserva d\u2019un pis a Badalona i com aquesta decisi\u00f3 ja ha mostrat el seu potencial de creixement.<\/p>\n<p>L\u2019any passat, vaig reservar un pis d\u2019obra nova a Badalona, amb vistes al nou canal i al mar. Es tracta d\u2019un habitatge de 2 habitacions i 1 bany, amb una pla\u00e7a d\u2019aparcament espaiosa i un traster, que esperem rebre a finals de 2024 o principis de 2025. A dia d\u2019avui, el valor d\u2019aquest pis ha augmentat un 18%, cosa que confirma una tend\u00e8ncia de revaloraci\u00f3 dels habitatges a la zona. Aquest creixement no \u00e9s casual, i hi ha diverses raons per les quals crec que invertir en obra nova \u00e9s una excel\u00b7lent oportunitat que no s\u2019ha de deixar passar.<\/p>\n<h3>Els Avantatges de l\u2019Obra Nova<\/h3>\n<ol>\n<li><strong>Augment del valor amb el temps<\/strong>: El cas de la meva inversi\u00f3 personal a Badalona \u00e9s nom\u00e9s un exemple de com l\u2019obra nova tendeix a incrementar el seu valor a mesura que el projecte avan\u00e7a. Sovint, aquesta revaloraci\u00f3 comen\u00e7a fins i tot abans que les obres estiguin acabades. La demanda de propietats noves en zones en desenvolupament genera un augment del preu de mercat. Aquest factor pot ser crucial per a inversors que busquen rendibilitat a mitj\u00e0 i llarg termini.<\/li>\n<li><strong>Efici\u00e8ncia energ\u00e8tica i sostenibilitat<\/strong>: Els habitatges d\u2019obra nova solen construir-se sota estrictes est\u00e0ndards d\u2019efici\u00e8ncia energ\u00e8tica. Aix\u00f2 no nom\u00e9s beneficia el medi ambient, sin\u00f3 que tamb\u00e9 suposa un estalvi significatiu en les despeses energ\u00e8tiques de la llar. Els materials utilitzats, l\u2019a\u00efllament t\u00e8rmic i la incorporaci\u00f3 de sistemes d\u2019energies renovables s\u00f3n caracter\u00edstiques clau en la construcci\u00f3 moderna, fent que els habitatges nous siguin m\u00e9s sostenibles i econ\u00f2mics amb el temps.<\/li>\n<li><strong>Qualitat de vida i comoditat<\/strong>: Comprar un habitatge nou no nom\u00e9s significa tenir una propietat acabada de construir, sin\u00f3 tamb\u00e9 gaudir d\u2019una llar adaptada a les necessitats i estils de vida actuals. Els dissenys moderns, les \u00e0rees comunes, els sistemes de seguretat i la possibilitat de personalitzar alguns acabats segons les prefer\u00e8ncies dels propietaris fan que aquestes inversions siguin atractives financerament, pr\u00e0ctiques i c\u00f2modes per a aquells que busquen una nova llar.<\/li>\n<li><strong>Creixement econ\u00f2mic a zones emergents<\/strong>: Badalona \u00e9s un exemple d\u2019una ciutat en ple creixement. L\u2019expansi\u00f3 urbana, impulsada pel nou canal i el desenvolupament d\u2019infraestructures, est\u00e0 atraient tant inversors com fam\u00edlies que busquen una bona qualitat de vida a prop de Barcelona, per\u00f2 amb preus m\u00e9s competitius. Tanmateix, aquest fenomen no \u00e9s exclusiu de Badalona. Els suburbis de Barcelona, en general, estan vivint un proc\u00e9s d\u2019expansi\u00f3 i creixement, i \u00e9s crucial estar atents a aquestes oportunitats.<\/li>\n<\/ol>\n<h3>L\u2019Expansi\u00f3 Natural de Barcelona Cap als Suburbis<\/h3>\n<p>A causa de la seva posici\u00f3 geogr\u00e0fica, Barcelona est\u00e0 limitada pel que fa a l\u2019expansi\u00f3 dins de la ciutat. Aquesta situaci\u00f3 ha provocat un creixement natural cap als suburbis, tant al llarg de la costa com cap a l\u2019interior. Ciutats com <strong>L\u2019Hospitalet de Llobregat<\/strong>, <strong>Sabadell<\/strong>, <strong>Sant Cugat del Vall\u00e8s<\/strong>, entre d\u2019altres, estan mostrant un notable potencial de creixement. Aquest fenomen es deu, en part, a la inversi\u00f3 en infraestructures per part de les administracions p\u00fabliques i a la millora dels serveis de transport, com noves l\u00ednies de metro, ampliacions de trens de rodalies, i la millora de les xarxes de carreteres.<\/p>\n<p>Aquests municipis estan atraient tant compradors com inversors, que veuen en ells una excel\u00b7lent oportunitat per adquirir propietats a preus m\u00e9s assequibles en comparaci\u00f3 amb Barcelona, per\u00f2 sense renunciar a la proximitat i les comoditats de viure a pocs minuts de la ciutat. A m\u00e9s, molts d\u2019aquests suburbis ofereixen entorns m\u00e9s tranquils, amb zones verdes, espais de lleure i un ambient familiar, cosa que els converteix en destinacions atractives per a fam\u00edlies i joves professionals.<\/p>\n<h3>Oportunitats a Mitj\u00e0 i Llarg Termini<\/h3>\n<p>La projecci\u00f3 d\u2019aquestes zones no \u00e9s nom\u00e9s a curt termini. La millora de les infraestructures i el desenvolupament de serveis fan que municipis com L\u2019Hospitalet i Sabadell tinguin un potencial de revaloraci\u00f3 sostingut en el temps. Invertir en obra nova en aquestes \u00e0rees pot ser una excel\u00b7lent manera d\u2019assegurar un bon retorn de la inversi\u00f3, ja que les propietats tendeixen a augmentar de valor a mesura que les zones es consoliden i la demanda creix.<\/p>\n<h3>Conclusi\u00f3<\/h3>\n<p>En resum, la meva experi\u00e8ncia personal en la compra d\u2019un pis d\u2019obra nova a Badalona ha estat molt positiva, i crec fermament que les inversions en obra nova, especialment als suburbis en creixement de Barcelona, s\u00f3n una oportunitat que no s\u2019ha de deixar passar. No es tracta nom\u00e9s d\u2019adquirir una propietat amb valor present, sin\u00f3 tamb\u00e9 d\u2019assegurar una plusv\u00e0lua futura en zones amb projecci\u00f3 i desenvolupament constant.<\/p>\n<p>Si est\u00e0s buscant invertir o comprar un habitatge, t\u2019animo a considerar aquestes opcions. Estar\u00e9 encantada d\u2019assessorar-te i ajudar-te a trobar la propietat perfecta per a tu, en zones amb gran potencial com Badalona, L\u2019Hospitalet o Sabadell.<\/p>\n","protected":false},"excerpt":{"rendered":"<p>Inversions Intel\u00b7ligents en Obra Nova: Una Hist\u00f2ria de Creixement a Badalona i M\u00e9s Enll\u00e0 La compra d\u2019un habitatge \u00e9s una de les decisions m\u00e9s importants que prenem, tant des d\u2019un punt de vista personal com financer. Com a assessor immobili\u00e0ri, he vist com l\u2019obra nova s\u2019ha consolidat com una de les millors formes d\u2019inversi\u00f3 a [&hellip;]<\/p>\n","protected":false},"author":2,"featured_media":81682,"comment_status":"closed","ping_status":"closed","sticky":false,"template":"","format":"standard","meta":{"footnotes":""},"categories":[48],"tags":[],"yoast_head":"<!-- This site is optimized with the Yoast SEO plugin v22.6 - https:\/\/yoast.com\/wordpress\/plugins\/seo\/ -->\n<title>Inversions Intel\u00b7ligents en Obra Nova: Una Hist\u00f2ria de Creixement a Badalona i M\u00e9s Enll\u00e0 - JC Architect<\/title>\n<meta name=\"robots\" content=\"index, follow, max-snippet:-1, max-image-preview:large, max-video-preview:-1\" \/>\n<link rel=\"canonical\" href=\"https:\/\/jcarchitect.com\/ca\/inversions-intel%c2%b7ligents-en-obra-nova-una-historia-de-creixement-a-badalona-i-mes-enlla\/\" \/>\n<meta property=\"og:locale\" content=\"ca_ES\" \/>\n<meta property=\"og:type\" content=\"article\" \/>\n<meta property=\"og:title\" content=\"Inversions Intel\u00b7ligents en Obra Nova: Una Hist\u00f2ria de Creixement a Badalona i M\u00e9s Enll\u00e0 - JC Architect\" \/>\n<meta property=\"og:description\" content=\"Inversions Intel\u00b7ligents en Obra Nova: Una Hist\u00f2ria de Creixement a Badalona i M\u00e9s Enll\u00e0 La compra d\u2019un habitatge \u00e9s una de les decisions m\u00e9s importants que prenem, tant des d\u2019un punt de vista personal com financer. Com a assessor immobili\u00e0ri, he vist com l\u2019obra nova s\u2019ha consolidat com una de les millors formes d\u2019inversi\u00f3 a [&hellip;]\" \/>\n<meta property=\"og:url\" content=\"https:\/\/jcarchitect.com\/ca\/inversions-intel%c2%b7ligents-en-obra-nova-una-historia-de-creixement-a-badalona-i-mes-enlla\/\" \/>\n<meta property=\"og:site_name\" content=\"JC Architect\" \/>\n<meta property=\"article:published_time\" content=\"2024-10-18T11:52:07+00:00\" \/>\n<meta property=\"article:modified_time\" content=\"2024-10-18T12:02:35+00:00\" \/>\n<meta property=\"og:image\" content=\"https:\/\/jcarchitect.com\/jcarchitect\/wp-content\/uploads\/building-1199586_1280.jpg\" \/>\n\t<meta property=\"og:image:width\" content=\"1280\" \/>\n\t<meta property=\"og:image:height\" content=\"960\" \/>\n\t<meta property=\"og:image:type\" content=\"image\/jpeg\" \/>\n<meta name=\"author\" content=\"Jorge Camprecios\" \/>\n<meta name=\"twitter:card\" content=\"summary_large_image\" \/>\n<meta name=\"twitter:label1\" content=\"Escrit per\" \/>\n\t<meta name=\"twitter:data1\" content=\"Jorge Camprecios\" \/>\n\t<meta name=\"twitter:label2\" content=\"Temps estimat de lectura\" \/>\n\t<meta name=\"twitter:data2\" content=\"5 minuts\" \/>\n<script type=\"application\/ld+json\" class=\"yoast-schema-graph\">{\"@context\":\"https:\/\/schema.org\",\"@graph\":[{\"@type\":\"Article\",\"@id\":\"https:\/\/jcarchitect.com\/ca\/inversions-intel%c2%b7ligents-en-obra-nova-una-historia-de-creixement-a-badalona-i-mes-enlla\/#article\",\"isPartOf\":{\"@id\":\"https:\/\/jcarchitect.com\/ca\/inversions-intel%c2%b7ligents-en-obra-nova-una-historia-de-creixement-a-badalona-i-mes-enlla\/\"},\"author\":{\"name\":\"Jorge Camprecios\",\"@id\":\"https:\/\/jcarchitect.com\/ca\/#\/schema\/person\/20907e3bb26e939ac9590141e116d16b\"},\"headline\":\"Inversions Intel\u00b7ligents en Obra Nova: Una Hist\u00f2ria de Creixement a Badalona i M\u00e9s Enll\u00e0\",\"datePublished\":\"2024-10-18T11:52:07+00:00\",\"dateModified\":\"2024-10-18T12:02:35+00:00\",\"mainEntityOfPage\":{\"@id\":\"https:\/\/jcarchitect.com\/ca\/inversions-intel%c2%b7ligents-en-obra-nova-una-historia-de-creixement-a-badalona-i-mes-enlla\/\"},\"wordCount\":954,\"publisher\":{\"@id\":\"https:\/\/jcarchitect.com\/ca\/#organization\"},\"image\":{\"@id\":\"https:\/\/jcarchitect.com\/ca\/inversions-intel%c2%b7ligents-en-obra-nova-una-historia-de-creixement-a-badalona-i-mes-enlla\/#primaryimage\"},\"thumbnailUrl\":\"https:\/\/jcarchitect.com\/jcarchitect\/wp-content\/uploads\/building-1199586_1280.jpg\",\"inLanguage\":\"ca\"},{\"@type\":\"WebPage\",\"@id\":\"https:\/\/jcarchitect.com\/ca\/inversions-intel%c2%b7ligents-en-obra-nova-una-historia-de-creixement-a-badalona-i-mes-enlla\/\",\"url\":\"https:\/\/jcarchitect.com\/ca\/inversions-intel%c2%b7ligents-en-obra-nova-una-historia-de-creixement-a-badalona-i-mes-enlla\/\",\"name\":\"Inversions Intel\u00b7ligents en Obra Nova: Una Hist\u00f2ria de Creixement a Badalona i M\u00e9s Enll\u00e0 - JC Architect\",\"isPartOf\":{\"@id\":\"https:\/\/jcarchitect.com\/ca\/#website\"},\"primaryImageOfPage\":{\"@id\":\"https:\/\/jcarchitect.com\/ca\/inversions-intel%c2%b7ligents-en-obra-nova-una-historia-de-creixement-a-badalona-i-mes-enlla\/#primaryimage\"},\"image\":{\"@id\":\"https:\/\/jcarchitect.com\/ca\/inversions-intel%c2%b7ligents-en-obra-nova-una-historia-de-creixement-a-badalona-i-mes-enlla\/#primaryimage\"},\"thumbnailUrl\":\"https:\/\/jcarchitect.com\/jcarchitect\/wp-content\/uploads\/building-1199586_1280.jpg\",\"datePublished\":\"2024-10-18T11:52:07+00:00\",\"dateModified\":\"2024-10-18T12:02:35+00:00\",\"breadcrumb\":{\"@id\":\"https:\/\/jcarchitect.com\/ca\/inversions-intel%c2%b7ligents-en-obra-nova-una-historia-de-creixement-a-badalona-i-mes-enlla\/#breadcrumb\"},\"inLanguage\":\"ca\",\"potentialAction\":[{\"@type\":\"ReadAction\",\"target\":[\"https:\/\/jcarchitect.com\/ca\/inversions-intel%c2%b7ligents-en-obra-nova-una-historia-de-creixement-a-badalona-i-mes-enlla\/\"]}]},{\"@type\":\"ImageObject\",\"inLanguage\":\"ca\",\"@id\":\"https:\/\/jcarchitect.com\/ca\/inversions-intel%c2%b7ligents-en-obra-nova-una-historia-de-creixement-a-badalona-i-mes-enlla\/#primaryimage\",\"url\":\"https:\/\/jcarchitect.com\/jcarchitect\/wp-content\/uploads\/building-1199586_1280.jpg\",\"contentUrl\":\"https:\/\/jcarchitect.com\/jcarchitect\/wp-content\/uploads\/building-1199586_1280.jpg\",\"width\":1280,\"height\":960,\"caption\":\"obra nueva\"},{\"@type\":\"BreadcrumbList\",\"@id\":\"https:\/\/jcarchitect.com\/ca\/inversions-intel%c2%b7ligents-en-obra-nova-una-historia-de-creixement-a-badalona-i-mes-enlla\/#breadcrumb\",\"itemListElement\":[{\"@type\":\"ListItem\",\"position\":1,\"name\":\"Home\",\"item\":\"https:\/\/jcarchitect.com\/ca\/\"},{\"@type\":\"ListItem\",\"position\":2,\"name\":\"Inversions Intel\u00b7ligents en Obra Nova: Una Hist\u00f2ria de Creixement a Badalona i M\u00e9s Enll\u00e0\"}]},{\"@type\":\"WebSite\",\"@id\":\"https:\/\/jcarchitect.com\/ca\/#website\",\"url\":\"https:\/\/jcarchitect.com\/ca\/\",\"name\":\"JC Architect\",\"description\":\"Real Estate consultancy Barcelona\",\"publisher\":{\"@id\":\"https:\/\/jcarchitect.com\/ca\/#organization\"},\"potentialAction\":[{\"@type\":\"SearchAction\",\"target\":{\"@type\":\"EntryPoint\",\"urlTemplate\":\"https:\/\/jcarchitect.com\/ca\/?s={search_term_string}\"},\"query-input\":\"required name=search_term_string\"}],\"inLanguage\":\"ca\"},{\"@type\":\"Organization\",\"@id\":\"https:\/\/jcarchitect.com\/ca\/#organization\",\"name\":\"JC Architect\",\"url\":\"https:\/\/jcarchitect.com\/ca\/\",\"logo\":{\"@type\":\"ImageObject\",\"inLanguage\":\"ca\",\"@id\":\"https:\/\/jcarchitect.com\/ca\/#\/schema\/logo\/image\/\",\"url\":\"https:\/\/jcarchitect.com\/jcarchitect\/wp-content\/uploads\/favicon-bg.png\",\"contentUrl\":\"https:\/\/jcarchitect.com\/jcarchitect\/wp-content\/uploads\/favicon-bg.png\",\"width\":144,\"height\":144,\"caption\":\"JC Architect\"},\"image\":{\"@id\":\"https:\/\/jcarchitect.com\/ca\/#\/schema\/logo\/image\/\"}},{\"@type\":\"Person\",\"@id\":\"https:\/\/jcarchitect.com\/ca\/#\/schema\/person\/20907e3bb26e939ac9590141e116d16b\",\"name\":\"Jorge Camprecios\",\"image\":{\"@type\":\"ImageObject\",\"inLanguage\":\"ca\",\"@id\":\"https:\/\/jcarchitect.com\/ca\/#\/schema\/person\/image\/\",\"url\":\"https:\/\/secure.gravatar.com\/avatar\/735d2ecd70608d792216ff82149b74fd?s=96&d=mm&r=g\",\"contentUrl\":\"https:\/\/secure.gravatar.com\/avatar\/735d2ecd70608d792216ff82149b74fd?s=96&d=mm&r=g\",\"caption\":\"Jorge Camprecios\"}}]}<\/script>\n<!-- \/ Yoast SEO plugin. -->","yoast_head_json":{"title":"Inversions Intel\u00b7ligents en Obra Nova: Una Hist\u00f2ria de Creixement a Badalona i M\u00e9s Enll\u00e0 - JC Architect","robots":{"index":"index","follow":"follow","max-snippet":"max-snippet:-1","max-image-preview":"max-image-preview:large","max-video-preview":"max-video-preview:-1"},"canonical":"https:\/\/jcarchitect.com\/ca\/inversions-intel%c2%b7ligents-en-obra-nova-una-historia-de-creixement-a-badalona-i-mes-enlla\/","og_locale":"ca_ES","og_type":"article","og_title":"Inversions Intel\u00b7ligents en Obra Nova: Una Hist\u00f2ria de Creixement a Badalona i M\u00e9s Enll\u00e0 - JC Architect","og_description":"Inversions Intel\u00b7ligents en Obra Nova: Una Hist\u00f2ria de Creixement a Badalona i M\u00e9s Enll\u00e0 La compra d\u2019un habitatge \u00e9s una de les decisions m\u00e9s importants que prenem, tant des d\u2019un punt de vista personal com financer. Com a assessor immobili\u00e0ri, he vist com l\u2019obra nova s\u2019ha consolidat com una de les millors formes d\u2019inversi\u00f3 a [&hellip;]","og_url":"https:\/\/jcarchitect.com\/ca\/inversions-intel%c2%b7ligents-en-obra-nova-una-historia-de-creixement-a-badalona-i-mes-enlla\/","og_site_name":"JC Architect","article_published_time":"2024-10-18T11:52:07+00:00","article_modified_time":"2024-10-18T12:02:35+00:00","og_image":[{"width":1280,"height":960,"url":"https:\/\/jcarchitect.com\/jcarchitect\/wp-content\/uploads\/building-1199586_1280.jpg","type":"image\/jpeg"}],"author":"Jorge Camprecios","twitter_card":"summary_large_image","twitter_misc":{"Escrit per":"Jorge Camprecios","Temps estimat de lectura":"5 minuts"},"schema":{"@context":"https:\/\/schema.org","@graph":[{"@type":"Article","@id":"https:\/\/jcarchitect.com\/ca\/inversions-intel%c2%b7ligents-en-obra-nova-una-historia-de-creixement-a-badalona-i-mes-enlla\/#article","isPartOf":{"@id":"https:\/\/jcarchitect.com\/ca\/inversions-intel%c2%b7ligents-en-obra-nova-una-historia-de-creixement-a-badalona-i-mes-enlla\/"},"author":{"name":"Jorge Camprecios","@id":"https:\/\/jcarchitect.com\/ca\/#\/schema\/person\/20907e3bb26e939ac9590141e116d16b"},"headline":"Inversions Intel\u00b7ligents en Obra Nova: Una Hist\u00f2ria de Creixement a Badalona i M\u00e9s Enll\u00e0","datePublished":"2024-10-18T11:52:07+00:00","dateModified":"2024-10-18T12:02:35+00:00","mainEntityOfPage":{"@id":"https:\/\/jcarchitect.com\/ca\/inversions-intel%c2%b7ligents-en-obra-nova-una-historia-de-creixement-a-badalona-i-mes-enlla\/"},"wordCount":954,"publisher":{"@id":"https:\/\/jcarchitect.com\/ca\/#organization"},"image":{"@id":"https:\/\/jcarchitect.com\/ca\/inversions-intel%c2%b7ligents-en-obra-nova-una-historia-de-creixement-a-badalona-i-mes-enlla\/#primaryimage"},"thumbnailUrl":"https:\/\/jcarchitect.com\/jcarchitect\/wp-content\/uploads\/building-1199586_1280.jpg","inLanguage":"ca"},{"@type":"WebPage","@id":"https:\/\/jcarchitect.com\/ca\/inversions-intel%c2%b7ligents-en-obra-nova-una-historia-de-creixement-a-badalona-i-mes-enlla\/","url":"https:\/\/jcarchitect.com\/ca\/inversions-intel%c2%b7ligents-en-obra-nova-una-historia-de-creixement-a-badalona-i-mes-enlla\/","name":"Inversions Intel\u00b7ligents en Obra Nova: Una Hist\u00f2ria de Creixement a Badalona i M\u00e9s Enll\u00e0 - JC Architect","isPartOf":{"@id":"https:\/\/jcarchitect.com\/ca\/#website"},"primaryImageOfPage":{"@id":"https:\/\/jcarchitect.com\/ca\/inversions-intel%c2%b7ligents-en-obra-nova-una-historia-de-creixement-a-badalona-i-mes-enlla\/#primaryimage"},"image":{"@id":"https:\/\/jcarchitect.com\/ca\/inversions-intel%c2%b7ligents-en-obra-nova-una-historia-de-creixement-a-badalona-i-mes-enlla\/#primaryimage"},"thumbnailUrl":"https:\/\/jcarchitect.com\/jcarchitect\/wp-content\/uploads\/building-1199586_1280.jpg","datePublished":"2024-10-18T11:52:07+00:00","dateModified":"2024-10-18T12:02:35+00:00","breadcrumb":{"@id":"https:\/\/jcarchitect.com\/ca\/inversions-intel%c2%b7ligents-en-obra-nova-una-historia-de-creixement-a-badalona-i-mes-enlla\/#breadcrumb"},"inLanguage":"ca","potentialAction":[{"@type":"ReadAction","target":["https:\/\/jcarchitect.com\/ca\/inversions-intel%c2%b7ligents-en-obra-nova-una-historia-de-creixement-a-badalona-i-mes-enlla\/"]}]},{"@type":"ImageObject","inLanguage":"ca","@id":"https:\/\/jcarchitect.com\/ca\/inversions-intel%c2%b7ligents-en-obra-nova-una-historia-de-creixement-a-badalona-i-mes-enlla\/#primaryimage","url":"https:\/\/jcarchitect.com\/jcarchitect\/wp-content\/uploads\/building-1199586_1280.jpg","contentUrl":"https:\/\/jcarchitect.com\/jcarchitect\/wp-content\/uploads\/building-1199586_1280.jpg","width":1280,"height":960,"caption":"obra nueva"},{"@type":"BreadcrumbList","@id":"https:\/\/jcarchitect.com\/ca\/inversions-intel%c2%b7ligents-en-obra-nova-una-historia-de-creixement-a-badalona-i-mes-enlla\/#breadcrumb","itemListElement":[{"@type":"ListItem","position":1,"name":"Home","item":"https:\/\/jcarchitect.com\/ca\/"},{"@type":"ListItem","position":2,"name":"Inversions Intel\u00b7ligents en Obra Nova: Una Hist\u00f2ria de Creixement a Badalona i M\u00e9s Enll\u00e0"}]},{"@type":"WebSite","@id":"https:\/\/jcarchitect.com\/ca\/#website","url":"https:\/\/jcarchitect.com\/ca\/","name":"JC Architect","description":"Real Estate consultancy Barcelona","publisher":{"@id":"https:\/\/jcarchitect.com\/ca\/#organization"},"potentialAction":[{"@type":"SearchAction","target":{"@type":"EntryPoint","urlTemplate":"https:\/\/jcarchitect.com\/ca\/?s={search_term_string}"},"query-input":"required name=search_term_string"}],"inLanguage":"ca"},{"@type":"Organization","@id":"https:\/\/jcarchitect.com\/ca\/#organization","name":"JC Architect","url":"https:\/\/jcarchitect.com\/ca\/","logo":{"@type":"ImageObject","inLanguage":"ca","@id":"https:\/\/jcarchitect.com\/ca\/#\/schema\/logo\/image\/","url":"https:\/\/jcarchitect.com\/jcarchitect\/wp-content\/uploads\/favicon-bg.png","contentUrl":"https:\/\/jcarchitect.com\/jcarchitect\/wp-content\/uploads\/favicon-bg.png","width":144,"height":144,"caption":"JC Architect"},"image":{"@id":"https:\/\/jcarchitect.com\/ca\/#\/schema\/logo\/image\/"}},{"@type":"Person","@id":"https:\/\/jcarchitect.com\/ca\/#\/schema\/person\/20907e3bb26e939ac9590141e116d16b","name":"Jorge Camprecios","image":{"@type":"ImageObject","inLanguage":"ca","@id":"https:\/\/jcarchitect.com\/ca\/#\/schema\/person\/image\/","url":"https:\/\/secure.gravatar.com\/avatar\/735d2ecd70608d792216ff82149b74fd?s=96&d=mm&r=g","contentUrl":"https:\/\/secure.gravatar.com\/avatar\/735d2ecd70608d792216ff82149b74fd?s=96&d=mm&r=g","caption":"Jorge Camprecios"}}]}},"_links":{"self":[{"href":"https:\/\/jcarchitect.com\/ca\/wp-json\/wp\/v2\/posts\/81688"}],"collection":[{"href":"https:\/\/jcarchitect.com\/ca\/wp-json\/wp\/v2\/posts"}],"about":[{"href":"https:\/\/jcarchitect.com\/ca\/wp-json\/wp\/v2\/types\/post"}],"author":[{"embeddable":true,"href":"https:\/\/jcarchitect.com\/ca\/wp-json\/wp\/v2\/users\/2"}],"replies":[{"embeddable":true,"href":"https:\/\/jcarchitect.com\/ca\/wp-json\/wp\/v2\/comments?post=81688"}],"version-history":[{"count":4,"href":"https:\/\/jcarchitect.com\/ca\/wp-json\/wp\/v2\/posts\/81688\/revisions"}],"predecessor-version":[{"id":81704,"href":"https:\/\/jcarchitect.com\/ca\/wp-json\/wp\/v2\/posts\/81688\/revisions\/81704"}],"wp:featuredmedia":[{"embeddable":true,"href":"https:\/\/jcarchitect.com\/ca\/wp-json\/wp\/v2\/media\/81682"}],"wp:attachment":[{"href":"https:\/\/jcarchitect.com\/ca\/wp-json\/wp\/v2\/media?parent=81688"}],"wp:term":[{"taxonomy":"category","embeddable":true,"href":"https:\/\/jcarchitect.com\/ca\/wp-json\/wp\/v2\/categories?post=81688"},{"taxonomy":"post_tag","embeddable":true,"href":"https:\/\/jcarchitect.com\/ca\/wp-json\/wp\/v2\/tags?post=81688"}],"curies":[{"name":"wp","href":"https:\/\/api.w.org\/{rel}","templated":true}]}}