{"id":63180,"date":"2023-05-03T17:47:50","date_gmt":"2023-05-03T15:47:50","guid":{"rendered":"https:\/\/jcarchitect.com\/?p=63180"},"modified":"2023-05-10T14:15:06","modified_gmt":"2023-05-10T12:15:06","slug":"la-immobiliaria-com-a-inversio","status":"publish","type":"post","link":"https:\/\/jcarchitect.com\/ca\/la-immobiliaria-com-a-inversio\/","title":{"rendered":"La immobili\u00e0ria com a inversi\u00f3"},"content":{"rendered":"<p>Els aspectes positius d\u00b4invertir en immobili\u00e0ria \u00e9s que \u00e9s un actiu tangible. \u00c9s a dir, \u00e9s un producte real, ubicat en una determinada localitzaci\u00f3, \u00e9s longeu i pot donar-ne un \u00fas al llarg de molt de temps. Com a aspecte negatiu destaca el manteniment i el desgast, cosa que implica un cost, a m\u00e9s a m\u00e9s la recuperaci\u00f3 de l'import invertit no sol realitzar-se de manera immediata.<\/p>\n<p>El producte immobiliari \u00e9s molt particular ja que no sempre existeix all\u00f2 que busquem i per tant tampoc all\u00f2 que tenim encaixa a tot el p\u00fablic. No es tracta d'un producte en s\u00e8rie, del qual se'n coneix el preu exacte i la devaluaci\u00f3 o revaloraci\u00f3 en el temps. A m\u00e9s, cal afegir que, per norma general, els imports d'aquest tipus de productes s\u00f3n molt elevats i el finan\u00e7ament pot ser determinant per comprar-lo. Per tant, la relaci\u00f3 del valor de limmoble amb el valor dels diners \u00e9s determinant.<\/p>\n<p>Aix\u00ed mateix, la pol\u00edtica t\u00e9 una incid\u00e8ncia directa en aquest mercat. Cal recordar que \u00e9s un mercat vinculat a la societat ia una de les primeres necessitats. Els actius immobiliaris sempre estan vinculats a una activitat essencial. Poden ser actius residencials, administratius, industrials, etc.<\/p>\n<p>Per tant, estem veient que els par\u00e0metres dinversi\u00f3 s\u00f3n pr\u00e0cticament infinits. Tot i aix\u00f2, nosaltres creiem que la compra d'immobles \u00e9s un tipus d'inversi\u00f3 conservadora que garanteix resultats a llarg termini. No sempre bufen vents favorables per a aquest tipus d'inversions, la fluctuaci\u00f3 del valor dels diners, els costos de construcci\u00f3, la demanda i l'oferta o fins i tot les modes poden determinar l'al\u00e7a o la caiguda d'aquest actiu. Ara b\u00e9, mai no \u00e9s el moment prec\u00eds ni el moment menys indicat. Dependr\u00e0 en gran mesura de la situaci\u00f3 particular de cada inversor.<\/p>\n<p>Tot i aix\u00f2, si analitzem el valor de l'immobiliari al llarg del temps, ens adonarem de la seva important revaloraci\u00f3. Especialment si ho comparem amb productes m\u00e9s vol\u00e0tils, que fins i tot han desaparegut.<\/p>\n<p><a href=\"https:\/\/jcarchitect.com\/ca\/invertir-a-espanya\/\"><strong>Els aspectes positius d\u00b4invertir en immobili\u00e0ria a Espanya.<\/strong><\/a><\/p>\n<p>&nbsp;<\/p>\n","protected":false},"excerpt":{"rendered":"<p>Els aspectes positius d\u00b4invertir en immobili\u00e0ria \u00e9s que \u00e9s un actiu tangible. \u00c9s a dir, \u00e9s un producte real, ubicat en una determinada localitzaci\u00f3, \u00e9s longeu i pot donar-ne un \u00fas al llarg de molt de temps. Com a aspecte negatiu destaca el manteniment i el desgast, cosa que implica un cost, a m\u00e9s a [&hellip;]<\/p>\n","protected":false},"author":2,"featured_media":63169,"comment_status":"closed","ping_status":"closed","sticky":false,"template":"","format":"standard","meta":{"footnotes":""},"categories":[48],"tags":[],"yoast_head":"<!-- This site is optimized with the Yoast SEO plugin v22.6 - https:\/\/yoast.com\/wordpress\/plugins\/seo\/ -->\n<title>La immobili\u00e0ria com a inversi\u00f3 - JC Architect<\/title>\n<meta name=\"robots\" content=\"index, follow, max-snippet:-1, max-image-preview:large, max-video-preview:-1\" \/>\n<link rel=\"canonical\" href=\"https:\/\/jcarchitect.com\/ca\/la-immobiliaria-com-a-inversio\/\" \/>\n<meta property=\"og:locale\" content=\"ca_ES\" \/>\n<meta property=\"og:type\" content=\"article\" \/>\n<meta property=\"og:title\" content=\"La immobili\u00e0ria com a inversi\u00f3 - JC Architect\" \/>\n<meta property=\"og:description\" content=\"Els aspectes positius d\u00b4invertir en immobili\u00e0ria \u00e9s que \u00e9s un actiu tangible. \u00c9s a dir, \u00e9s un producte real, ubicat en una determinada localitzaci\u00f3, \u00e9s longeu i pot donar-ne un \u00fas al llarg de molt de temps. Com a aspecte negatiu destaca el manteniment i el desgast, cosa que implica un cost, a m\u00e9s a [&hellip;]\" \/>\n<meta property=\"og:url\" content=\"https:\/\/jcarchitect.com\/ca\/la-immobiliaria-com-a-inversio\/\" \/>\n<meta property=\"og:site_name\" content=\"JC Architect\" \/>\n<meta property=\"article:published_time\" content=\"2023-05-03T15:47:50+00:00\" \/>\n<meta property=\"article:modified_time\" content=\"2023-05-10T12:15:06+00:00\" \/>\n<meta property=\"og:image\" content=\"https:\/\/jcarchitect.com\/jcarchitect\/wp-content\/uploads\/water-1283963_960_720.jpg\" \/>\n\t<meta property=\"og:image:width\" content=\"1280\" \/>\n\t<meta property=\"og:image:height\" content=\"720\" \/>\n\t<meta property=\"og:image:type\" content=\"image\/jpeg\" \/>\n<meta name=\"author\" content=\"Jorge Camprecios\" \/>\n<meta name=\"twitter:card\" content=\"summary_large_image\" \/>\n<meta name=\"twitter:label1\" content=\"Escrit per\" \/>\n\t<meta name=\"twitter:data1\" content=\"Jorge Camprecios\" \/>\n\t<meta name=\"twitter:label2\" content=\"Temps estimat de lectura\" \/>\n\t<meta name=\"twitter:data2\" content=\"2 minuts\" \/>\n<script type=\"application\/ld+json\" class=\"yoast-schema-graph\">{\"@context\":\"https:\/\/schema.org\",\"@graph\":[{\"@type\":\"Article\",\"@id\":\"https:\/\/jcarchitect.com\/ca\/la-immobiliaria-com-a-inversio\/#article\",\"isPartOf\":{\"@id\":\"https:\/\/jcarchitect.com\/ca\/la-immobiliaria-com-a-inversio\/\"},\"author\":{\"name\":\"Jorge Camprecios\",\"@id\":\"https:\/\/jcarchitect.com\/ca\/#\/schema\/person\/20907e3bb26e939ac9590141e116d16b\"},\"headline\":\"La immobili\u00e0ria com a inversi\u00f3\",\"datePublished\":\"2023-05-03T15:47:50+00:00\",\"dateModified\":\"2023-05-10T12:15:06+00:00\",\"mainEntityOfPage\":{\"@id\":\"https:\/\/jcarchitect.com\/ca\/la-immobiliaria-com-a-inversio\/\"},\"wordCount\":372,\"publisher\":{\"@id\":\"https:\/\/jcarchitect.com\/ca\/#organization\"},\"image\":{\"@id\":\"https:\/\/jcarchitect.com\/ca\/la-immobiliaria-com-a-inversio\/#primaryimage\"},\"thumbnailUrl\":\"https:\/\/jcarchitect.com\/jcarchitect\/wp-content\/uploads\/water-1283963_960_720.jpg\",\"inLanguage\":\"ca\"},{\"@type\":\"WebPage\",\"@id\":\"https:\/\/jcarchitect.com\/ca\/la-immobiliaria-com-a-inversio\/\",\"url\":\"https:\/\/jcarchitect.com\/ca\/la-immobiliaria-com-a-inversio\/\",\"name\":\"La immobili\u00e0ria com a inversi\u00f3 - JC Architect\",\"isPartOf\":{\"@id\":\"https:\/\/jcarchitect.com\/ca\/#website\"},\"primaryImageOfPage\":{\"@id\":\"https:\/\/jcarchitect.com\/ca\/la-immobiliaria-com-a-inversio\/#primaryimage\"},\"image\":{\"@id\":\"https:\/\/jcarchitect.com\/ca\/la-immobiliaria-com-a-inversio\/#primaryimage\"},\"thumbnailUrl\":\"https:\/\/jcarchitect.com\/jcarchitect\/wp-content\/uploads\/water-1283963_960_720.jpg\",\"datePublished\":\"2023-05-03T15:47:50+00:00\",\"dateModified\":\"2023-05-10T12:15:06+00:00\",\"breadcrumb\":{\"@id\":\"https:\/\/jcarchitect.com\/ca\/la-immobiliaria-com-a-inversio\/#breadcrumb\"},\"inLanguage\":\"ca\",\"potentialAction\":[{\"@type\":\"ReadAction\",\"target\":[\"https:\/\/jcarchitect.com\/ca\/la-immobiliaria-com-a-inversio\/\"]}]},{\"@type\":\"ImageObject\",\"inLanguage\":\"ca\",\"@id\":\"https:\/\/jcarchitect.com\/ca\/la-immobiliaria-com-a-inversio\/#primaryimage\",\"url\":\"https:\/\/jcarchitect.com\/jcarchitect\/wp-content\/uploads\/water-1283963_960_720.jpg\",\"contentUrl\":\"https:\/\/jcarchitect.com\/jcarchitect\/wp-content\/uploads\/water-1283963_960_720.jpg\",\"width\":1280,\"height\":720},{\"@type\":\"BreadcrumbList\",\"@id\":\"https:\/\/jcarchitect.com\/ca\/la-immobiliaria-com-a-inversio\/#breadcrumb\",\"itemListElement\":[{\"@type\":\"ListItem\",\"position\":1,\"name\":\"Home\",\"item\":\"https:\/\/jcarchitect.com\/ca\/\"},{\"@type\":\"ListItem\",\"position\":2,\"name\":\"La immobili\u00e0ria com a inversi\u00f3\"}]},{\"@type\":\"WebSite\",\"@id\":\"https:\/\/jcarchitect.com\/ca\/#website\",\"url\":\"https:\/\/jcarchitect.com\/ca\/\",\"name\":\"JC Architect\",\"description\":\"Real Estate consultancy Barcelona\",\"publisher\":{\"@id\":\"https:\/\/jcarchitect.com\/ca\/#organization\"},\"potentialAction\":[{\"@type\":\"SearchAction\",\"target\":{\"@type\":\"EntryPoint\",\"urlTemplate\":\"https:\/\/jcarchitect.com\/ca\/?s={search_term_string}\"},\"query-input\":\"required name=search_term_string\"}],\"inLanguage\":\"ca\"},{\"@type\":\"Organization\",\"@id\":\"https:\/\/jcarchitect.com\/ca\/#organization\",\"name\":\"JC Architect\",\"url\":\"https:\/\/jcarchitect.com\/ca\/\",\"logo\":{\"@type\":\"ImageObject\",\"inLanguage\":\"ca\",\"@id\":\"https:\/\/jcarchitect.com\/ca\/#\/schema\/logo\/image\/\",\"url\":\"https:\/\/jcarchitect.com\/jcarchitect\/wp-content\/uploads\/favicon-bg.png\",\"contentUrl\":\"https:\/\/jcarchitect.com\/jcarchitect\/wp-content\/uploads\/favicon-bg.png\",\"width\":144,\"height\":144,\"caption\":\"JC Architect\"},\"image\":{\"@id\":\"https:\/\/jcarchitect.com\/ca\/#\/schema\/logo\/image\/\"}},{\"@type\":\"Person\",\"@id\":\"https:\/\/jcarchitect.com\/ca\/#\/schema\/person\/20907e3bb26e939ac9590141e116d16b\",\"name\":\"Jorge Camprecios\",\"image\":{\"@type\":\"ImageObject\",\"inLanguage\":\"ca\",\"@id\":\"https:\/\/jcarchitect.com\/ca\/#\/schema\/person\/image\/\",\"url\":\"https:\/\/secure.gravatar.com\/avatar\/735d2ecd70608d792216ff82149b74fd?s=96&d=mm&r=g\",\"contentUrl\":\"https:\/\/secure.gravatar.com\/avatar\/735d2ecd70608d792216ff82149b74fd?s=96&d=mm&r=g\",\"caption\":\"Jorge Camprecios\"}}]}<\/script>\n<!-- \/ Yoast SEO plugin. -->","yoast_head_json":{"title":"La immobili\u00e0ria com a inversi\u00f3 - JC Architect","robots":{"index":"index","follow":"follow","max-snippet":"max-snippet:-1","max-image-preview":"max-image-preview:large","max-video-preview":"max-video-preview:-1"},"canonical":"https:\/\/jcarchitect.com\/ca\/la-immobiliaria-com-a-inversio\/","og_locale":"ca_ES","og_type":"article","og_title":"La immobili\u00e0ria com a inversi\u00f3 - JC Architect","og_description":"Els aspectes positius d\u00b4invertir en immobili\u00e0ria \u00e9s que \u00e9s un actiu tangible. \u00c9s a dir, \u00e9s un producte real, ubicat en una determinada localitzaci\u00f3, \u00e9s longeu i pot donar-ne un \u00fas al llarg de molt de temps. Com a aspecte negatiu destaca el manteniment i el desgast, cosa que implica un cost, a m\u00e9s a [&hellip;]","og_url":"https:\/\/jcarchitect.com\/ca\/la-immobiliaria-com-a-inversio\/","og_site_name":"JC Architect","article_published_time":"2023-05-03T15:47:50+00:00","article_modified_time":"2023-05-10T12:15:06+00:00","og_image":[{"width":1280,"height":720,"url":"https:\/\/jcarchitect.com\/jcarchitect\/wp-content\/uploads\/water-1283963_960_720.jpg","type":"image\/jpeg"}],"author":"Jorge Camprecios","twitter_card":"summary_large_image","twitter_misc":{"Escrit per":"Jorge Camprecios","Temps estimat de lectura":"2 minuts"},"schema":{"@context":"https:\/\/schema.org","@graph":[{"@type":"Article","@id":"https:\/\/jcarchitect.com\/ca\/la-immobiliaria-com-a-inversio\/#article","isPartOf":{"@id":"https:\/\/jcarchitect.com\/ca\/la-immobiliaria-com-a-inversio\/"},"author":{"name":"Jorge Camprecios","@id":"https:\/\/jcarchitect.com\/ca\/#\/schema\/person\/20907e3bb26e939ac9590141e116d16b"},"headline":"La immobili\u00e0ria com a inversi\u00f3","datePublished":"2023-05-03T15:47:50+00:00","dateModified":"2023-05-10T12:15:06+00:00","mainEntityOfPage":{"@id":"https:\/\/jcarchitect.com\/ca\/la-immobiliaria-com-a-inversio\/"},"wordCount":372,"publisher":{"@id":"https:\/\/jcarchitect.com\/ca\/#organization"},"image":{"@id":"https:\/\/jcarchitect.com\/ca\/la-immobiliaria-com-a-inversio\/#primaryimage"},"thumbnailUrl":"https:\/\/jcarchitect.com\/jcarchitect\/wp-content\/uploads\/water-1283963_960_720.jpg","inLanguage":"ca"},{"@type":"WebPage","@id":"https:\/\/jcarchitect.com\/ca\/la-immobiliaria-com-a-inversio\/","url":"https:\/\/jcarchitect.com\/ca\/la-immobiliaria-com-a-inversio\/","name":"La immobili\u00e0ria com a inversi\u00f3 - JC Architect","isPartOf":{"@id":"https:\/\/jcarchitect.com\/ca\/#website"},"primaryImageOfPage":{"@id":"https:\/\/jcarchitect.com\/ca\/la-immobiliaria-com-a-inversio\/#primaryimage"},"image":{"@id":"https:\/\/jcarchitect.com\/ca\/la-immobiliaria-com-a-inversio\/#primaryimage"},"thumbnailUrl":"https:\/\/jcarchitect.com\/jcarchitect\/wp-content\/uploads\/water-1283963_960_720.jpg","datePublished":"2023-05-03T15:47:50+00:00","dateModified":"2023-05-10T12:15:06+00:00","breadcrumb":{"@id":"https:\/\/jcarchitect.com\/ca\/la-immobiliaria-com-a-inversio\/#breadcrumb"},"inLanguage":"ca","potentialAction":[{"@type":"ReadAction","target":["https:\/\/jcarchitect.com\/ca\/la-immobiliaria-com-a-inversio\/"]}]},{"@type":"ImageObject","inLanguage":"ca","@id":"https:\/\/jcarchitect.com\/ca\/la-immobiliaria-com-a-inversio\/#primaryimage","url":"https:\/\/jcarchitect.com\/jcarchitect\/wp-content\/uploads\/water-1283963_960_720.jpg","contentUrl":"https:\/\/jcarchitect.com\/jcarchitect\/wp-content\/uploads\/water-1283963_960_720.jpg","width":1280,"height":720},{"@type":"BreadcrumbList","@id":"https:\/\/jcarchitect.com\/ca\/la-immobiliaria-com-a-inversio\/#breadcrumb","itemListElement":[{"@type":"ListItem","position":1,"name":"Home","item":"https:\/\/jcarchitect.com\/ca\/"},{"@type":"ListItem","position":2,"name":"La immobili\u00e0ria com a inversi\u00f3"}]},{"@type":"WebSite","@id":"https:\/\/jcarchitect.com\/ca\/#website","url":"https:\/\/jcarchitect.com\/ca\/","name":"JC Architect","description":"Real Estate consultancy Barcelona","publisher":{"@id":"https:\/\/jcarchitect.com\/ca\/#organization"},"potentialAction":[{"@type":"SearchAction","target":{"@type":"EntryPoint","urlTemplate":"https:\/\/jcarchitect.com\/ca\/?s={search_term_string}"},"query-input":"required name=search_term_string"}],"inLanguage":"ca"},{"@type":"Organization","@id":"https:\/\/jcarchitect.com\/ca\/#organization","name":"JC Architect","url":"https:\/\/jcarchitect.com\/ca\/","logo":{"@type":"ImageObject","inLanguage":"ca","@id":"https:\/\/jcarchitect.com\/ca\/#\/schema\/logo\/image\/","url":"https:\/\/jcarchitect.com\/jcarchitect\/wp-content\/uploads\/favicon-bg.png","contentUrl":"https:\/\/jcarchitect.com\/jcarchitect\/wp-content\/uploads\/favicon-bg.png","width":144,"height":144,"caption":"JC Architect"},"image":{"@id":"https:\/\/jcarchitect.com\/ca\/#\/schema\/logo\/image\/"}},{"@type":"Person","@id":"https:\/\/jcarchitect.com\/ca\/#\/schema\/person\/20907e3bb26e939ac9590141e116d16b","name":"Jorge Camprecios","image":{"@type":"ImageObject","inLanguage":"ca","@id":"https:\/\/jcarchitect.com\/ca\/#\/schema\/person\/image\/","url":"https:\/\/secure.gravatar.com\/avatar\/735d2ecd70608d792216ff82149b74fd?s=96&d=mm&r=g","contentUrl":"https:\/\/secure.gravatar.com\/avatar\/735d2ecd70608d792216ff82149b74fd?s=96&d=mm&r=g","caption":"Jorge Camprecios"}}]}},"_links":{"self":[{"href":"https:\/\/jcarchitect.com\/ca\/wp-json\/wp\/v2\/posts\/63180"}],"collection":[{"href":"https:\/\/jcarchitect.com\/ca\/wp-json\/wp\/v2\/posts"}],"about":[{"href":"https:\/\/jcarchitect.com\/ca\/wp-json\/wp\/v2\/types\/post"}],"author":[{"embeddable":true,"href":"https:\/\/jcarchitect.com\/ca\/wp-json\/wp\/v2\/users\/2"}],"replies":[{"embeddable":true,"href":"https:\/\/jcarchitect.com\/ca\/wp-json\/wp\/v2\/comments?post=63180"}],"version-history":[{"count":4,"href":"https:\/\/jcarchitect.com\/ca\/wp-json\/wp\/v2\/posts\/63180\/revisions"}],"predecessor-version":[{"id":63704,"href":"https:\/\/jcarchitect.com\/ca\/wp-json\/wp\/v2\/posts\/63180\/revisions\/63704"}],"wp:featuredmedia":[{"embeddable":true,"href":"https:\/\/jcarchitect.com\/ca\/wp-json\/wp\/v2\/media\/63169"}],"wp:attachment":[{"href":"https:\/\/jcarchitect.com\/ca\/wp-json\/wp\/v2\/media?parent=63180"}],"wp:term":[{"taxonomy":"category","embeddable":true,"href":"https:\/\/jcarchitect.com\/ca\/wp-json\/wp\/v2\/categories?post=63180"},{"taxonomy":"post_tag","embeddable":true,"href":"https:\/\/jcarchitect.com\/ca\/wp-json\/wp\/v2\/tags?post=63180"}],"curies":[{"name":"wp","href":"https:\/\/api.w.org\/{rel}","templated":true}]}}